{"id":109069,"date":"2025-05-18T10:01:10","date_gmt":"2025-05-18T10:01:10","guid":{"rendered":"https:\/\/www.europesays.com\/fr\/109069\/"},"modified":"2025-05-18T10:01:10","modified_gmt":"2025-05-18T10:01:10","slug":"bouger-avec-bebe-cest-possible","status":"publish","type":"post","link":"https:\/\/www.europesays.com\/fr\/109069\/","title":{"rendered":"bouger avec b\u00e9b\u00e9, c&rsquo;est possible"},"content":{"rendered":"<p>Le Kangatraining est une activit\u00e9 sportive postnatale qui permet aux jeunes mamans de reprendre en douceur une activit\u00e9 physique, tout en gardant leur b\u00e9b\u00e9 contre elles, en porte-b\u00e9b\u00e9. \u00c0 Nancy, Gabrielle Juste, \u00e9ducatrice sportive certifi\u00e9e, propose ces s\u00e9ances dynamiques et bienveillantes pour renforcer le corps apr\u00e8s l&rsquo;accouchement, tout en cr\u00e9ant du lien avec son enfant. Les cours sont \u00e9galement disponibles en visioconf\u00e9rence.\u00a0<\/p>\n","protected":false},"excerpt":{"rendered":"Le Kangatraining est une activit\u00e9 sportive postnatale qui permet aux jeunes mamans de reprendre en douceur une activit\u00e9&hellip;\n","protected":false},"author":2,"featured_media":109070,"comment_status":"","ping_status":"","sticky":false,"template":"","format":"standard","meta":{"footnotes":""},"categories":[9635],"tags":[1111,11,1687,1704,1777,674,1011,27,5325,2798,775,1757,1702,12,25],"class_list":{"0":"post-109069","1":"post","2":"type-post","3":"status-publish","4":"format-standard","5":"has-post-thumbnail","7":"category-nancy","8":"tag-actu","9":"tag-actualites","10":"tag-culture-loisirs","11":"tag-edition-nancy-et-agglomeration","12":"tag-eu","13":"tag-europe","14":"tag-fr","15":"tag-france","16":"tag-galerie-media","17":"tag-galerie-photo","18":"tag-grand-est","19":"tag-insolite","20":"tag-nancy","21":"tag-news","22":"tag-republique-francaise"},"share_on_mastodon":{"url":"https:\/\/pubeurope.com\/@fr\/114528261473101004","error":""},"_links":{"self":[{"href":"https:\/\/www.europesays.com\/fr\/wp-json\/wp\/v2\/posts\/109069","targetHints":{"allow":["GET"]}}],"collection":[{"href":"https:\/\/www.europesays.com\/fr\/wp-json\/wp\/v2\/posts"}],"about":[{"href":"https:\/\/www.europesays.com\/fr\/wp-json\/wp\/v2\/types\/post"}],"author":[{"embeddable":true,"href":"https:\/\/www.europesays.com\/fr\/wp-json\/wp\/v2\/users\/2"}],"replies":[{"embeddable":true,"href":"https:\/\/www.europesays.com\/fr\/wp-json\/wp\/v2\/comments?post=109069"}],"version-history":[{"count":0,"href":"https:\/\/www.europesays.com\/fr\/wp-json\/wp\/v2\/posts\/109069\/revisions"}],"wp:featuredmedia":[{"embeddable":true,"href":"https:\/\/www.europesays.com\/fr\/wp-json\/wp\/v2\/media\/109070"}],"wp:attachment":[{"href":"https:\/\/www.europesays.com\/fr\/wp-json\/wp\/v2\/media?parent=109069"}],"wp:term":[{"taxonomy":"category","embeddable":true,"href":"https:\/\/www.europesays.com\/fr\/wp-json\/wp\/v2\/categories?post=109069"},{"taxonomy":"post_tag","embeddable":true,"href":"https:\/\/www.europesays.com\/fr\/wp-json\/wp\/v2\/tags?post=109069"}],"curies":[{"name":"wp","href":"https:\/\/api.w.org\/{rel}","templated":true}]}}