{"id":109073,"date":"2025-05-18T10:04:08","date_gmt":"2025-05-18T10:04:08","guid":{"rendered":"https:\/\/www.europesays.com\/fr\/109073\/"},"modified":"2025-05-18T10:04:08","modified_gmt":"2025-05-18T10:04:08","slug":"ca-commence-a-me-gonfler-mignoni-exaspere-apres-la-troisieme-defaite-de-rang-de-toulon","status":"publish","type":"post","link":"https:\/\/www.europesays.com\/fr\/109073\/","title":{"rendered":"\u00ab\u00c7a commence \u00e0 me gonfler\u00bb, Mignoni exasp\u00e9r\u00e9 apr\u00e8s la troisi\u00e8me d\u00e9faite de rang de Toulon"},"content":{"rendered":"<p>Le club varois, toujours troisi\u00e8me au classement, a conc\u00e9d\u00e9 \u00e0 Pau (25-21) une troisi\u00e8me d\u00e9faite de rang en championnat.<\/p>\n<p class=\"fig-paragraph\">Solidement install\u00e9 \u00e0 la troisi\u00e8me place depuis plusieurs mois, Toulon peut se f\u00e9liciter d\u2019avoir fait le plein t\u00f4t dans la saison\u00a0:\u00a0<a href=\"http:\/\/www.lefigaro.fr\/sports\/rugby\/top-14\/top-14-le-stade-francais-heroique-toulon-n-y-arrive-plus-les-resutats-du-multiplex-20250517\" data-fig-type=\"NewsFlash\" data-gtm-custom-categorie=\"navigation\" data-gtm-custom-action=\"crossclick\" data-gtm-custom-label=\"Contextuel\" data-gtm-event=\"customEventSPE\" data-fig-domain=\"LEFIGARO\" target=\"_blank\" rel=\"noopener\">les Varois ont encha\u00een\u00e9 un troisi\u00e8me revers de rang<\/a>, battus ce samedi \u00e0 Pau 25-21. Apr\u00e8s leur revers \u00e0 Vannes (29-19) et la d\u00e9monstration toulousaine subie au V\u00e9lodrome (50-16), le RCT \u00e9tait men\u00e9 25-0 apr\u00e8s 50 minutes. Une r\u00e9action trop tardive leur permet de repartir avec un point du B\u00e9arn, alors que\u00a0<a href=\"https:\/\/www.lefigaro.fr\/sports\/rugby\/top-14\/classement\" target=\"_blank\" rel=\"noopener\" data-gtm-custom-categorie=\"navigation\" data-gtm-custom-action=\"crossclick\" data-gtm-custom-label=\"Contextuel\" data-gtm-event=\"customEventSPE\">Bayonne n\u2019est plus qu\u2019\u00e0 quatre unit\u00e9s<\/a>.<\/p>\n<p class=\"fig-paragraph\">\u00c0 l\u2019issue du match au Hameau, le manager varois\u00a0<a href=\"http:\/\/www.lefigaro.fr\/sports\/rugby\/top-14\/pierre-mignoni-entraineur-de-toulon-mes-joueurs-je-les-aime-20250326\" data-fig-type=\"Article\" data-gtm-custom-categorie=\"navigation\" data-gtm-custom-action=\"crossclick\" data-gtm-custom-label=\"Contextuel\" data-gtm-event=\"customEventSPE\" data-fig-domain=\"LEFIGARO\" target=\"_blank\" rel=\"noopener\">Pierre Mignoni<\/a>\u00a0n\u2019a pas cach\u00e9 sa col\u00e8re en conf\u00e9rence de presse. \u00ab\u00c0 la pause, on a dit \u00e0 tout le monde que la premi\u00e8re mi-temps n\u2019\u00e9tait pas du tout acceptable. Les Palois ont le droit de bien jouer et de marquer des essais, mais nous n\u2019avons pas le droit de faire ce que nous avons fait en premi\u00e8re mi-temps. Donc \u00e7a commence \u00e0 me gonfler.\u00bb<\/p>\n<p class=\"fig-paragraph\">\u00abOn a bien r\u00e9agi en seconde mi-temps et \u00e7a me rassure car cette \u00e9quipe est capable. On n\u2019est pas troisi\u00e8me pour rien. Mais depuis un mois on est dans le dur, a-t-il reconnu. Si on rumine sans arr\u00eat d\u2019\u00eatre dans le dur, \u00e7a nourrit la d\u00e9ception et les regrets, ce que nous avons \u00e0 la fin du match. Des regrets, ils en auront toute leur vie s\u2019ils n\u2019appuient pas sur le champignon, surtout avec cette fin de saison qui s\u2019annonce tr\u00e8s excitante, \u00e0 commencer par le prochain match.\u00bb<\/p>\n","protected":false},"excerpt":{"rendered":"Le club varois, toujours troisi\u00e8me au classement, a conc\u00e9d\u00e9 \u00e0 Pau (25-21) une troisi\u00e8me d\u00e9faite de rang en&hellip;\n","protected":false},"author":2,"featured_media":109074,"comment_status":"","ping_status":"","sticky":false,"template":"","format":"standard","meta":{"footnotes":""},"categories":[9619],"tags":[1111,11,525,4590,1981,2313,814,1777,674,1011,27,955,12,4589,882,2311,3461,25,1980,479,10405,2259,478,2310,2312],"class_list":{"0":"post-109073","1":"post","2":"type-post","3":"status-publish","4":"format-standard","5":"has-post-thumbnail","7":"category-toulon","8":"tag-actu","9":"tag-actualites","10":"tag-calendrier","11":"tag-championnat-france","12":"tag-classement","13":"tag-clermont","14":"tag-direct","15":"tag-eu","16":"tag-europe","17":"tag-fr","18":"tag-france","19":"tag-match","20":"tag-news","21":"tag-phase-finale","22":"tag-provence-alpes-cote-dazur","23":"tag-racing","24":"tag-rct","25":"tag-republique-francaise","26":"tag-resultats","27":"tag-rugby","28":"tag-rugby-club-toulonnais","29":"tag-score","30":"tag-top-14","31":"tag-toulon","32":"tag-toulouse"},"share_on_mastodon":{"url":"https:\/\/pubeurope.com\/@fr\/114528273226121641","error":""},"_links":{"self":[{"href":"https:\/\/www.europesays.com\/fr\/wp-json\/wp\/v2\/posts\/109073","targetHints":{"allow":["GET"]}}],"collection":[{"href":"https:\/\/www.europesays.com\/fr\/wp-json\/wp\/v2\/posts"}],"about":[{"href":"https:\/\/www.europesays.com\/fr\/wp-json\/wp\/v2\/types\/post"}],"author":[{"embeddable":true,"href":"https:\/\/www.europesays.com\/fr\/wp-json\/wp\/v2\/users\/2"}],"replies":[{"embeddable":true,"href":"https:\/\/www.europesays.com\/fr\/wp-json\/wp\/v2\/comments?post=109073"}],"version-history":[{"count":0,"href":"https:\/\/www.europesays.com\/fr\/wp-json\/wp\/v2\/posts\/109073\/revisions"}],"wp:featuredmedia":[{"embeddable":true,"href":"https:\/\/www.europesays.com\/fr\/wp-json\/wp\/v2\/media\/109074"}],"wp:attachment":[{"href":"https:\/\/www.europesays.com\/fr\/wp-json\/wp\/v2\/media?parent=109073"}],"wp:term":[{"taxonomy":"category","embeddable":true,"href":"https:\/\/www.europesays.com\/fr\/wp-json\/wp\/v2\/categories?post=109073"},{"taxonomy":"post_tag","embeddable":true,"href":"https:\/\/www.europesays.com\/fr\/wp-json\/wp\/v2\/tags?post=109073"}],"curies":[{"name":"wp","href":"https:\/\/api.w.org\/{rel}","templated":true}]}}