{"id":1090737,"date":"2026-07-27T12:00:30","date_gmt":"2026-07-27T12:00:30","guid":{"rendered":"https:\/\/www.europesays.com\/fr\/1090737\/"},"modified":"2026-07-27T12:00:30","modified_gmt":"2026-07-27T12:00:30","slug":"marseille-a-fait-une-offre-pour-raul-asencio","status":"publish","type":"post","link":"https:\/\/www.europesays.com\/fr\/1090737\/","title":{"rendered":"Marseille a fait une offre pour Ra\u00fal Asencio"},"content":{"rendered":"<p style=\"text-align: justify;\"><strong>TRANSFERTS LIGUE 1 \u2013 Selon <a href=\"https:\/\/www.fichajes.net\/noticias\/real-madrid-recibe-oferta-raul-asencio-20260725.html\" target=\"_blank\" rel=\"noopener nofollow\">Fichajes<\/a>, l\u2019Olympique de Marseille a formul\u00e9 une offre au Real Madrid pour Ra\u00fal Asencio.<\/strong><\/p>\n<p style=\"text-align: justify;\">Le mercato de l\u2019<strong>Olympique de Marseille<\/strong> n\u2019a toujours pas vraiment d\u00e9marr\u00e9 dans le sens des arriv\u00e9es. Il faut dire que les Olympiens peinent \u00e0 vendre les joueurs ind\u00e9sirables et ont besoin de faire entrer des liquidit\u00e9s pour pouvoir ensuite recruter. L\u2019<strong>OM<\/strong> doit aussi all\u00e9ger sa masse salariale en se s\u00e9parant de gros salaires, comme celui de <strong>Pierre-Emile H\u00f8jbjerg<\/strong>.<\/p>\n<p><a href=\"https:\/\/dicodusport.fr\/blog\/mercato-om-2026-2027-le-tableau-complet-des-transferts-arrivees-et-departs\/\" class=\"vlp-link\" title=\"Mercato OM 2026-2027 : Le tableau complet des transferts, arriv\u00e9es et d\u00e9parts\" rel=\"nofollow noopener\" target=\"_blank\"><img loading=\"lazy\" decoding=\"async\" style=\"max-width: 792px;\" width=\"792\" height=\"445\" class=\"attachment-800x445 size-800x445 perfmatters-lazy\" alt=\"Mercato OM 2026-2027 Le tableau complet des transferts, arriv\u00e9es et d\u00e9parts\" src=\"https:\/\/www.europesays.com\/fr\/wp-content\/uploads\/2026\/07\/Mercato-OM-2026-2027-Le-tableau-complet-des-transferts-arrivees-et-departs.png\"  data-\/><\/p>\n<p>Mercato OM 2026-2027 : Le tableau complet des transferts, arriv\u00e9es et d\u00e9parts<\/p>\n<p>TRANSFERTS OM &#8211; Retrouvez tous les mouvements de l&rsquo;Olympique de Marseille pour l&rsquo;intersaison 2026 en Ligue 1. Arriv\u00e9es, d\u00e9parts, pr\u00eats, transferts d\u00e9finitifs, ne ratez rien du mercato estival.\u00a0<\/p>\n<p>Lire l&rsquo;article<\/p>\n<p>dicodusport.fr<\/p>\n<p>Marseille piste Ra\u00fal Asencio<\/p>\n<p style=\"text-align: justify;\">L\u2019avenir de <strong>Nayef Aguerd<\/strong> est incertain. Le Marocain disposerait d\u2019une clause fix\u00e9e \u00e0 15 millions d\u2019euros pour quitter le sud de la France. Les Olympiens doivent donc se mettre en qu\u00eate d\u2019au moins un d\u00e9fenseur central. Selon nos confr\u00e8res, le club de Ligue 1 a formul\u00e9 une premi\u00e8re offre au <strong>Real Madrid<\/strong> pour le d\u00e9fenseur espagnol <strong>Ra\u00fal Asencio<\/strong>.<\/p>\n<p style=\"text-align: justify;\">Bien que tr\u00e8s prometteur, il a souvent \u00e9t\u00e9 d\u00e9cri\u00e9 au cours des derniers mois. Ra\u00fal Asencio ne figurerait pas forc\u00e9ment dans les plans de <strong>Jos\u00e9 Mourinho<\/strong> pour la saison \u00e0 venir. L\u2019<strong>OM<\/strong> aurait propos\u00e9 un pr\u00eat avec option d\u2019achat obligatoire \u00e0 hauteur de 15 millions d\u2019euros. Le salaire du joueur serait \u00e9galement pris en charge par les <strong>Phoc\u00e9ens<\/strong>. Pour le moment, le <strong>Real Madrid<\/strong> n\u2019a pas encore d\u00e9cid\u00e9 s\u2019il souhaitait conserver son joueur ou non.<\/p>\n","protected":false},"excerpt":{"rendered":"TRANSFERTS LIGUE 1 \u2013 Selon Fichajes, l\u2019Olympique de Marseille a formul\u00e9 une offre au Real Madrid pour Ra\u00fal&hellip;\n","protected":false},"author":2,"featured_media":1090738,"comment_status":"","ping_status":"","sticky":false,"template":"","format":"standard","meta":{"footnotes":"","_share_on_mastodon":"0"},"categories":[2814],"tags":[1111,11,2113,1777,674,1011,27,884,12,149,882,25,112495,48444],"class_list":["post-1090737","post","type-post","status-publish","format-standard","has-post-thumbnail","category-marseille","tag-actu","tag-actualites","tag-breve","tag-eu","tag-europe","tag-fr","tag-france","tag-marseille","tag-news","tag-om","tag-provence-alpes-cote-dazur","tag-republique-francaise","tag-transferts-ligue-1","tag-transferts-om"],"share_on_mastodon":{"url":"https:\/\/pubeurope.com\/@fr\/116991836596229352","error":""},"_links":{"self":[{"href":"https:\/\/www.europesays.com\/fr\/wp-json\/wp\/v2\/posts\/1090737","targetHints":{"allow":["GET"]}}],"collection":[{"href":"https:\/\/www.europesays.com\/fr\/wp-json\/wp\/v2\/posts"}],"about":[{"href":"https:\/\/www.europesays.com\/fr\/wp-json\/wp\/v2\/types\/post"}],"author":[{"embeddable":true,"href":"https:\/\/www.europesays.com\/fr\/wp-json\/wp\/v2\/users\/2"}],"replies":[{"embeddable":true,"href":"https:\/\/www.europesays.com\/fr\/wp-json\/wp\/v2\/comments?post=1090737"}],"version-history":[{"count":0,"href":"https:\/\/www.europesays.com\/fr\/wp-json\/wp\/v2\/posts\/1090737\/revisions"}],"wp:featuredmedia":[{"embeddable":true,"href":"https:\/\/www.europesays.com\/fr\/wp-json\/wp\/v2\/media\/1090738"}],"wp:attachment":[{"href":"https:\/\/www.europesays.com\/fr\/wp-json\/wp\/v2\/media?parent=1090737"}],"wp:term":[{"taxonomy":"category","embeddable":true,"href":"https:\/\/www.europesays.com\/fr\/wp-json\/wp\/v2\/categories?post=1090737"},{"taxonomy":"post_tag","embeddable":true,"href":"https:\/\/www.europesays.com\/fr\/wp-json\/wp\/v2\/tags?post=1090737"}],"curies":[{"name":"wp","href":"https:\/\/api.w.org\/{rel}","templated":true}]}}