{"id":109083,"date":"2025-05-18T10:10:36","date_gmt":"2025-05-18T10:10:36","guid":{"rendered":"https:\/\/www.europesays.com\/fr\/109083\/"},"modified":"2025-05-18T10:10:36","modified_gmt":"2025-05-18T10:10:36","slug":"en-images-un-public-nombreux-un-hommage-aux-partants-et-douze-essais-revivez-la-victoire-du-fcg-face-a-nevers","status":"publish","type":"post","link":"https:\/\/www.europesays.com\/fr\/109083\/","title":{"rendered":"En images. Un public nombreux, un hommage aux partants et douze essais&#8230; revivez la victoire du FCG face \u00e0 Nevers"},"content":{"rendered":"<p>Pour ce dernier match de la saison \u00e0 domicile, les Grenoblois ont r\u00e9ussi \u00e0 maintenir le suspense jusqu&rsquo;au bout face \u00e0 Nevers, vendredi au Stade des Alpes. La premi\u00e8re partie de cette 30e journ\u00e9e de Pro D2 a \u00e9t\u00e9 ma\u00eetris\u00e9e par les Is\u00e9rois, avant que l&rsquo;USON ne renverse la tendance et fasse craindre le pire au FCG. Finalement, c&rsquo;est en derni\u00e8re partie de match que les Rouge et Bleu ont enfonc\u00e9 le clou pour si&rsquo;mposer 51 \u00e0 42. Retour en images sur cette soir\u00e9e.\u00a0<\/p>\n","protected":false},"excerpt":{"rendered":"Pour ce dernier match de la saison \u00e0 domicile, les Grenoblois ont r\u00e9ussi \u00e0 maintenir le suspense jusqu&rsquo;au&hellip;\n","protected":false},"author":2,"featured_media":109084,"comment_status":"","ping_status":"","sticky":false,"template":"","format":"standard","meta":{"footnotes":""},"categories":[9566],"tags":[1111,11,2430,112,113,114,1777,674,2727,1701,17649,1795,1011,27,5325,2798,9540,2731,2732,108,1985,12,2308,25,479,517,1947],"class_list":{"0":"post-109083","1":"post","2":"type-post","3":"status-publish","4":"format-standard","5":"has-post-thumbnail","7":"category-grenoble","8":"tag-actu","9":"tag-actualites","10":"tag-auvergne-rhone-alpes","11":"tag-edition-grenoble-agglomeration","12":"tag-edition-gresivaudan-oisans","13":"tag-edition-voiron-saint-marcellin","14":"tag-eu","15":"tag-europe","16":"tag-fcg-fc-grenoble-rugby","17":"tag-fil-info-sport","18":"tag-fil-print","19":"tag-fil-web","20":"tag-fr","21":"tag-france","22":"tag-galerie-media","23":"tag-galerie-photo","24":"tag-galerie-sport","25":"tag-grenoble","26":"tag-grenoble-bassin","27":"tag-isere","28":"tag-metropole-de-grenoble","29":"tag-news","30":"tag-pro-d2","31":"tag-republique-francaise","32":"tag-rugby","33":"tag-sport","34":"tag-sport-national"},"share_on_mastodon":{"url":"https:\/\/pubeurope.com\/@fr\/114528296795462019","error":""},"_links":{"self":[{"href":"https:\/\/www.europesays.com\/fr\/wp-json\/wp\/v2\/posts\/109083","targetHints":{"allow":["GET"]}}],"collection":[{"href":"https:\/\/www.europesays.com\/fr\/wp-json\/wp\/v2\/posts"}],"about":[{"href":"https:\/\/www.europesays.com\/fr\/wp-json\/wp\/v2\/types\/post"}],"author":[{"embeddable":true,"href":"https:\/\/www.europesays.com\/fr\/wp-json\/wp\/v2\/users\/2"}],"replies":[{"embeddable":true,"href":"https:\/\/www.europesays.com\/fr\/wp-json\/wp\/v2\/comments?post=109083"}],"version-history":[{"count":0,"href":"https:\/\/www.europesays.com\/fr\/wp-json\/wp\/v2\/posts\/109083\/revisions"}],"wp:featuredmedia":[{"embeddable":true,"href":"https:\/\/www.europesays.com\/fr\/wp-json\/wp\/v2\/media\/109084"}],"wp:attachment":[{"href":"https:\/\/www.europesays.com\/fr\/wp-json\/wp\/v2\/media?parent=109083"}],"wp:term":[{"taxonomy":"category","embeddable":true,"href":"https:\/\/www.europesays.com\/fr\/wp-json\/wp\/v2\/categories?post=109083"},{"taxonomy":"post_tag","embeddable":true,"href":"https:\/\/www.europesays.com\/fr\/wp-json\/wp\/v2\/tags?post=109083"}],"curies":[{"name":"wp","href":"https:\/\/api.w.org\/{rel}","templated":true}]}}