{"id":109087,"date":"2025-05-18T10:14:25","date_gmt":"2025-05-18T10:14:25","guid":{"rendered":"https:\/\/www.europesays.com\/fr\/109087\/"},"modified":"2025-05-18T10:14:25","modified_gmt":"2025-05-18T10:14:25","slug":"strasbourg-un-ancien-president-de-la-croix-rouge-accuse-dabus-sexuels-sur-une-femme-de-menage-2","status":"publish","type":"post","link":"https:\/\/www.europesays.com\/fr\/109087\/","title":{"rendered":"Strasbourg. Un ancien pr\u00e9sident de la Croix-Rouge accus\u00e9 d\u2019abus sexuels sur une femme de m\u00e9nage"},"content":{"rendered":"<p>\u00ab\u00a0C\u2019est profond\u00e9ment ridicule\u00a0\u00bb, \u00ab\u00a0compl\u00e8tement d\u00e9bile\u00a0\u00bb, \u00ab\u00a0du n\u2019importe quoi\u00a0\u00bb, \u00ab\u00a0du vrai cin\u00e9ma\u00a0\u00bb. De sa premi\u00e8re audition par les enqu\u00eateurs, en octobre\u00a02021, jusqu\u2019\u00e0 son interrogatoire dans le cabinet du juge d\u2019instruction, en f\u00e9vrier\u00a02024, Armand Perego a r\u00e9fut\u00e9 avec vigueur l\u2019ensemble des accusations port\u00e9es contre lui par une femme qu\u2019il a c\u00f4toy\u00e9e des ann\u00e9es durant \u00e0 la Croix-Rouge de Strasbourg.<\/p>\n<p>Employ\u00e9e en qualit\u00e9 d\u2019agent d\u2019entretien \u00e0 partir de 2011, la plaignante travaillait \u00e0 raison d\u2019une vingtaine d\u2019heures par semaine dans les locaux de la rue Schweighaeuser. Elle a d\u00e9nonc\u00e9 des agressions sexuelles de la part d\u2019Armand Perego qui auraient d\u00e9but\u00e9 en 2013, de mani\u00e8re r\u00e9guli\u00e8re et selon un mode op\u00e9ratoire constant. Les faits se seraient \u00e9tal\u00e9s sur une p\u00e9riode de cinq ans environ.<\/p>\n<p>Chantage au licenciement<\/p>\n<p>L\u2019\u00e9pisode initial, comme tous ceux qui seraient survenus par la suite, se serait d\u00e9roul\u00e9 dans le bureau de celui qui cumulait alors la <a href=\"http:\/\/www.dna.fr\/bas-rhin\/2010\/08\/15\/armand-perego-45-ans-de-benevolat\" target=\"_blank\" rel=\"noopener\">pr\u00e9si&#8230;<\/a><\/p>\n","protected":false},"excerpt":{"rendered":"\u00ab\u00a0C\u2019est profond\u00e9ment ridicule\u00a0\u00bb, \u00ab\u00a0compl\u00e8tement d\u00e9bile\u00a0\u00bb, \u00ab\u00a0du n\u2019importe quoi\u00a0\u00bb, \u00ab\u00a0du vrai cin\u00e9ma\u00a0\u00bb. De sa premi\u00e8re audition par les enqu\u00eateurs,&hellip;\n","protected":false},"author":2,"featured_media":109088,"comment_status":"","ping_status":"","sticky":false,"template":"","format":"standard","meta":{"footnotes":""},"categories":[2820],"tags":[1111,11,2389,2649,271,272,33,2880,1777,674,274,107,1011,27,775,12,2922,25,104,640,2879,1631],"class_list":{"0":"post-109087","1":"post","2":"type-post","3":"status-publish","4":"format-standard","5":"has-post-thumbnail","7":"category-strasbourg","8":"tag-actu","9":"tag-actualites","10":"tag-alsace","11":"tag-bas-rhin","12":"tag-crime","13":"tag-delit-et-contravention","14":"tag-economie","15":"tag-edition-strasbourg","16":"tag-eu","17":"tag-europe","18":"tag-faits-divers-justice","19":"tag-fil-info","20":"tag-fr","21":"tag-france","22":"tag-grand-est","23":"tag-news","24":"tag-pouvoir-dachat","25":"tag-republique-francaise","26":"tag-societe","27":"tag-strasbourg","28":"tag-strasbourg-ville","29":"tag-vie-associative"},"share_on_mastodon":{"url":"https:\/\/pubeurope.com\/@fr\/114528312728315944","error":""},"_links":{"self":[{"href":"https:\/\/www.europesays.com\/fr\/wp-json\/wp\/v2\/posts\/109087","targetHints":{"allow":["GET"]}}],"collection":[{"href":"https:\/\/www.europesays.com\/fr\/wp-json\/wp\/v2\/posts"}],"about":[{"href":"https:\/\/www.europesays.com\/fr\/wp-json\/wp\/v2\/types\/post"}],"author":[{"embeddable":true,"href":"https:\/\/www.europesays.com\/fr\/wp-json\/wp\/v2\/users\/2"}],"replies":[{"embeddable":true,"href":"https:\/\/www.europesays.com\/fr\/wp-json\/wp\/v2\/comments?post=109087"}],"version-history":[{"count":0,"href":"https:\/\/www.europesays.com\/fr\/wp-json\/wp\/v2\/posts\/109087\/revisions"}],"wp:featuredmedia":[{"embeddable":true,"href":"https:\/\/www.europesays.com\/fr\/wp-json\/wp\/v2\/media\/109088"}],"wp:attachment":[{"href":"https:\/\/www.europesays.com\/fr\/wp-json\/wp\/v2\/media?parent=109087"}],"wp:term":[{"taxonomy":"category","embeddable":true,"href":"https:\/\/www.europesays.com\/fr\/wp-json\/wp\/v2\/categories?post=109087"},{"taxonomy":"post_tag","embeddable":true,"href":"https:\/\/www.europesays.com\/fr\/wp-json\/wp\/v2\/tags?post=109087"}],"curies":[{"name":"wp","href":"https:\/\/api.w.org\/{rel}","templated":true}]}}