{"id":109103,"date":"2025-05-18T10:22:08","date_gmt":"2025-05-18T10:22:08","guid":{"rendered":"https:\/\/www.europesays.com\/fr\/109103\/"},"modified":"2025-05-18T10:22:08","modified_gmt":"2025-05-18T10:22:08","slug":"le-lacher-de-caisses-a-savon-est-de-retour-a-toulouse","status":"publish","type":"post","link":"https:\/\/www.europesays.com\/fr\/109103\/","title":{"rendered":"le l\u00e2cher de caisses \u00e0 savon est de retour \u00e0 Toulouse"},"content":{"rendered":"<p>            Par<br \/>\n        <strong><br \/>\n            <a href=\"https:\/\/actu.fr\/auteur\/lea-afonso\" title=\"Consulter tous les articles de L\u00e9a Afonso\" rel=\"nofollow noopener\" target=\"_blank\">L\u00e9a Afonso<\/a><br \/>\n        <\/strong><\/p>\n<p>        Publi\u00e9 le<\/p>\n<p>            18 mai 2025 \u00e0 11h38        <\/p>\n<p>Pr\u00eats pour la descente\u2009? Avis aux plus t\u00e9m\u00e9raires, ou aux enfants dans l\u2019\u00e2me, le <strong>l\u00e2cher de caisses \u00e0 savon<\/strong> est de retour \u00e0 <a href=\"https:\/\/actu.fr\/toulouse\/\" rel=\"nofollow noopener\" target=\"_blank\">Toulouse<\/a> le 25 mai 2025. Cette ann\u00e9e, direction l\u2019avenue de la Colonne, pr\u00e8s de Jolimont, \u00e0 bord des engins.<\/p>\n<p>    <a href=\"https:\/\/www.google.com\/maps\/embed?pb=!1m18!1m12!1m3!1d2888.8575484493686!2d1.45918457730415!3d43.60950755525413!2m3!1f0!2f0!3f0!3m2!1i1024!2i768!4f13.1!3m3!1m2!1s0x12aebc955919eb63%3A0xf4183ee3a3afbc16!2sAv.%20de%20la%20Colonne%2C%2031500%20Toulouse!5e0!3m2!1sfr!2sfr!4v1747061930129!5m2!1sfr!2sfr\" title=\"Ouvrie le lien\" rel=\"nofollow noopener\" target=\"_blank\">Cliquez ici pour visualiser le contenu<\/a><\/p>\n<p>Une course folle<\/p>\n<p class=\" wall-content\">C\u2019est l\u2019une des descentes les plus folles de la Ville rose, celle en caisse \u00e0 savon le long de <strong>l\u2019avenue de la Colonne<\/strong>.\u00a0Organis\u00e9e dans le cadre du carnaval de Toulouse par l\u2019association COCU (Comit\u00e9 d\u2019Organisation du Carnaval Unifi\u00e9), elle consiste \u00e0 descendre la rue \u00e0 bord de v\u00e9hicules plus extravagants les uns que les autres. Ici, pas de moteur, on prend de la vitesse et on se lance dans la rue pentue\u2026 la gravit\u00e9 fait le reste.<\/p>\n<p class=\" wall-content\">Tout le monde peut s\u2019y inscrire, des plus petits aux plus \u00e2g\u00e9s, moyennant un tarif symbolique d\u2019adh\u00e9sion \u00e0 hauteur de 10\u20ac.<\/p>\n<p>Le Tour de France mis \u00e0 l\u2019honneur<\/p>\n<p class=\" wall-content\">Qui dit <a href=\"https:\/\/actu.fr\/occitanie\/toulouse_31555\/ou-voir-le-tour-de-france-a-toulouse-voici-le-trace-de-la-boucle-qui-part-et-arrive-dans-la-ville-rose_62435697.html\" rel=\"nofollow noopener\" target=\"_blank\">\u00e9tape du <strong>Tour de France<\/strong> \u00e0 Toulouse<\/a> dit mise \u00e0 l\u2019honneur dans plusieurs \u00e9v\u00e9nements de la ville, et le l\u00e2cher de caisses \u00e0 savon ne fait pas exception. Pour l\u2019occasion, le public r\u00e9compensera le plus beau d\u00e9guisement sur le th\u00e8me du tour\u2009: \u00ab\u2009maillot jaune, caravane publicitaire vivante, cycliste r\u00e9tro\u2026 faites preuve d\u2019imagination\u2009!\u2009\u00bb expliquent les organisateurs.<\/p>\n<p>Vid\u00e9os : en ce moment sur ActuPour que la descente se passe au mieux, quelques r\u00e8gles devront \u00eatre respect\u00e9es par les participants\u2009:<\/p>\n<ul class=\" wall-content\">\n<li>chaque concurrent doit venir avec son propre bolide fabriqu\u00e9 maison<\/li>\n<li>le port du casque est obligatoire pour la s\u00e9curit\u00e9<\/li>\n<li>avoir une caisse \u00e0 savon stable et \u00e9quip\u00e9e d\u2019un frein efficace<\/li>\n<li>ne pas d\u00e9passer 250\u00a0cm de large et 400\u00a0cm de long pour la caisse.<\/li>\n<li>pas de moteur, pas d\u2019assistance \u00e9lectrique<\/li>\n<li>les enfants de moins de six ans doivent \u00eatre accompagn\u00e9s d\u2019un adulte<\/li>\n<\/ul>\n<p>Infos pratiques\u2009:<br \/>\nRendez-vous Avenue de la Colonne de 14h \u00e0 18h le dimanche 25\u00a0mai 2025<br \/>\nAnimations musicales et buvette sur place<br \/>\nPlus d\u2019informations <a href=\"https:\/\/www.helloasso.com\/associations\/association-le-cocu\/evenements\/lacher-de-caisse-a-savon?fbclid=PAY2xjawJgsNlleHRuA2FlbQIxMQABp1b1wAY3Vu9F-8R9kB1l1jm8O5FIDuGcAQyvkyzCrECKedNvaZpCt45MjUhX_aem_EDCGW36vsoxInE0-RPVuaw\" rel=\"nofollow noopener\" target=\"_blank\">sur ce site\u00a0<\/a><\/p>\n<p class=\" wall-content\">Suivez toute l\u2019actualit\u00e9 de vos villes et m\u00e9dias favoris en vous inscrivant \u00e0 <a href=\"https:\/\/moncompte.actu.fr\" title=\"D\u00e9couvez Mon Actu\" rel=\"nofollow noopener\" data-trk=\"{&quot;cta&quot;:{&quot;action&quot;:&quot;https:\\\/\\\/moncompte.actu.fr&quot;,&quot;category&quot;:&quot;mon compte&quot;,&quot;from&quot;:&quot;article footer&quot;,&quot;name&quot;:&quot;Mon actu&quot;,&quot;type&quot;:&quot;cta&quot;}}\" target=\"_blank\">Mon Actu<\/a>.<\/p>\n","protected":false},"excerpt":{"rendered":"Par L\u00e9a Afonso Publi\u00e9 le 18 mai 2025 \u00e0 11h38 Pr\u00eats pour la descente\u2009? Avis aux plus t\u00e9m\u00e9raires,&hellip;\n","protected":false},"author":2,"featured_media":109104,"comment_status":"","ping_status":"","sticky":false,"template":"","format":"standard","meta":{"footnotes":""},"categories":[2816],"tags":[1111,11,1777,674,1011,27,1652,12,2680,25,1341,2312],"class_list":{"0":"post-109103","1":"post","2":"type-post","3":"status-publish","4":"format-standard","5":"has-post-thumbnail","7":"category-toulouse","8":"tag-actu","9":"tag-actualites","10":"tag-eu","11":"tag-europe","12":"tag-fr","13":"tag-france","14":"tag-loisirs-culture","15":"tag-news","16":"tag-occitanie","17":"tag-republique-francaise","18":"tag-sortir-a-toulouse","19":"tag-toulouse"},"share_on_mastodon":{"url":"https:\/\/pubeurope.com\/@fr\/114528344106148547","error":""},"_links":{"self":[{"href":"https:\/\/www.europesays.com\/fr\/wp-json\/wp\/v2\/posts\/109103","targetHints":{"allow":["GET"]}}],"collection":[{"href":"https:\/\/www.europesays.com\/fr\/wp-json\/wp\/v2\/posts"}],"about":[{"href":"https:\/\/www.europesays.com\/fr\/wp-json\/wp\/v2\/types\/post"}],"author":[{"embeddable":true,"href":"https:\/\/www.europesays.com\/fr\/wp-json\/wp\/v2\/users\/2"}],"replies":[{"embeddable":true,"href":"https:\/\/www.europesays.com\/fr\/wp-json\/wp\/v2\/comments?post=109103"}],"version-history":[{"count":0,"href":"https:\/\/www.europesays.com\/fr\/wp-json\/wp\/v2\/posts\/109103\/revisions"}],"wp:featuredmedia":[{"embeddable":true,"href":"https:\/\/www.europesays.com\/fr\/wp-json\/wp\/v2\/media\/109104"}],"wp:attachment":[{"href":"https:\/\/www.europesays.com\/fr\/wp-json\/wp\/v2\/media?parent=109103"}],"wp:term":[{"taxonomy":"category","embeddable":true,"href":"https:\/\/www.europesays.com\/fr\/wp-json\/wp\/v2\/categories?post=109103"},{"taxonomy":"post_tag","embeddable":true,"href":"https:\/\/www.europesays.com\/fr\/wp-json\/wp\/v2\/tags?post=109103"}],"curies":[{"name":"wp","href":"https:\/\/api.w.org\/{rel}","templated":true}]}}