{"id":109107,"date":"2025-05-18T10:24:08","date_gmt":"2025-05-18T10:24:08","guid":{"rendered":"https:\/\/www.europesays.com\/fr\/109107\/"},"modified":"2025-05-18T10:24:08","modified_gmt":"2025-05-18T10:24:08","slug":"roubaix-inaugure-un-quartier-creatif-autour-de-la-piscine","status":"publish","type":"post","link":"https:\/\/www.europesays.com\/fr\/109107\/","title":{"rendered":"Roubaix inaugure un \u00ab Quartier cr\u00e9atif \u00bb autour de La Piscine"},"content":{"rendered":"<p>            Par<br \/>\n        <strong><br \/>\n            <a href=\"https:\/\/actu.fr\/auteur\/annesophie-2\" title=\"Consulter tous les articles de Anne-Sophie Hourdeaux\" target=\"_blank\" rel=\"noopener\">Anne-Sophie Hourdeaux<\/a><br \/>\n        <\/strong><\/p>\n<p>        Publi\u00e9 le<\/p>\n<p>            18 mai 2025 \u00e0 12h09        <\/p>\n<p><b>\u00ab\u2009Roubaix Quartier cr\u00e9atif\u2009\u00bb<\/b> est lanc\u00e9\u2009! Ce nouveau service municipal veut <b>aller plus loin dans la dynamique artistique et culturelle <\/b>de la ville. Son camp de base sera un b\u00e2timent embl\u00e9matique sous-utilis\u00e9, <b>le Foyer du mutil\u00e9<\/b>, pr\u00e8s du mus\u00e9e La Piscine. En quoi va consister ce projet\u2009?<\/p>\n<p>F\u00e9d\u00e9rer ce qui existe d\u00e9j\u00e0 et attirer de nouveaux acteurs<\/p>\n<p class=\" wall-content\">Ce n\u2019est pas encore un label mais cela pourrait le devenir. La ville de Roubaix vient de lancer la dynamique \u00ab\u2009Roubaix Quartier cr\u00e9atif\u2009\u00bb. L\u2019id\u00e9e\u2009? F\u00e9d\u00e9rer ce qui existe d\u00e9j\u00e0, attirer de nouveaux acteurs, pour encore <b>d\u00e9velopper l\u2019esprit cr\u00e9atif roubaisien.<\/b><\/p>\n<p class=\" wall-content\">Les visages de \u00ab\u2009Roubaix Quartier cr\u00e9atif\u2009\u00bb sont Bruno Gaudichon, ancien directeur de la Piscine, et Monya Ghabantani, charg\u00e9e de mission depuis f\u00e9vrier\u00a02025 sur ce projet. \u00ab\u2009On a d\u00e9j\u00e0 rencontr\u00e9 \u00e9norm\u00e9ment de monde, et visit\u00e9 beaucoup de partenaires\u2009\u00bb disent-ils.<\/p>\n<p>O\u00f9 se situe ce quartier\u2009?<\/p>\n<p class=\" wall-content\">O\u00f9 se situe ce quartier\u2009? Il se construit autour du mus\u00e9e La Piscine, mais il est plut\u00f4t li\u00e9 \u00e0 des structures qu\u2019\u00e0 la g\u00e9ographie, comme l\u2019explique\u00a0Bruno Gaudichon. \u00ab\u2009Des clarisses au campus gare, d\u2019Esmod au Conservatoire, voil\u00e0 le c\u0153ur du Quartier cr\u00e9atif. Bien s\u00fbr, il y aura aussi des \u2018satellites\u00a0\u00bb\u2018 comme la Condition Publique, la Manufacture, Plaine Images, l\u2019Oiseau-Mouche, le Couvent\u2026\u2009\u00bb<\/p>\n<p class=\" wall-content\">Il rappelle la gen\u00e8se du projet\u2009: \u00ab<b>\u2009L\u2019id\u00e9e est n\u00e9e du projet d\u2019un 2e agrandissement de la Piscine<\/b>, avec les Arts appliqu\u00e9s que sont la c\u00e9ramique et le textile\u2009; et l\u2019envie de refonder une fili\u00e8re textile locale, apr\u00e8s le Covid qui a montr\u00e9 les besoins locaux\u2009\u00bb.<\/p>\n<p>Un b\u00e2timent \u00ab\u2009vaisseau amiral\u2009\u00bb du projet mais<\/p>\n<p class=\" wall-content\">Pour ce projet, il fallait un b\u00e2timent. Justement, le 3 rue de l\u2019Esp\u00e9rance et sa belle fa\u00e7ade Art D\u00e9co attendaient une nouvelle dynamique. Il date de 1928 sous le nom \u00ab\u2009Foyer du Mutil\u00e9\u2009\u00bb, cr\u00e9\u00e9 pour les associations d\u2019apr\u00e8s Premi\u00e8re Guerre mondiale. La FNACA y garde toujours un bureau. Les locaux ont h\u00e9berg\u00e9 un restaurant-cantine baptis\u00e9 \u00ab\u2009Le Petit Roubaix\u2009\u00bb. Mais depuis deux ans, il \u00e9tait quasiment inutilis\u00e9.<\/p>\n<p class=\" wall-content\">L\u2019id\u00e9e avec Roubaix quartier cr\u00e9atif est d\u2019en faire <b>une sorte de lieu catalyseur.<\/b> \u00ab\u2009Au rez-de-chauss\u00e9e, on organisera des <b>conf\u00e9rences. <\/b>Au premier \u00e9tage, ce sera le<b> tiers-lieu<\/b>, et au 2e, deux appartements pourraient recevoir des<b> r\u00e9sidences d\u2019artistes<\/b> ou de cr\u00e9ateurs\u2009\u00bb signale Bruno Gaudichon.<\/p>\n<p class=\" wall-content\">Mais cet immeuble n\u2019est pas encore op\u00e9rationnel. \u00ab\u2009Il n\u2019y a pas d\u2019ascenseur, c\u2019est un probl\u00e8me pour accueillir du public\u2009\u00bb reconna\u00eet-il. Il faudra \u00eatre patient pour voir comment \u00e9voluer le projet.<\/p>\n<p>\u00c0 quoi \u00e7a sert\u2009?<\/p>\n<p class=\" wall-content\">Concr\u00e8tement, qu\u2019est-ce que \u00e7a changera pour les artistes, les lieux culturels, les habitants\u2009? Le maire Guillaume Delbar r\u00e9pond\u2009: \u00ab\u2009Le but est de multiplier les \u00e9v\u00e9nements, d\u00e9velopper les rencontres, pour d\u00e9velopper les cr\u00e9ations\u2009\u00bb. En bref, \u00ab\u2009mettre en valeur ce qui existe et s\u00e9duire de nouveaux acteurs\u2009\u00bb r\u00e9sume Bruno Gaudichon.<\/p>\n<p class=\" wall-content\">Le but est de <b>cr\u00e9er un v\u00e9ritable r\u00e9seau regroupant les artistes, les lieux culturels <\/b>(Colis\u00e9e, M\u00e9diath\u00e8que), lieux d\u2019exposition, \u00e9coles de cr\u00e9ation, industries cr\u00e9atives\u2026 pour une identit\u00e9 artistique roubaisienne renforc\u00e9e.<\/p>\n<p>Les \u00e9coles concern\u00e9es<\/p>\n<p class=\" wall-content\">Monya Ghabantani mise sur le partenariat avec les \u00e9coles\u2009: \u00ab\u2009ESMOD, l\u2019ENSAIT, l\u2019ESAAT sont int\u00e9ress\u00e9s. <b>On veut impliquer les \u00e9tudiants <\/b>sous diff\u00e9rentes formes, au niveau de la communication, de l\u2019architecture notamment\u2009\u00bb.<\/p>\n<p class=\" wall-content\">Bruno Gaudichon attend lui d\u2019impliquer les habitants. \u00ab\u2009On sait que l\u2019\u00e9cueil d\u2019un tel projet est la gentrification, on veut l\u2019\u00e9viter\u2009\u00bb. Il pense \u00e0 proposer des \u00ab\u2009formations\u2009\u00bb aux habitants par exemple.<\/p>\n<p>Ce n\u2019est que le d\u00e9but<\/p>\n<p class=\" wall-content\">\u00ab\u2009Mais en fait, on ne sait pas comment cela va \u00e9voluer, et c\u2019est \u00e7a qui est passionnant, c\u2019est \u00e9mergeant, c\u2019est un laboratoire\u2009!\u2009\u00bb se r\u00e9jouit Monya Ghabantani, par ailleurs elle-m\u00eame artiste, elle travaille la photographie comme au XIXe\u00a0si\u00e8cle.<\/p>\n<p class=\" wall-content\">\u00ab\u2009Roubaix Quartier cr\u00e9atif\u2009\u00bb a \u00e9t\u00e9 lanc\u00e9 pour la <a href=\"https:\/\/actu.fr\/hauts-de-france\/roubaix_59512\/la-nuit-des-arts-est-de-retour-a-roubaix-cest-le-rendez-vous-a-ne-pas-manquer_62633056.html\" target=\"_blank\" rel=\"noopener\">Nuit des Arts 2025<\/a>, mais ce n\u2019est que le d\u00e9but. \u00ab\u2009On a encore beaucoup de gens \u00e0 rencontrer\u2009\u00bb dit la charg\u00e9e de mission.<\/p>\n<p class=\" wall-content\">Suivez toute l\u2019actualit\u00e9 de vos villes et m\u00e9dias favoris en vous inscrivant \u00e0 <a href=\"https:\/\/moncompte.actu.fr\" title=\"D\u00e9couvez Mon Actu\" rel=\"nofollow noopener\" data-trk=\"{&quot;cta&quot;:{&quot;action&quot;:&quot;https:\\\/\\\/moncompte.actu.fr&quot;,&quot;category&quot;:&quot;mon compte&quot;,&quot;from&quot;:&quot;article footer&quot;,&quot;name&quot;:&quot;Mon actu&quot;,&quot;type&quot;:&quot;cta&quot;}}\" target=\"_blank\">Mon Actu<\/a>.<\/p>\n","protected":false},"excerpt":{"rendered":"Par Anne-Sophie Hourdeaux Publi\u00e9 le 18 mai 2025 \u00e0 12h09 \u00ab\u2009Roubaix Quartier cr\u00e9atif\u2009\u00bb est lanc\u00e9\u2009! Ce nouveau service&hellip;\n","protected":false},"author":2,"featured_media":109108,"comment_status":"","ping_status":"","sticky":false,"template":"","format":"standard","meta":{"footnotes":""},"categories":[2815],"tags":[1111,11,1777,674,1011,27,811,5701,1307,12,25,104],"class_list":{"0":"post-109107","1":"post","2":"type-post","3":"status-publish","4":"format-standard","5":"has-post-thumbnail","7":"category-lille","8":"tag-actu","9":"tag-actualites","10":"tag-eu","11":"tag-europe","12":"tag-fr","13":"tag-france","14":"tag-hauts-de-france","15":"tag-innovation","16":"tag-lille","17":"tag-news","18":"tag-republique-francaise","19":"tag-societe"},"share_on_mastodon":{"url":"https:\/\/pubeurope.com\/@fr\/114528351958103748","error":""},"_links":{"self":[{"href":"https:\/\/www.europesays.com\/fr\/wp-json\/wp\/v2\/posts\/109107","targetHints":{"allow":["GET"]}}],"collection":[{"href":"https:\/\/www.europesays.com\/fr\/wp-json\/wp\/v2\/posts"}],"about":[{"href":"https:\/\/www.europesays.com\/fr\/wp-json\/wp\/v2\/types\/post"}],"author":[{"embeddable":true,"href":"https:\/\/www.europesays.com\/fr\/wp-json\/wp\/v2\/users\/2"}],"replies":[{"embeddable":true,"href":"https:\/\/www.europesays.com\/fr\/wp-json\/wp\/v2\/comments?post=109107"}],"version-history":[{"count":0,"href":"https:\/\/www.europesays.com\/fr\/wp-json\/wp\/v2\/posts\/109107\/revisions"}],"wp:featuredmedia":[{"embeddable":true,"href":"https:\/\/www.europesays.com\/fr\/wp-json\/wp\/v2\/media\/109108"}],"wp:attachment":[{"href":"https:\/\/www.europesays.com\/fr\/wp-json\/wp\/v2\/media?parent=109107"}],"wp:term":[{"taxonomy":"category","embeddable":true,"href":"https:\/\/www.europesays.com\/fr\/wp-json\/wp\/v2\/categories?post=109107"},{"taxonomy":"post_tag","embeddable":true,"href":"https:\/\/www.europesays.com\/fr\/wp-json\/wp\/v2\/tags?post=109107"}],"curies":[{"name":"wp","href":"https:\/\/api.w.org\/{rel}","templated":true}]}}