{"id":109111,"date":"2025-05-18T10:26:09","date_gmt":"2025-05-18T10:26:09","guid":{"rendered":"https:\/\/www.europesays.com\/fr\/109111\/"},"modified":"2025-05-18T10:26:09","modified_gmt":"2025-05-18T10:26:09","slug":"la-resistante-frederique-duran-sest-eteinte-a-104-ans","status":"publish","type":"post","link":"https:\/\/www.europesays.com\/fr\/109111\/","title":{"rendered":"La R\u00e9sistante Fr\u00e9d\u00e9rique Duran s&rsquo;est \u00e9teinte \u00e0 104 ans"},"content":{"rendered":"<p>\u00c7a ne s&rsquo;invente pas, Fr\u00e9d\u00e9rique Duran s&rsquo;en est all\u00e9e le 8 mai 2025, jour de comm\u00e9moration de la victoire des Alli\u00e9s sur l&rsquo;Allemagne nazie. Elle avait 104 ans. En 2023, elle s&rsquo;\u00e9tait tourn\u00e9e vers l&rsquo;historien Patrick Boulanger, membre de l&rsquo;Acad\u00e9mie de Marseille et directeur de la revue Marseille, pour offrir son t\u00e9moignage. Une rencontre qui a laiss\u00e9 des traces dans le c\u0153ur de l&rsquo;historien puisqu&rsquo;il lui a d\u00e9di\u00e9 <a href=\"https:\/\/www.laprovence.com\/article\/sortie-loisirs\/30667323397514\/de-son-enfance-a-la-resistance-sur-les-traces-de-jean-moulin-en-provence\" target=\"_blank\" rel=\"nofollow noopener\">son intervention sur Jean Moulin<\/a> il y a quelques jours, \u00e0 la Chambre de commerce de Marseille. Avec son autorisation, voici l&rsquo;histoire de Fr\u00e9d\u00e9rique Duran.<\/p>\n<p>Elle \u00e9chappe de peu \u00e0 la D\u00e9portation<\/p>\n<p>En 1940, cette brillante \u00e9tudiante en math\u00e9matiques et philosophie s&rsquo;oriente vers la chimie \u00e0 Montpellier. Marqu\u00e9e par l&rsquo;Armistice et l&rsquo;annexion de l&rsquo;Alsace &#8211; son p\u00e8re est catalan catholique et sa m\u00e8re alsacienne protestante &#8211; elle s&rsquo;indigne tr\u00e8s t\u00f4t contre les injustices. Refusant l&rsquo;exclusion des \u00e9tudiants juifs \u00e0 l&rsquo;universit\u00e9, elle aide certains d&rsquo;entre eux \u00e0 passer la fronti\u00e8re vers l&rsquo;Espagne.<\/p>\n<p>En 1942, elle rejoint Marseille o\u00f9, gr\u00e2ce \u00e0 une rencontre fortuite avec Andr\u00e9 Zenatti &#8211; alias \u00ab\u00a0Capitaine Aubert\u00a0\u00bb -, <a href=\"https:\/\/www.laprovence.com\/article\/region\/1466098718550915\/80-ans-de-la-liberation-a-marseille-la-resistance-etait-a-tous-les-coins-de-rue\" target=\"_blank\" rel=\"nofollow noopener\">elle entre dans la R\u00e9sistance.<\/a><\/p>\n","protected":false},"excerpt":{"rendered":"\u00c7a ne s&rsquo;invente pas, Fr\u00e9d\u00e9rique Duran s&rsquo;en est all\u00e9e le 8 mai 2025, jour de comm\u00e9moration de la&hellip;\n","protected":false},"author":2,"featured_media":109112,"comment_status":"","ping_status":"","sticky":false,"template":"","format":"standard","meta":{"footnotes":""},"categories":[2814],"tags":[17,14683,1111,11,1446,22732,1777,674,1011,27,22731,2831,884,12,882,25,9855,933],"class_list":{"0":"post-109111","1":"post","2":"type-post","3":"status-publish","4":"format-standard","5":"has-post-thumbnail","7":"category-marseille","8":"tag-17","9":"tag-active","10":"tag-actu","11":"tag-actualites","12":"tag-dans","13":"tag-duran","14":"tag-eu","15":"tag-europe","16":"tag-fr","17":"tag-france","18":"tag-frederique","19":"tag-loisirs-traditions","20":"tag-marseille","21":"tag-news","22":"tag-provence-alpes-cote-dazur","23":"tag-republique-francaise","24":"tag-resistance","25":"tag-tres"},"share_on_mastodon":{"url":"https:\/\/pubeurope.com\/@fr\/114528359769338213","error":""},"_links":{"self":[{"href":"https:\/\/www.europesays.com\/fr\/wp-json\/wp\/v2\/posts\/109111","targetHints":{"allow":["GET"]}}],"collection":[{"href":"https:\/\/www.europesays.com\/fr\/wp-json\/wp\/v2\/posts"}],"about":[{"href":"https:\/\/www.europesays.com\/fr\/wp-json\/wp\/v2\/types\/post"}],"author":[{"embeddable":true,"href":"https:\/\/www.europesays.com\/fr\/wp-json\/wp\/v2\/users\/2"}],"replies":[{"embeddable":true,"href":"https:\/\/www.europesays.com\/fr\/wp-json\/wp\/v2\/comments?post=109111"}],"version-history":[{"count":0,"href":"https:\/\/www.europesays.com\/fr\/wp-json\/wp\/v2\/posts\/109111\/revisions"}],"wp:featuredmedia":[{"embeddable":true,"href":"https:\/\/www.europesays.com\/fr\/wp-json\/wp\/v2\/media\/109112"}],"wp:attachment":[{"href":"https:\/\/www.europesays.com\/fr\/wp-json\/wp\/v2\/media?parent=109111"}],"wp:term":[{"taxonomy":"category","embeddable":true,"href":"https:\/\/www.europesays.com\/fr\/wp-json\/wp\/v2\/categories?post=109111"},{"taxonomy":"post_tag","embeddable":true,"href":"https:\/\/www.europesays.com\/fr\/wp-json\/wp\/v2\/tags?post=109111"}],"curies":[{"name":"wp","href":"https:\/\/api.w.org\/{rel}","templated":true}]}}