{"id":10912,"date":"2025-04-08T18:53:36","date_gmt":"2025-04-08T18:53:36","guid":{"rendered":"https:\/\/www.europesays.com\/fr\/10912\/"},"modified":"2025-04-08T18:53:36","modified_gmt":"2025-04-08T18:53:36","slug":"pas-assez-de-controles-de-la-metropole-selon-un-rapport","status":"publish","type":"post","link":"https:\/\/www.europesays.com\/fr\/10912\/","title":{"rendered":"pas assez de contr\u00f4les de la M\u00e9tropole, selon un rapport"},"content":{"rendered":"<p>La M\u00e9tropole Aix-Marseille-Provence est-elle assez pointilleuse dans l\u2019ex\u00e9cution de ses contrats avec les soci\u00e9t\u00e9s des tunnels Prado Car\u00e9nage et Prado Sud\u00a0? C\u2019est la question que pose un rapport de la Chambre r\u00e9gionale des comptes Paca rendu public vendredi 4\u00a0avril. Les magistrats financiers notent d\u2019abord la forte rentabilit\u00e9 de l\u2019ensemble <a href=\"https:\/\/www.laprovence.com\/actu\/en-direct\/6310778\/vinci-et-eiffage-veulent-prendre-le-controle-du-tunnel-prado-carenage.html\" target=\"_blank\" rel=\"nofollow noopener\">d\u00e9tenu majoritairement par les majors du secteur des routes \u00e0 p\u00e9age, Vinci et Eiffage<\/a>.<\/p>\n","protected":false},"excerpt":{"rendered":"La M\u00e9tropole Aix-Marseille-Provence est-elle assez pointilleuse dans l\u2019ex\u00e9cution de ses contrats avec les soci\u00e9t\u00e9s des tunnels Prado Car\u00e9nage&hellip;\n","protected":false},"author":2,"featured_media":10913,"comment_status":"","ping_status":"","sticky":false,"template":"","format":"standard","meta":{"footnotes":""},"categories":[2814],"tags":[17,1111,11,5262,1777,674,1011,27,884,2800,12,5261,5260,316,882,25,5263,5259],"class_list":{"0":"post-10912","1":"post","2":"type-post","3":"status-publish","4":"format-standard","5":"has-post-thumbnail","7":"category-marseille","8":"tag-17","9":"tag-actu","10":"tag-actualites","11":"tag-assez","12":"tag-eu","13":"tag-europe","14":"tag-fr","15":"tag-france","16":"tag-marseille","17":"tag-metropole","18":"tag-news","19":"tag-pas","20":"tag-payants","21":"tag-politique","22":"tag-provence-alpes-cote-dazur","23":"tag-republique-francaise","24":"tag-stricte","25":"tag-tunnels"},"share_on_mastodon":{"url":"https:\/\/pubeurope.com\/@fr\/114303860948451690","error":""},"_links":{"self":[{"href":"https:\/\/www.europesays.com\/fr\/wp-json\/wp\/v2\/posts\/10912","targetHints":{"allow":["GET"]}}],"collection":[{"href":"https:\/\/www.europesays.com\/fr\/wp-json\/wp\/v2\/posts"}],"about":[{"href":"https:\/\/www.europesays.com\/fr\/wp-json\/wp\/v2\/types\/post"}],"author":[{"embeddable":true,"href":"https:\/\/www.europesays.com\/fr\/wp-json\/wp\/v2\/users\/2"}],"replies":[{"embeddable":true,"href":"https:\/\/www.europesays.com\/fr\/wp-json\/wp\/v2\/comments?post=10912"}],"version-history":[{"count":0,"href":"https:\/\/www.europesays.com\/fr\/wp-json\/wp\/v2\/posts\/10912\/revisions"}],"wp:featuredmedia":[{"embeddable":true,"href":"https:\/\/www.europesays.com\/fr\/wp-json\/wp\/v2\/media\/10913"}],"wp:attachment":[{"href":"https:\/\/www.europesays.com\/fr\/wp-json\/wp\/v2\/media?parent=10912"}],"wp:term":[{"taxonomy":"category","embeddable":true,"href":"https:\/\/www.europesays.com\/fr\/wp-json\/wp\/v2\/categories?post=10912"},{"taxonomy":"post_tag","embeddable":true,"href":"https:\/\/www.europesays.com\/fr\/wp-json\/wp\/v2\/tags?post=10912"}],"curies":[{"name":"wp","href":"https:\/\/api.w.org\/{rel}","templated":true}]}}