{"id":1091251,"date":"2026-07-27T17:42:30","date_gmt":"2026-07-27T17:42:30","guid":{"rendered":"https:\/\/www.europesays.com\/fr\/1091251\/"},"modified":"2026-07-27T17:42:30","modified_gmt":"2026-07-27T17:42:30","slug":"bar-le-duc-un-concours-photos-est-organise-pour-les-30-ans-de-la-mediatheque","status":"publish","type":"post","link":"https:\/\/www.europesays.com\/fr\/1091251\/","title":{"rendered":"Bar-le-Duc. Un concours photos est organis\u00e9 pour\u00a0les\u00a030 ans de la m\u00e9diath\u00e8que"},"content":{"rendered":"<p>\u00c0 l\u2019occasion du 30e\u00a0 anniversaire de sa m\u00e9diath\u00e8que Jean-Jeukens, la communaut\u00e9 d\u2019agglom\u00e9ration Meuse Grand Sud organise un concours de photographie amateur, tout au long du mois d\u2019ao\u00fbt. Une opportunit\u00e9 unique de valoriser le patrimoine local \u00e0 travers l\u2019\u0153il des citoyens.<\/p>\n<p>  Un patrimoine \u00e0\u00a0red\u00e9couvrir<\/p>\n<p>Destin\u00e9 aux photographes amateurs de tous horizons, ce concours gratuit invite \u00e0 poser un regard curieux et cr\u00e9atif sur une pi\u00e8ce ma\u00eetresse de l\u2019architecture locale\u00a0: <a href=\"https:\/\/www.estrepublicain.fr\/culture-loisirs\/2026\/07\/25\/decouverte-du-chateau-de-marbeaumont-mercredi-29-juillet\" target=\"_blank\" rel=\"nofollow noopener\">le ch\u00e2teau de Marbeaumont.<\/a> \u00a0Sous le th\u00e8me \u00ab\u00a0Le ch\u00e2teau de Marbeaumont en d\u00e9tails\u00a0\u00bb (int\u00e9rieur et ext\u00e9rieur), les participants sont encourag\u00e9s \u00e0 capturer la singularit\u00e9 de cet \u00e9difice \u00e0 travers ses lignes, ses mati\u00e8res et ses secrets architecturaux.<\/p>\n<p> \u25b6 \u2002 <strong>Modalit\u00e9s de participation\u00a0:<\/strong> Le concours sera ouvert du 3 au 31\u00a0ao\u00fbt \u00e0 20\u00a0h. Chaque candidat (majeur ou mineur avec autorisation) pourra soumettre jusqu\u2019\u00e0 trois photographies num\u00e9riques originales. Les clich\u00e9s devront \u00eatre envoy\u00e9s par courriel \u00e0 communication@meusegrandsud.fr, accompagn\u00e9s du formulaire d\u2019inscription et des documents relatifs \u00e0 la gestion des droits d\u2019auteur et du droit \u00e0 l\u2019image, t\u00e9l\u00e9chargeables en ligne.<\/p>\n<p>Un jury compos\u00e9 de cinq membres \u00e9valuera les propositions selon des crit\u00e8res de cr\u00e9ativit\u00e9, d\u2019originalit\u00e9, de qualit\u00e9 technique et de respect du th\u00e8me. Les trois meilleures photographies se verront attribuer des places de spectacles pour la saison 2026-2027 de La Barroise\u00a0: 1er prix, deux places pour le concert de Julien Clerc (10\u00a0avril 2027)\u00a0; 2e\u00a0 prix, deux places pour le spectacle Brel\u00a0! (5\u00a0d\u00e9cembre 2026)\u00a0; 3e\u00a0 prix, deux places pour la pi\u00e8ce Les Grands enfants  (12\u00a0f\u00e9vrier 2027). Les laur\u00e9ats seront personnellement avis\u00e9s.<\/p>\n","protected":false},"excerpt":{"rendered":"\u00c0 l\u2019occasion du 30e\u00a0 anniversaire de sa m\u00e9diath\u00e8que Jean-Jeukens, la communaut\u00e9 d\u2019agglom\u00e9ration Meuse Grand Sud organise un concours&hellip;\n","protected":false},"author":2,"featured_media":1091252,"comment_status":"","ping_status":"","sticky":false,"template":"","format":"standard","meta":{"footnotes":"","_share_on_mastodon":"0"},"categories":[1358],"tags":[1348,1384,1385,3600,3601,1687,1386,58,3602,59,1011,27,2661],"class_list":["post-1091251","post","type-post","status-publish","format-standard","has-post-thumbnail","category-arts-et-design","tag-arts","tag-arts-and-design","tag-arts-et-design","tag-bar-le-duc","tag-bar-le-duc-ville-55a","tag-culture-loisirs","tag-design","tag-divertissement","tag-edition-bar-le-duc","tag-entertainment","tag-fr","tag-france","tag-patrimoine-culturel"],"share_on_mastodon":{"url":"https:\/\/pubeurope.com\/@fr\/116993179373392200","error":""},"_links":{"self":[{"href":"https:\/\/www.europesays.com\/fr\/wp-json\/wp\/v2\/posts\/1091251","targetHints":{"allow":["GET"]}}],"collection":[{"href":"https:\/\/www.europesays.com\/fr\/wp-json\/wp\/v2\/posts"}],"about":[{"href":"https:\/\/www.europesays.com\/fr\/wp-json\/wp\/v2\/types\/post"}],"author":[{"embeddable":true,"href":"https:\/\/www.europesays.com\/fr\/wp-json\/wp\/v2\/users\/2"}],"replies":[{"embeddable":true,"href":"https:\/\/www.europesays.com\/fr\/wp-json\/wp\/v2\/comments?post=1091251"}],"version-history":[{"count":0,"href":"https:\/\/www.europesays.com\/fr\/wp-json\/wp\/v2\/posts\/1091251\/revisions"}],"wp:featuredmedia":[{"embeddable":true,"href":"https:\/\/www.europesays.com\/fr\/wp-json\/wp\/v2\/media\/1091252"}],"wp:attachment":[{"href":"https:\/\/www.europesays.com\/fr\/wp-json\/wp\/v2\/media?parent=1091251"}],"wp:term":[{"taxonomy":"category","embeddable":true,"href":"https:\/\/www.europesays.com\/fr\/wp-json\/wp\/v2\/categories?post=1091251"},{"taxonomy":"post_tag","embeddable":true,"href":"https:\/\/www.europesays.com\/fr\/wp-json\/wp\/v2\/tags?post=1091251"}],"curies":[{"name":"wp","href":"https:\/\/api.w.org\/{rel}","templated":true}]}}