{"id":1091277,"date":"2026-07-27T17:57:17","date_gmt":"2026-07-27T17:57:17","guid":{"rendered":"https:\/\/www.europesays.com\/fr\/1091277\/"},"modified":"2026-07-27T17:57:17","modified_gmt":"2026-07-27T17:57:17","slug":"visite-de-la-mine-de-fer-a-la-lampe-a-huile","status":"publish","type":"post","link":"https:\/\/www.europesays.com\/fr\/1091277\/","title":{"rendered":"Visite de la mine de fer \u00e0 la lampe \u00e0 huile"},"content":{"rendered":"<p>Le 8\u00a0ao\u00fbt, remontez le temps et vivez l\u2019exp\u00e9rience des mineurs lorsqu\u2019ils descendaient dans la mine de fer \u00e0 la lampe \u00e0 huile. Suivez le guide \u00e0 travers les galeries pour votre prise de poste. Mais attention, ne vous laissez pas surprendre par le porion.<\/p>\n<p class=\"note\">Samedi 8\u00a0ao\u00fbt, \u00e0 20\u00a0h\u00a030. Renseignements et r\u00e9servations obligatoires au 06\u00a095\u00a048\u00a017\u00a064 ou sur minedeneuvesmaisons@gmail.com<\/p>\n","protected":false},"excerpt":{"rendered":"Le 8\u00a0ao\u00fbt, remontez le temps et vivez l\u2019exp\u00e9rience des mineurs lorsqu\u2019ils descendaient dans la mine de fer \u00e0&hellip;\n","protected":false},"author":2,"featured_media":1091278,"comment_status":"","ping_status":"","sticky":false,"template":"","format":"standard","meta":{"footnotes":"","_share_on_mastodon":"0"},"categories":[9635],"tags":[1111,11,7782,9848,1687,1704,1777,674,1011,27,775,1702,9847,12,25],"class_list":["post-1091277","post","type-post","status-publish","format-standard","has-post-thumbnail","category-nancy","tag-actu","tag-actualites","tag-balades-et-randonnees","tag-cc-moselle-et-madon-54b","tag-culture-loisirs","tag-edition-nancy-et-agglomeration","tag-eu","tag-europe","tag-fr","tag-france","tag-grand-est","tag-nancy","tag-neuves-maisons","tag-news","tag-republique-francaise"],"share_on_mastodon":{"url":"https:\/\/pubeurope.com\/@fr\/116993238422666114","error":""},"_links":{"self":[{"href":"https:\/\/www.europesays.com\/fr\/wp-json\/wp\/v2\/posts\/1091277","targetHints":{"allow":["GET"]}}],"collection":[{"href":"https:\/\/www.europesays.com\/fr\/wp-json\/wp\/v2\/posts"}],"about":[{"href":"https:\/\/www.europesays.com\/fr\/wp-json\/wp\/v2\/types\/post"}],"author":[{"embeddable":true,"href":"https:\/\/www.europesays.com\/fr\/wp-json\/wp\/v2\/users\/2"}],"replies":[{"embeddable":true,"href":"https:\/\/www.europesays.com\/fr\/wp-json\/wp\/v2\/comments?post=1091277"}],"version-history":[{"count":0,"href":"https:\/\/www.europesays.com\/fr\/wp-json\/wp\/v2\/posts\/1091277\/revisions"}],"wp:featuredmedia":[{"embeddable":true,"href":"https:\/\/www.europesays.com\/fr\/wp-json\/wp\/v2\/media\/1091278"}],"wp:attachment":[{"href":"https:\/\/www.europesays.com\/fr\/wp-json\/wp\/v2\/media?parent=1091277"}],"wp:term":[{"taxonomy":"category","embeddable":true,"href":"https:\/\/www.europesays.com\/fr\/wp-json\/wp\/v2\/categories?post=1091277"},{"taxonomy":"post_tag","embeddable":true,"href":"https:\/\/www.europesays.com\/fr\/wp-json\/wp\/v2\/tags?post=1091277"}],"curies":[{"name":"wp","href":"https:\/\/api.w.org\/{rel}","templated":true}]}}