{"id":1091294,"date":"2026-07-27T18:09:23","date_gmt":"2026-07-27T18:09:23","guid":{"rendered":"https:\/\/www.europesays.com\/fr\/1091294\/"},"modified":"2026-07-27T18:09:23","modified_gmt":"2026-07-27T18:09:23","slug":"pourquoi-la-rentree-2026-pourrait-etre-tendue-au-crous-bretagne","status":"publish","type":"post","link":"https:\/\/www.europesays.com\/fr\/1091294\/","title":{"rendered":"Pourquoi la rentr\u00e9e 2026 pourrait \u00eatre tendue au Crous Bretagne"},"content":{"rendered":"<p>Dans les mois qui ont suivi, <a href=\"https:\/\/www.letelegramme.fr\/bretagne\/crise-au-crous-bretagne-voici-nos-revelations-sur-leviction-de-son-directeur-6935388.php\" target=\"_blank\" rel=\"nofollow noopener\">les tensions ont eu du mal \u00e0 retomber,<\/a> les d\u00e9parts ayant entra\u00een\u00e9 \u00ab\u00a0beaucoup de d\u00e9sorganisation\u00a0\u00bb, d\u00e9plorait un syndicaliste, dans nos colonnes, en novembre 2025. Depuis, un nouveau directeur g\u00e9n\u00e9ral a pris ses fonctions \u00e0 Rennes. Arriv\u00e9 en poste le 1er d\u00e9cembre 2025, Jean-Marc Qu\u00e9m\u00e9neur a d\u00fb travailler, d\u00e8s f\u00e9vrier 2026, \u00e0 la mise en \u0153uvre des repas \u00e0 un euro pour tous, appliqu\u00e9e depuis le 4 mai dans l\u2019ensemble des antennes locales des Centre locaux des \u0153uvres universitaires et scolaires (Clous).<\/p>\n<blockquote><p>Sans investissements suppl\u00e9mentaires, cette mesure risque de d\u00e9grader leurs conditions de travail et d\u2018augmenter les risques de troubles musculosquelettiques (TMS), d\u2018\u00e9puisement professionnel et d\u2019absent\u00e9isme.<\/p><\/blockquote>\n<p>\u00ab\u00a0Mat\u00e9riel hors d\u2019\u00e2ge et bouts de ficelle\u00a0\u00bb<\/p>\n<p>Cette m\u00eame mesure, unanimement salu\u00e9e \u00ab\u00a0comme tr\u00e8s importante pour lutter contre la pr\u00e9carit\u00e9 \u00e9tudiante\u00a0\u00bb, g\u00e9n\u00e8re d\u00e9sormais de nouvelles crispations, au c\u0153ur de l\u2019\u00e9t\u00e9. Dans un courrier anonyme, envoy\u00e9 le jeudi 23 juillet 2026, ce donneur d\u2019alerte estime \u00ab\u00a0qu\u2019elle va forc\u00e9ment entra\u00eener des complications, avec du mat\u00e9riel hors d\u2019\u00e2ge et des b\u00e2timents vieillissants\u00a0\u00bb. \u00ab\u00a0La situation au Crous Bretagne est insupportable, les agents techniques doivent r\u00e9parer sans cesse, avec des bouts de ficelle, des installations dangereuses et n\u2019en peuvent plus\u00a0\u00bb, \u00e9crit-il encore.<\/p>\n<p>Une inqui\u00e9tude partag\u00e9e par la CFDT, qui estime les moyens humains, techniques et financiers allou\u00e9s aux repas \u00e0 un euro \u00ab\u00a0insuffisants\u00a0\u00bb. \u00ab\u00a0Sans investissements suppl\u00e9mentaires, cela risque d\u2019accro\u00eetre la charge de travail des personnels, de d\u00e9grader leurs conditions de travail et d\u2018augmenter les risques de troubles musculosquelettiques (TMS), d\u2018\u00e9puisement professionnel et d\u2019absent\u00e9isme\u00a0\u00bb, confirme le d\u00e9l\u00e9gu\u00e9 du personnel Sgen-CFDT du Crous Bretagne. S\u00e9bastien Berthou, qui met en garde contre \u00ab\u00a0un manque d\u2019attractivit\u00e9 et des difficult\u00e9s de recrutement\u00a0\u00bb sur ces m\u00e9tiers, appr\u00e9hende la hausse de fr\u00e9quentation \u00e0 la rentr\u00e9e, estim\u00e9e \u00e0 21\u00a0%, \u00ab\u00a0si elle suit la tendance de mai dernier\u00a0\u00bb. Une journ\u00e9e de gr\u00e8ve intersyndicale est d\u00e9j\u00e0 envisag\u00e9e autour du 22 septembre prochain.<\/p>\n<p><img decoding=\"async\" src=\"https:\/\/www.europesays.com\/fr\/wp-content\/uploads\/2026\/07\/6a67967ef32e85e2de0afb90.1.jpeg\" width=\"480\" height=\"300\" class=\"web_golden_m\" loading=\"lazy\" alt=\"Le nouveau directeur g\u00e9n\u00e9ral du Crous Bretagne Jean-Marc Qu\u00e9m\u00e9neur et la directrice du Clous de Brest Sophie Bon assurent qu\u2019ils sont \u00ab\u00a0dans une d\u00e9marche de dialogue, avec une m\u00e9thode participative\u00a0\u00bb, en vue d\u2019une entr\u00e9e 2026 plus charg\u00e9e qu\u2019\u00e0 la normale.\"\/>Le nouveau directeur g\u00e9n\u00e9ral du Crous Bretagne Jean-Marc Qu\u00e9m\u00e9neur et la directrice du Clous de Brest Sophie Bon assurent qu\u2019ils sont \u00ab\u00a0dans une d\u00e9marche de dialogue, avec une m\u00e9thode participative\u00a0\u00bb, en vue d\u2019une entr\u00e9e 2026 plus charg\u00e9e qu\u2019\u00e0 la normale. (Le T\u00e9l\u00e9gramme\/Sophie Pr\u00e9vost)<\/p>\n<blockquote><p>Je suis arriv\u00e9 dans une mission d\u2019apaisement. La situation s\u2019est d\u00e9j\u00e0 am\u00e9lior\u00e9e. Et, gr\u00e2ce au soutien de l\u2019\u00c9tat, nous avons d\u00e9sormais des conditions plus favorables pour avancer.<\/p><\/blockquote>\n<p>Une enqu\u00eate sur les conditions de travail \u00e0 Brest<\/p>\n<p>Encore plus incisif, un courrier anonyme fait un lien entre la r\u00e9cente tentative de suicide d\u2019un agent, sur son lieu de travail, avec le contexte de \u00ab\u00a0pression g\u00e9n\u00e9rale\u00a0\u00bb. L\u2019\u00e9pisode, survenu sur le parking jouxtant les locaux administratifs du Clous de Brest, le 30 avril 2026, \u00e0 13\u00a0h\u00a030, a suscit\u00e9 un grand \u00e9moi dans tout le personnel.<\/p>\n<p>\u00ab\u00a0Il s\u2019agit d\u2019une situation humaine extr\u00eamement sensible, qui a \u00e9t\u00e9 imm\u00e9diatement prise en charge et m\u00e9ritait une r\u00e9action de notre part, r\u00e9pond, ce lundi 27 juillet 2026, le directeur g\u00e9n\u00e9ral Bretagne, Jean-Marc Qu\u00e9m\u00e9neur. L\u2019instance Formation Sp\u00e9cialis\u00e9e de la Sant\u00e9, S\u00e9curit\u00e9 et des Conditions de Travail (F3SCT) s\u2019est r\u00e9unie en urgence apr\u00e8s les faits, avec les repr\u00e9sentants du personnel. Une enqu\u00eate sur les conditions de travail a \u00e9t\u00e9 d\u00e9clench\u00e9e. Elle va durer jusqu\u2019\u00e0 octobre et donner lieu \u00e0 un plan d\u2019action\u00a0\u00bb.<\/p>\n<p>Concernant les moyens allou\u00e9s pour la mesure nationale des repas \u00e0 un euro pour tous, le nouveau responsable r\u00e9gional pr\u00e9cise <a href=\"https:\/\/www.letelegramme.fr\/bretagne\/en-bretagne-les-crous-vont-composer-avec-450-000-euros-et-sept-postes-supplementaires-pour-le-repas-etudiant-generalise-a-un-euro-7038207.php\" target=\"_blank\" rel=\"nofollow noopener\">qu\u2019il a engendr\u00e9 7\u00a0300 heures de renfort humain et 452\u00a0000 euros de mat\u00e9riel<\/a>, dont 280\u00a0000 euros sont en commande. \u00ab\u00a0La Bretagne a \u00e9t\u00e9 tr\u00e8s bien servie. Quant \u00e0 la r\u00e9organisation, face \u00e0 une augmentation de fr\u00e9quentation plut\u00f4t estim\u00e9e \u00e0 12\u00a0% en septembre, elle a \u00e9t\u00e9 anticip\u00e9e et concert\u00e9e\u00a0\u00bb. S\u2019il reconna\u00eet que le Crous Bretagne <a href=\"https:\/\/www.letelegramme.fr\/finistere\/brest-29200\/on-essaie-de-faire-au-mieux-avec-nos-moyens-a-brest-le-crous-serre-les-dents-face-aux-problemes-6740580.php\" target=\"_blank\" rel=\"nofollow noopener\">a v\u00e9cu une ann\u00e9e 2025 \u00ab\u00a0particuli\u00e8rement difficile\u00a0\u00bb<\/a>, Jean-Marc Qu\u00e9m\u00e9neur estime que la page est tourn\u00e9e. \u00ab\u00a0Je suis arriv\u00e9 dans une mission d\u2019apaisement. La situation s\u2019est d\u00e9j\u00e0 am\u00e9lior\u00e9e, termine-t-il. Et, gr\u00e2ce au soutien de l\u2019\u00c9tat, nous avons d\u00e9sormais des conditions plus favorables pour avancer\u00a0\u00bb.<\/p>\n","protected":false},"excerpt":{"rendered":"Dans les mois qui ont suivi, les tensions ont eu du mal \u00e0 retomber, les d\u00e9parts ayant entra\u00een\u00e9&hellip;\n","protected":false},"author":2,"featured_media":1091295,"comment_status":"","ping_status":"","sticky":false,"template":"","format":"standard","meta":{"footnotes":"","_share_on_mastodon":"0"},"categories":[2821],"tags":[1111,11,3450,829,2171,765,9614,1777,674,3321,1011,27,848,3729,12,584,25,112539,5768],"class_list":["post-1091294","post","type-post","status-publish","format-standard","has-post-thumbnail","category-rennes","tag-actu","tag-actualites","tag-brest","tag-bretagne","tag-cotes-darmor","tag-en-continu","tag-enseignement","tag-eu","tag-europe","tag-finistere","tag-fr","tag-france","tag-ille-et-vilaine","tag-morbihan","tag-news","tag-rennes","tag-republique-francaise","tag-restauration-collective","tag-universite"],"share_on_mastodon":{"url":"https:\/\/pubeurope.com\/@fr\/116993287128516044","error":""},"_links":{"self":[{"href":"https:\/\/www.europesays.com\/fr\/wp-json\/wp\/v2\/posts\/1091294","targetHints":{"allow":["GET"]}}],"collection":[{"href":"https:\/\/www.europesays.com\/fr\/wp-json\/wp\/v2\/posts"}],"about":[{"href":"https:\/\/www.europesays.com\/fr\/wp-json\/wp\/v2\/types\/post"}],"author":[{"embeddable":true,"href":"https:\/\/www.europesays.com\/fr\/wp-json\/wp\/v2\/users\/2"}],"replies":[{"embeddable":true,"href":"https:\/\/www.europesays.com\/fr\/wp-json\/wp\/v2\/comments?post=1091294"}],"version-history":[{"count":0,"href":"https:\/\/www.europesays.com\/fr\/wp-json\/wp\/v2\/posts\/1091294\/revisions"}],"wp:featuredmedia":[{"embeddable":true,"href":"https:\/\/www.europesays.com\/fr\/wp-json\/wp\/v2\/media\/1091295"}],"wp:attachment":[{"href":"https:\/\/www.europesays.com\/fr\/wp-json\/wp\/v2\/media?parent=1091294"}],"wp:term":[{"taxonomy":"category","embeddable":true,"href":"https:\/\/www.europesays.com\/fr\/wp-json\/wp\/v2\/categories?post=1091294"},{"taxonomy":"post_tag","embeddable":true,"href":"https:\/\/www.europesays.com\/fr\/wp-json\/wp\/v2\/tags?post=1091294"}],"curies":[{"name":"wp","href":"https:\/\/api.w.org\/{rel}","templated":true}]}}