{"id":10914,"date":"2025-04-08T18:54:12","date_gmt":"2025-04-08T18:54:12","guid":{"rendered":"https:\/\/www.europesays.com\/fr\/10914\/"},"modified":"2025-04-08T18:54:12","modified_gmt":"2025-04-08T18:54:12","slug":"un-homme-interpelle-apres-avoir-agresse-et-menace-au-couteau-quatre-personnes","status":"publish","type":"post","link":"https:\/\/www.europesays.com\/fr\/10914\/","title":{"rendered":"un homme interpell\u00e9 apr\u00e8s avoir agress\u00e9 et menac\u00e9 au couteau quatre personnes"},"content":{"rendered":"<p>L\u2019individu de 33 ans a notamment perfor\u00e9 le poumon d\u2019un homme et agress\u00e9 deux infirmi\u00e8res, dans les quartiers est. Le suspect \u00e9tait sous l\u2019empire de la coca\u00efne et souffrirait de troubles psychiatriques.<\/p>\n<p class=\"fig-paragraph\">Un homme a \u00e9t\u00e9 interpell\u00e9 apr\u00e8s avoir agress\u00e9 et menac\u00e9 \u00e0 l\u2019aide de son couteau plusieurs personnes, dimanche dans la matin\u00e9e dans le 10e arrondissement de Marseille, a appris Le Figaro aupr\u00e8s d\u2019une source polici\u00e8re, confirmant une information initiale de<a href=\"https:\/\/www.bfmtv.com\/marseille\/info-bfm-marseille-provence-un-homme-interpelle-apres-avoir-agresse-trois-personnes-au-couteau_AN-202504070558.html\" target=\"_blank\" rel=\"nofollow noopener\" data-gtm-custom-categorie=\"navigation\" data-gtm-custom-action=\"crossclick\" data-gtm-custom-label=\"Contextuel\" data-gtm-event=\"customEventSPE\">\u00a0BFM Marseille<\/a>. Le suspect a d\u2019abord port\u00e9 des\u00a0<a href=\"http:\/\/www.lefigaro.fr\/bordeaux\/meurtre-dans-le-centre-ville-de-bordeaux-l-auteur-des-coups-de-couteau-mis-en-examen-pour-assassinat-20250331\" data-fig-type=\"NewsFlash\" data-gtm-custom-categorie=\"navigation\" data-gtm-custom-action=\"crossclick\" data-gtm-custom-label=\"Contextuel\" data-gtm-event=\"customEventSPE\" data-fig-domain=\"LEFIGARO\" target=\"_blank\" rel=\"noopener\">coups de couteau<\/a>\u00a0pour une raison inconnue \u00e0 un homme de 46 ans, lui perforant un poumon et le blessant au visage sans que son pronostic vital ne soit engag\u00e9.<\/p>\n<p class=\"fig-paragraph\">Puis, en poursuivant son chemin, ce m\u00eame suspect a menac\u00e9 avec son couteau deux infirmi\u00e8res, avant d\u2019endommager avec son v\u00e9hicule un autre v\u00e9hicule sans blesser le conducteur. Interpell\u00e9, le suspect se trouvait positif \u00e0 la coca\u00efne. Il a \u00e9t\u00e9 admis aux urgences psychiatriques au regard des troubles dont il semblait souffrir.<\/p>\n","protected":false},"excerpt":{"rendered":"L\u2019individu de 33 ans a notamment perfor\u00e9 le poumon d\u2019un homme et agress\u00e9 deux infirmi\u00e8res, dans les quartiers&hellip;\n","protected":false},"author":2,"featured_media":10915,"comment_status":"","ping_status":"","sticky":false,"template":"","format":"standard","meta":{"footnotes":""},"categories":[2814],"tags":[1111,11,1120,885,1182,1180,1181,5264,1777,674,1011,27,1184,1185,884,12,1177,1176,149,1186,882,235,25,1178,1183,1179],"class_list":{"0":"post-10914","1":"post","2":"type-post","3":"status-publish","4":"format-standard","5":"has-post-thumbnail","7":"category-marseille","8":"tag-actu","9":"tag-actualites","10":"tag-agression","11":"tag-bouches-du-rhone","12":"tag-calanques","13":"tag-canebiere","14":"tag-cite-phoceenne","15":"tag-couteau","16":"tag-eu","17":"tag-europe","18":"tag-fr","19":"tag-france","20":"tag-la-timone","21":"tag-les-baumettes-mediterranee","22":"tag-marseille","23":"tag-news","24":"tag-notre-dame-de-la-garde","25":"tag-olympique-de-marseille","26":"tag-om","27":"tag-provence","28":"tag-provence-alpes-cote-dazur","29":"tag-psychiatrie","30":"tag-republique-francaise","31":"tag-saint-charles","32":"tag-sormiou","33":"tag-vieux-port"},"share_on_mastodon":{"url":"https:\/\/pubeurope.com\/@fr\/114303868453765492","error":""},"_links":{"self":[{"href":"https:\/\/www.europesays.com\/fr\/wp-json\/wp\/v2\/posts\/10914","targetHints":{"allow":["GET"]}}],"collection":[{"href":"https:\/\/www.europesays.com\/fr\/wp-json\/wp\/v2\/posts"}],"about":[{"href":"https:\/\/www.europesays.com\/fr\/wp-json\/wp\/v2\/types\/post"}],"author":[{"embeddable":true,"href":"https:\/\/www.europesays.com\/fr\/wp-json\/wp\/v2\/users\/2"}],"replies":[{"embeddable":true,"href":"https:\/\/www.europesays.com\/fr\/wp-json\/wp\/v2\/comments?post=10914"}],"version-history":[{"count":0,"href":"https:\/\/www.europesays.com\/fr\/wp-json\/wp\/v2\/posts\/10914\/revisions"}],"wp:featuredmedia":[{"embeddable":true,"href":"https:\/\/www.europesays.com\/fr\/wp-json\/wp\/v2\/media\/10915"}],"wp:attachment":[{"href":"https:\/\/www.europesays.com\/fr\/wp-json\/wp\/v2\/media?parent=10914"}],"wp:term":[{"taxonomy":"category","embeddable":true,"href":"https:\/\/www.europesays.com\/fr\/wp-json\/wp\/v2\/categories?post=10914"},{"taxonomy":"post_tag","embeddable":true,"href":"https:\/\/www.europesays.com\/fr\/wp-json\/wp\/v2\/tags?post=10914"}],"curies":[{"name":"wp","href":"https:\/\/api.w.org\/{rel}","templated":true}]}}