{"id":109143,"date":"2025-05-18T10:44:10","date_gmt":"2025-05-18T10:44:10","guid":{"rendered":"https:\/\/www.europesays.com\/fr\/109143\/"},"modified":"2025-05-18T10:44:10","modified_gmt":"2025-05-18T10:44:10","slug":"yemen-le-tir-de-deux-missiles-sur-israel-revendiques-par-les-houthis-le-figaro","status":"publish","type":"post","link":"https:\/\/www.europesays.com\/fr\/109143\/","title":{"rendered":"Y\u00e9men : le tir de deux missiles sur Isra\u00ebl revendiqu\u00e9s par les Houthis &#8211; Le Figaro"},"content":{"rendered":"<ol>\n<li><a href=\"https:\/\/news.google.com\/rss\/articles\/CBMitgFBVV95cUxOdjhwbDFuUS1HMGN4al8tdVBHNkcwMDlZaWZUTS1sYVVBdDdnMjJ4a2FtUUhJMjNDUldZazV4eXE1TUlWdFFyTGJ0bnRyOVI1ak50Q3RJQlF2b2V0c1ZZYVJMSkxBQ2xrWFIweFd0TzNHQmkzR1dJSlpERzJEUm15ME8zbHc1Zk1CZXJHQU95ZHNTLVpDbkZDWGs1Xzl2THRDUEhlSWFQUm5CdzVUUThLbVpXS1pMQQ?oc=5\" target=\"_blank\" rel=\"noopener\">Y\u00e9men : le tir de deux missiles sur Isra\u00ebl revendiqu\u00e9s par les Houthis<\/a>&nbsp;&nbsp;Le Figaro<\/li>\n<li><a href=\"https:\/\/news.google.com\/rss\/articles\/CBMi0wJBVV95cUxOQ19WMlRlVmZtbHR1bS05YkVBWEtQZjFGSzJGQzYta09sTUt6TjNiV081WVJsTFhLYnVSVkFUSTYwRTZQRy1JbnB0anBKeXprT1RnQVNMNFNJM2RpQUlBckdvTzh3VmhTbkU4VXA1S2NobjdjcTN2Mnd4Sm9MUXVmMXNESjBJVUNpNmNYV215bUQ2VlNzYUhDcDFBVlV5eE1td3FPbkM5b1BmRUl3OU50SXhQOXVMVExkY1E2U1FqM25HRlpDM0FUSWg0cjA1RTNuQTJ5cFZQMkNzR2tqVlU2OUJoOXAxZkFMVmRHZzR5X09GdmR1cHZ0dEliazFiZEdtR2EwNGEyR1lHS1VEdUdmcmpwWE5hZEt1RXI5RnVQSHJ6ZUctT1lVZ3J3Sjc1eXRsaTgyZUZVQjlpRzlhNzBIZWdoT21CUXktMHJHYllOSDhsYTg?oc=5\" target=\"_blank\" rel=\"noopener\">En direct, guerres au Proche-Orient : au Y\u00e9men, des frappes isra\u00e9liennes sur les ports de Salif et Hode\u00efda<\/a>&nbsp;&nbsp;Le Monde.fr<\/li>\n<li><a href=\"https:\/\/news.google.com\/rss\/articles\/CBMi6gFBVV95cUxNc3FsZmNUUEF1Zkw3aTRDank4ZWU3dWRtaGRZQzd3czZJT3NQa0pGTlQ4RkM4YWZqOHVFTmZ1SDd5R0ZwYXhhTkptVWtpLVF1UHZYaGVLZ2I5bmliMEtDdk81ZnZMUkZlQ1JrbGhwX213T2s0OWxqLUVaREx6YzJFLU9RdlNoblctb29xb3FEV19ndzMzbllTUV9GT3hWZnlVRXJHLXBKNTl4eUktWW51UHJ1MDFSUURfZW9DR0g2VXpaZl9RRzY2T3BjbVIzamM4ZTB3VnJrTDF1VzlERHRNT1ZzWVZHVDFYWEE?oc=5\" target=\"_blank\" rel=\"noopener\">Y\u00e9men: les Houthis revendiquent le tir de \u00ab\u00a0deux missiles balistiques\u00a0\u00bb sur Isra\u00ebl<\/a>&nbsp;&nbsp;BFMTV<\/li>\n<li><a href=\"https:\/\/news.google.com\/rss\/articles\/CBMivAFBVV95cUxOWGJJR3MxblBVZFRVM0lTelJ2aXJsRDluMVVQTjZQMHNISlJsME5XSGZjX1ItcVJUd0FtUHU0NE1IOWt2TWVZbVJJM0N3ZVhHR0xwTTZTN2ZLQ1Nja2hIX0dBVXU1dUNCaGhOZVhwM1ZHLXlITDV1bmlQRkFmT053eHgtQXIyQ3Y1M0FvdVJQNWRnTWJCa1k3a0ZscDRHd1JoTUtoQmluZUh0ekV3alZLRnR1eW01ajQ1M1VsVg?oc=5\" target=\"_blank\" rel=\"noopener\">L&rsquo;arm\u00e9e isra\u00e9lienne dit avoir intercept\u00e9 un missile en provenance du Y\u00e9men<\/a>&nbsp;&nbsp;Le Figaro<\/li>\n<li><a href=\"https:\/\/news.google.com\/rss\/articles\/CBMiggJBVV95cUxNOFBHOGdXRUpvck9KeUNVeEVKV0xnSFk0Zjk3UWdJUWkzT2ZNSXVMRXFVOEhYNDJ2TXRvMFFLWEZhZ0I1M0xJa04xMnZvdUpCaXBXRk5lZ1otRnUxS1R2M1pXclEyY0tFVjZzc3BOSFdUZTJBZlU1al9oYTlfVGtzRktQTWh0cTl1VWhZbXVNdzZiTDExVG1Hdy1wVHdMSl9jMTRDb3JEVkZwUUI2bVNqSzN2S3QyVGk4ZEFRa2txWUFfeENqVnpJLW1sWUdsYlYzbDl1eE5FUjB6TGM2eGpITUxRQzgxOWFadGh4cXczc3hwS2pfVm5yRVdoQjdBdWlwU0E?oc=5\" target=\"_blank\" rel=\"noopener\">Mer Rouge : Isra\u00ebl r\u00e9plique aux houthistes en bombardant les ports d\u2019Hodeidah et de Salif au Y\u00e9men<\/a>&nbsp;&nbsp;Le marin<\/li>\n<\/ol>\n","protected":false},"excerpt":{"rendered":"Y\u00e9men : le tir de deux missiles sur Isra\u00ebl revendiqu\u00e9s par les Houthis&nbsp;&nbsp;Le Figaro En direct, guerres au&hellip;\n","protected":false},"author":2,"featured_media":109144,"comment_status":"","ping_status":"","sticky":false,"template":"","format":"standard","meta":{"footnotes":""},"categories":[2],"tags":[259,11,260,1011,27,14,261,12,262,25,3885],"class_list":{"0":"post-109143","1":"post","2":"type-post","3":"status-publish","4":"format-standard","5":"has-post-thumbnail","7":"category-actualites","8":"tag-actualite-internationale","9":"tag-actualites","10":"tag-affaires-etrangeres","11":"tag-fr","12":"tag-france","13":"tag-international","14":"tag-ministere-des-affaires-etrangeres","15":"tag-news","16":"tag-politique-etrangere","17":"tag-republique-francaise","18":"tag-yemen"},"share_on_mastodon":{"url":"https:\/\/pubeurope.com\/@fr\/114528430624586245","error":""},"_links":{"self":[{"href":"https:\/\/www.europesays.com\/fr\/wp-json\/wp\/v2\/posts\/109143","targetHints":{"allow":["GET"]}}],"collection":[{"href":"https:\/\/www.europesays.com\/fr\/wp-json\/wp\/v2\/posts"}],"about":[{"href":"https:\/\/www.europesays.com\/fr\/wp-json\/wp\/v2\/types\/post"}],"author":[{"embeddable":true,"href":"https:\/\/www.europesays.com\/fr\/wp-json\/wp\/v2\/users\/2"}],"replies":[{"embeddable":true,"href":"https:\/\/www.europesays.com\/fr\/wp-json\/wp\/v2\/comments?post=109143"}],"version-history":[{"count":0,"href":"https:\/\/www.europesays.com\/fr\/wp-json\/wp\/v2\/posts\/109143\/revisions"}],"wp:featuredmedia":[{"embeddable":true,"href":"https:\/\/www.europesays.com\/fr\/wp-json\/wp\/v2\/media\/109144"}],"wp:attachment":[{"href":"https:\/\/www.europesays.com\/fr\/wp-json\/wp\/v2\/media?parent=109143"}],"wp:term":[{"taxonomy":"category","embeddable":true,"href":"https:\/\/www.europesays.com\/fr\/wp-json\/wp\/v2\/categories?post=109143"},{"taxonomy":"post_tag","embeddable":true,"href":"https:\/\/www.europesays.com\/fr\/wp-json\/wp\/v2\/tags?post=109143"}],"curies":[{"name":"wp","href":"https:\/\/api.w.org\/{rel}","templated":true}]}}