{"id":109149,"date":"2025-05-18T10:47:08","date_gmt":"2025-05-18T10:47:08","guid":{"rendered":"https:\/\/www.europesays.com\/fr\/109149\/"},"modified":"2025-05-18T10:47:08","modified_gmt":"2025-05-18T10:47:08","slug":"volley-ball-montceau-news-linformation-de-montceau-les-mines-et-sa-region-3","status":"publish","type":"post","link":"https:\/\/www.europesays.com\/fr\/109149\/","title":{"rendered":"Volley-ball \u00ab Montceau News | L&rsquo;information de Montceau les Mines et sa region"},"content":{"rendered":"<p>\u00a0<\/p>\n<p>Ce vendredi soir, c\u2019est au gymnase J.P Beysserias\u00a0du lyc\u00e9e que l\u2019ASPM a disput\u00e9 le 1er tour de la coupe de Sa\u00f4ne et Loire masculine de Volley-ball face \u00e0 l\u2019\u00e9quipe 1 du Creusot.<\/p>\n<p>\u00a0<\/p>\n<p>Un adversaire solide contre lequel la saveur d\u2019un match n\u2019est jamais la m\u00eame, tendant\u00a0davantage vers le soufre derby oblige. Cette \u00e9ni\u00e8me confrontation n\u2019a \u00e9videmment pas \u00e9chapp\u00e9 \u00e0 la r\u00e8gle mais si Le Creusot en est sorti vainqueur, il n\u2019en est pas sorti grandi loin s\u2019en faut. Quel int\u00e9r\u00eat avaient les Creusotins \u00e0 pourrir la rencontre de remarques aussi d\u00e9plac\u00e9es qu\u2019anti sportives\u00a0? Pourquoi afficher une telle arrogance en finissant un championnat r\u00e9gional \u00e0 une \u00ab\u00a0\u00e9poustouflante\u00a0\u00bb 10e place ? O\u00f9 sont les valeurs du sport face \u00e0 un comportement aussi indigne et contraire \u00e0 l\u2019esprit de comp\u00e9tition ? Qu\u2019importe, les Montcelliens ont su garder leurs nerfs et rester lucides jusqu\u2019au bout pour ne se focaliser que sur le jeu. Mention sp\u00e9ciale \u00e0 Antonin Chevalier qui a su arbitrer la rencontre avec rigueur et impartialit\u00e9.<\/p>\n<p>\u00a0<\/p>\n<p>Le 1er set a imm\u00e9diatement donn\u00e9 le ton avec des \u00e9changes men\u00e9s sur un rythme offensif dans une ambiance lourde. Chaque \u00e9quipe a la volont\u00e9 de ne rien c\u00e9der \u00e0 l\u2019adversaire mais les maladresses des locaux finissent par leur co\u00fbter la manche (25-19). Les joueurs de la cit\u00e9 du Pilon expriment alors si bruyamment leur satisfaction qu\u2019il est impossible d\u2019y voir autre chose que de la provocation. Malgr\u00e9 son potentiel, cette \u00e9quipe fait preuve d\u2019une telle petitesse dans son comportement\u00a0collectif que cela g\u00e2che toute forme d\u2019admiration pouvant lui \u00eatre port\u00e9e.\u00a0<\/p>\n<p>\u00a0<\/p>\n<p>La bouffonnerie\u00a0va se poursuivre durant la 2e manche sans que l\u2019ASPM ne se rel\u00e2che pour autant \u00e0 l\u2019image de son lib\u00e9ro d\u2019un soir, Ludo Perrin, au four et au moulin. Les centraux sont pr\u00e9sents au contre et la r\u00e9ception tient le choc mais c\u2019est bien le Creusot qui m\u00e8ne\u00a0les d\u00e9bats (en parlant toujours trop) jusqu\u2019au dernier point (25-18).<\/p>\n<p>\u00a0<\/p>\n<p>Nico Verrier fait tourner son effectif au 3e set et ses joueurs vont aller chercher des ressources insoup\u00e7onn\u00e9es pour faire longtemps jeu \u00e9gal avec leurs adversaires (20-20). Mais il \u00e9tait \u00e9crit que l\u2019aventure s\u2019arr\u00eaterait l\u00e0, les derniers points d\u00e9filent vite et le coup de sifflet\u00a0final retentit validant la victoire finale des visiteurs (25-20).<\/p>\n<p>\u00a0<\/p>\n<p>L\u2019ASPM est tomb\u00e9e avec ses armes et avec les honneurs, fid\u00e8les \u00e0 leurs convictions ses joueurs se sont alors rassembl\u00e9s sur le terrain pour un dernier moment d\u2019unit\u00e9.<\/p>\n<p>\u00a0<\/p>\n<p>Il y avait mieux \u00e0 faire que de r\u00e9pondre \u00e0 l\u2019immaturit\u00e9 par un comportement d\u00e9plac\u00e9, \u00eatre fort c\u2019est avant tout \u00eatre capable de faire preuve de r\u00e9silience.<\/p>\n<p>\u00a0<\/p>\n<p>L\u2019apr\u00e8s match a surtout \u00e9t\u00e9 l\u2019occasion de f\u00eater l\u2019anniversaire de Charly Pernette autour du traditionnel casse-cro\u00fbte\u00a0made in Le Bon Boeuf. Nous tairons son \u00e2ge par respect pour son dynamisme l\u00e9gendaire mais l\u2019amiti\u00e9 de chacun lui a \u00e9t\u00e9 pleinement exprim\u00e9e.<\/p>\n<p>\u00a0<\/p>\n<p>De fa\u00e7on plus personnelle, en tant que \u00ab\u00a0joueur-conteur\u00a0\u00bb, j\u2019ai eu le privil\u00e8ge de partager avec l\u2019\u00e9quipe des moments uniques et avec vous bien plus que des mots : des \u00e9motions, des victoires, des d\u00e9faites et ma passion pour ce sport. L\u2019heure est maintenant venue de ranger d\u00e9finitivement les baskets et de poser la plume. Je tiens \u00e0 remercier du fond du c\u0153ur celles et ceux qui m\u2019ont lu, suivi, encourag\u00e9 et soutenu au fil des saisons. Vos retours comme vos partages ont permis de donner un sens unique \u00e0 chacune de mes lignes.<\/p>\n<p>\u00a0<\/p>\n<p>\u00a0<\/p>\n<p>Merci infiniment\u2026<\/p>\n<p>\u00a0<\/p>\n<p><b>Manu Bator<\/b><\/p>\n","protected":false},"excerpt":{"rendered":"\u00a0 Ce vendredi soir, c\u2019est au gymnase J.P Beysserias\u00a0du lyc\u00e9e que l\u2019ASPM a disput\u00e9 le 1er tour de&hellip;\n","protected":false},"author":2,"featured_media":109150,"comment_status":"","ping_status":"","sticky":false,"template":"","format":"standard","meta":{"footnotes":""},"categories":[1417],"tags":[1011,27,60,1470,1469],"class_list":{"0":"post-109149","1":"post","2":"type-post","3":"status-publish","4":"format-standard","5":"has-post-thumbnail","7":"category-volley","8":"tag-fr","9":"tag-france","10":"tag-sports","11":"tag-volley","12":"tag-volleyball"},"share_on_mastodon":{"url":"https:\/\/pubeurope.com\/@fr\/114528442463713461","error":""},"_links":{"self":[{"href":"https:\/\/www.europesays.com\/fr\/wp-json\/wp\/v2\/posts\/109149","targetHints":{"allow":["GET"]}}],"collection":[{"href":"https:\/\/www.europesays.com\/fr\/wp-json\/wp\/v2\/posts"}],"about":[{"href":"https:\/\/www.europesays.com\/fr\/wp-json\/wp\/v2\/types\/post"}],"author":[{"embeddable":true,"href":"https:\/\/www.europesays.com\/fr\/wp-json\/wp\/v2\/users\/2"}],"replies":[{"embeddable":true,"href":"https:\/\/www.europesays.com\/fr\/wp-json\/wp\/v2\/comments?post=109149"}],"version-history":[{"count":0,"href":"https:\/\/www.europesays.com\/fr\/wp-json\/wp\/v2\/posts\/109149\/revisions"}],"wp:featuredmedia":[{"embeddable":true,"href":"https:\/\/www.europesays.com\/fr\/wp-json\/wp\/v2\/media\/109150"}],"wp:attachment":[{"href":"https:\/\/www.europesays.com\/fr\/wp-json\/wp\/v2\/media?parent=109149"}],"wp:term":[{"taxonomy":"category","embeddable":true,"href":"https:\/\/www.europesays.com\/fr\/wp-json\/wp\/v2\/categories?post=109149"},{"taxonomy":"post_tag","embeddable":true,"href":"https:\/\/www.europesays.com\/fr\/wp-json\/wp\/v2\/tags?post=109149"}],"curies":[{"name":"wp","href":"https:\/\/api.w.org\/{rel}","templated":true}]}}