{"id":109153,"date":"2025-05-18T10:49:07","date_gmt":"2025-05-18T10:49:07","guid":{"rendered":"https:\/\/www.europesays.com\/fr\/109153\/"},"modified":"2025-05-18T10:49:07","modified_gmt":"2025-05-18T10:49:07","slug":"atp-rome-mouratoglou-surpris-par-alcaraz-cest-une-declaration-rare-a-entendre-a-ce-niveau","status":"publish","type":"post","link":"https:\/\/www.europesays.com\/fr\/109153\/","title":{"rendered":"ATP &#8211; Rome > Mouratoglou surpris par Alcaraz : \u00ab\u00a0C&rsquo;est une d\u00e9claration rare \u00e0 entendre \u00e0 ce niveau\u00a0\u00bb"},"content":{"rendered":"<p>Dans un post publi\u00e9 sur Linkedln, l\u2019en\u00adtra\u00ee\u00adneur fran\u00ad\u00e7ais Patrick Mouratoglou a donn\u00e9 son avis  sur la fran\u00adchise et quelques d\u00e9cla\u00adra\u00adtions fortes de Carlos Alcaraz et son entra\u00ee\u00adneur, Juan Carlos Ferrero, dans le docu\u00admen\u00adtaire sorti sur Netflix.\u00a0<\/p>\n<p><strong>\u00ab \u2018Carlos doit choisir qui il veut \u00eatre.\u2019 C\u2019est ce qu\u2019a d\u00e9clar\u00e9 son entra\u00ee\u00adneur, Juan Carlos Ferrero, \u00e0 propos de Carlos Alcaraz dans le docu\u00admen\u00adtaire sur Netflix. Et cela a fait r\u00e9agir tout le monde dans le monde du tennis. Carlos lui\u2010m\u00eame d\u00e9clare\u00a0: \u2018\u00c0 l\u2019heure actuelle, ma plus grande crainte serait de consi\u00add\u00e9rer le tennis comme une obli\u00adga\u00adtion.\u2019 C\u2019est une d\u00e9cla\u00adra\u00adtion forte, et rare \u00e0 entendre \u00e0 ce niveau. Tout d\u2019abord, ce que Carlos a d\u00e9j\u00e0 accompli \u00e0 un si jeune \u00e2ge est incroyable. Quatre fois vain\u00adqueur d\u2019un Grand Chelem. Num\u00e9ro 1 mondial. Mais entendre son entra\u00ee\u00adneur d\u00e9clarer publi\u00adque\u00adment qu\u2019il ne s\u2019in\u00advestit pas \u00e0 100\u202f% ? C\u2019est auda\u00adcieux et risqu\u00e9. Apparemment, la fa\u00e7on dont Carlos g\u00e8re la pres\u00adsion est de ne pas s\u2019in\u00advestir \u00e0 100\u202f%, ce que l\u2019on observe chez de nombreux athl\u00e8tes de haut niveau. C\u2019est une fa\u00e7on de rel\u00e2\u00adcher la pres\u00adsion. Est\u2010ce la bonne m\u00e9thode\u202f? Certainement pas<\/strong>, a estim\u00e9 l\u2019ac\u00adtuel coach de Naomi Osaka avant de poursuivre.<\/p>\n<p><strong>Ferrero essaie proba\u00adble\u00adment de motiver son joueur. Il a peut\u2010\u00eatre d\u00e9j\u00e0 essay\u00e9 autre chose pour que Carlos se donne \u00e0 100\u202f% et cela n\u2019a pas fonc\u00adtionn\u00e9, alors il passe \u00e0 la vitesse sup\u00e9\u00adrieure. Est\u2010ce la bonne m\u00e9thode\u202f? Je ne sais pas. Si cela fonc\u00adtionne, bravo. Si cela nuit au joueur ou \u00e0 leur rela\u00adtion, alors je dirais que ce n\u2019est pas une bonne d\u00e9ci\u00adsion. Voyons comment Carlos va r\u00e9agir. Peut\u2010\u00eatre r\u00e9agira\u2010t\u2010il de mani\u00e8re posi\u00adtive. Mais c\u2019est risqu\u00e9.<\/strong> <strong>Voyons comment Carlos va r\u00e9agir. Peut\u2010\u00eatre r\u00e9agira\u2010t\u2010il de mani\u00e8re posi\u00adtive. Mais c\u2019est risqu\u00e9. \u00c0 Rome, Carlos a livr\u00e9 l\u2019un de ses meilleurs matchs de l\u2019ann\u00e9e contre Jack Draper. Son \u00e9quipe semble soud\u00e9e. Devant la presse, il s\u2019est m\u00eame tourn\u00e9 vers son agent et lui a dit\u00a0: \u2018Ce qui est beau, c\u2019est que nous sommes tous dans le m\u00eame bateau.\u2019\u202f\u00bb<\/strong><\/p>\n<p>Carlos Alcaraz a l\u2019oc\u00adca\u00adsion dimanche contre Jannik Sinner \u00e0 Rome de remporter un 19e titre \u00e0 seule\u00adment 22 ans, et un 7e Masters 1000. Rien que\u00a0\u00e7a.<\/p>\n<p class=\"post-published-date\" style=\"color: silver; font-size: 75%; text-align: left;\">Publi\u00e9 le dimanche 18 mai 2025 \u00e0 08:24<\/p>\n","protected":false},"excerpt":{"rendered":"Dans un post publi\u00e9 sur Linkedln, l\u2019en\u00adtra\u00ee\u00adneur fran\u00ad\u00e7ais Patrick Mouratoglou a donn\u00e9 son avis sur la fran\u00adchise et&hellip;\n","protected":false},"author":2,"featured_media":15493,"comment_status":"","ping_status":"","sticky":false,"template":"","format":"standard","meta":{"footnotes":""},"categories":[1415],"tags":[1744,4388,7275,1011,27,8447,2127,60,1467],"class_list":{"0":"post-109153","1":"post","2":"type-post","3":"status-publish","4":"format-standard","5":"has-post-thumbnail","7":"category-tennis","8":"tag-alcaraz","9":"tag-draper","10":"tag-ferrero","11":"tag-fr","12":"tag-france","13":"tag-osaka","14":"tag-sinner","15":"tag-sports","16":"tag-tennis"},"share_on_mastodon":{"url":"https:\/\/pubeurope.com\/@fr\/114528450181636442","error":""},"_links":{"self":[{"href":"https:\/\/www.europesays.com\/fr\/wp-json\/wp\/v2\/posts\/109153","targetHints":{"allow":["GET"]}}],"collection":[{"href":"https:\/\/www.europesays.com\/fr\/wp-json\/wp\/v2\/posts"}],"about":[{"href":"https:\/\/www.europesays.com\/fr\/wp-json\/wp\/v2\/types\/post"}],"author":[{"embeddable":true,"href":"https:\/\/www.europesays.com\/fr\/wp-json\/wp\/v2\/users\/2"}],"replies":[{"embeddable":true,"href":"https:\/\/www.europesays.com\/fr\/wp-json\/wp\/v2\/comments?post=109153"}],"version-history":[{"count":0,"href":"https:\/\/www.europesays.com\/fr\/wp-json\/wp\/v2\/posts\/109153\/revisions"}],"wp:featuredmedia":[{"embeddable":true,"href":"https:\/\/www.europesays.com\/fr\/wp-json\/wp\/v2\/media\/15493"}],"wp:attachment":[{"href":"https:\/\/www.europesays.com\/fr\/wp-json\/wp\/v2\/media?parent=109153"}],"wp:term":[{"taxonomy":"category","embeddable":true,"href":"https:\/\/www.europesays.com\/fr\/wp-json\/wp\/v2\/categories?post=109153"},{"taxonomy":"post_tag","embeddable":true,"href":"https:\/\/www.europesays.com\/fr\/wp-json\/wp\/v2\/tags?post=109153"}],"curies":[{"name":"wp","href":"https:\/\/api.w.org\/{rel}","templated":true}]}}