{"id":1091543,"date":"2026-07-27T20:58:15","date_gmt":"2026-07-27T20:58:15","guid":{"rendered":"https:\/\/www.europesays.com\/fr\/1091543\/"},"modified":"2026-07-27T20:58:15","modified_gmt":"2026-07-27T20:58:15","slug":"feu-en-gironde-emmanuel-macron-en-direct-de-bordeaux","status":"publish","type":"post","link":"https:\/\/www.europesays.com\/fr\/1091543\/","title":{"rendered":"Feu en Gironde : Emmanuel Macron en direct de Bordeaux"},"content":{"rendered":"<p class=\"jsx-434962304 jsx-2164199691 ExpandableText__Text\">Emmanuel Macron est \u00e0 Bordeaux pour saluer l&rsquo;engagement des pompiers, mais aussi des \u00e9lus. Il s&rsquo;est rendu au centre de crise du Codis, le centre op\u00e9rationnel qui g\u00e8re le d\u00e9ploiement des forces de secours. Il appelle \u00e0 rester unis pour gagner cette longue  bataille. Le pr\u00e9sident de la R\u00e9publique prend la parole en direct de Bordeaux. Il affirme, entre autres, que dans les Landes, \u00ab le feu est fix\u00e9 \u00bb, tout en qualifiant cette situation en Gironde de \u00ab difficile \u00bb.<\/p>\n<p>Lire plusReplier<\/p>\n","protected":false},"excerpt":{"rendered":"Emmanuel Macron est \u00e0 Bordeaux pour saluer l&rsquo;engagement des pompiers, mais aussi des \u00e9lus. Il s&rsquo;est rendu au&hellip;\n","protected":false},"author":2,"featured_media":1091544,"comment_status":"","ping_status":"","sticky":false,"template":"","format":"standard","meta":{"footnotes":"","_share_on_mastodon":"0"},"categories":[2817],"tags":[1111,11,1997,6698,1073,1777,674,1011,27,108266,2952,12,2219,25,12817,35722,133,14529,34308],"class_list":["post-1091543","post","type-post","status-publish","format-standard","has-post-thumbnail","category-bordeaux","tag-actu","tag-actualites","tag-bordeaux","tag-canicule","tag-emmanuel-macron","tag-eu","tag-europe","tag-fr","tag-france","tag-incendies-un-ete-2026-de-tous-les-dangers-en-france","tag-le-20h","tag-news","tag-nouvelle-aquitaine","tag-republique-francaise","tag-secheresse","tag-vagues-de-chaleur","tag-video","tag-video-regions","tag-vie-en-regions"],"share_on_mastodon":{"url":"https:\/\/pubeurope.com\/@fr\/116993950275251385","error":""},"_links":{"self":[{"href":"https:\/\/www.europesays.com\/fr\/wp-json\/wp\/v2\/posts\/1091543","targetHints":{"allow":["GET"]}}],"collection":[{"href":"https:\/\/www.europesays.com\/fr\/wp-json\/wp\/v2\/posts"}],"about":[{"href":"https:\/\/www.europesays.com\/fr\/wp-json\/wp\/v2\/types\/post"}],"author":[{"embeddable":true,"href":"https:\/\/www.europesays.com\/fr\/wp-json\/wp\/v2\/users\/2"}],"replies":[{"embeddable":true,"href":"https:\/\/www.europesays.com\/fr\/wp-json\/wp\/v2\/comments?post=1091543"}],"version-history":[{"count":0,"href":"https:\/\/www.europesays.com\/fr\/wp-json\/wp\/v2\/posts\/1091543\/revisions"}],"wp:featuredmedia":[{"embeddable":true,"href":"https:\/\/www.europesays.com\/fr\/wp-json\/wp\/v2\/media\/1091544"}],"wp:attachment":[{"href":"https:\/\/www.europesays.com\/fr\/wp-json\/wp\/v2\/media?parent=1091543"}],"wp:term":[{"taxonomy":"category","embeddable":true,"href":"https:\/\/www.europesays.com\/fr\/wp-json\/wp\/v2\/categories?post=1091543"},{"taxonomy":"post_tag","embeddable":true,"href":"https:\/\/www.europesays.com\/fr\/wp-json\/wp\/v2\/tags?post=1091543"}],"curies":[{"name":"wp","href":"https:\/\/api.w.org\/{rel}","templated":true}]}}