{"id":109156,"date":"2025-05-18T10:52:09","date_gmt":"2025-05-18T10:52:09","guid":{"rendered":"https:\/\/www.europesays.com\/fr\/109156\/"},"modified":"2025-05-18T10:52:09","modified_gmt":"2025-05-18T10:52:09","slug":"la-grille-de-depart-du-gp-demilie-romagne-f1-2025-motorsport-com","status":"publish","type":"post","link":"https:\/\/www.europesays.com\/fr\/109156\/","title":{"rendered":"La grille de d\u00e9part du GP d&#039;\u00c9milie-Romagne F1 2025 &#8211; Motorsport.com"},"content":{"rendered":"<ol>\n<li><a href=\"https:\/\/news.google.com\/rss\/articles\/CBMihwFBVV95cUxObXRDTlJOeTZpMXdKTEhrM01mMHFBbWdPUUpLcENLaEs0T2c4QWJuTExpRXVxRnVVMmJEUFc0RnI0eXd0RjR6VW5nS0ZyaXF3Tk5HTXpCOVBCNmtZRzRON0xnY0wxZ3hUbkN3LTlEeXR3bHFtbjBKeGw1TC13Ni01REFVTVVFWWc?oc=5\" target=\"_blank\" rel=\"noopener\">La grille de d\u00e9part du GP d&rsquo;\u00c9milie-Romagne F1 2025<\/a>&nbsp;&nbsp;Motorsport.com<\/li>\n<li><a href=\"https:\/\/news.google.com\/rss\/articles\/CBMi4gFBVV95cUxPLS1jMUZXcnRYQk5QX1RzanhWcXZDajZzQWlBZVFnSEsxOFFnRWJCUTBTNnkzM3c4eVlFMUhIaDh0UDFnX0FfX1U0LTdYMmlPNjhfdko5WmplUGVIMDlQYUM0eE9PdWVXV0E3cjk1TzhZbnJJNlNBN2M2SFRIUFM1aTVRSFBoRjhwQUFFSkxpOHp4VVctMzhTQWJPNmExc09DcnRjN1k3ZVliNzVKWExTVVZNWGVOX3VSenBTcENFWjJQNy1uNjJ5RXF1RFN5UnpGR3F0a1I0Ykg0YTZGdHJDcXB3?oc=5\" target=\"_blank\" rel=\"noopener\">Oscar Piastri (McLaren) en pole du GP d&rsquo;\u00c9milie-Romagne, Isack Hadjar et Pierre Gasly dans le top 10<\/a>&nbsp;&nbsp;L&rsquo;\u00c9quipe<\/li>\n<li><a href=\"https:\/\/news.google.com\/rss\/articles\/CBMi2AFBVV95cUxNUl9LNEdXYzVYd0ZyaTYtekVsY0J2NHZpbEZrMkVPOEstZjhGMXhCZV9RYlVQZFdaTHphUU1MTGZvcUdwOFBCSmthVTNoWEZJbUJpTXUtSlgzNS1JaE1TM1o5SHFZaURTT1dXWVV4LWU1SHVuTVBhTzJYWkZmQmNZaTRXRi1TdWFWdV9xdnZsQkZMd2N1RWMzdUlBdHpUTEdSS3J6N3JFMDkxSjhTUmtVV212UDZSTGxNd1BEc0ZGZV8tVll2OTVzS0VBSlcybEVrVmF1SGg5RlQ?oc=5\" target=\"_blank\" rel=\"noopener\">F1 &#8211; GP d&rsquo;Emilie-Romagne : Suivez la course en direct \u00e0 partir de 15h00<\/a>&nbsp;&nbsp;Orange Actualit\u00e9s | Sports<\/li>\n<li><a href=\"https:\/\/news.google.com\/rss\/articles\/CBMiswFBVV95cUxNYzBsNlFiNXI5NHlSSmpfVjZZWHZMYkhtVnZhZmJjTVJQa3ZudHVqQUhyeUhwM3lBdldpcENHSHYzX1B6N19UUDJ5My1hS3UzN1FlVXpQQWlkSWlCaUd2ZExPUDYxbkd0c3h5UFNyVGppb1ExZUE0T09oc0s2WFpneWJ3ak5Xc3VzZnVSSXQwdmttZkotcEx2UnB5Znctdi1sUVVudjljNGg3SFNDV3JWemphdw?oc=5\" target=\"_blank\" rel=\"noopener\">\u00c0 quelle heure et sur quelle cha\u00eene regarder le GP F1 d\u2019Emilie-Romagne ?<\/a>&nbsp;&nbsp;20 Minutes<\/li>\n<li><a href=\"https:\/\/news.google.com\/rss\/articles\/CBMivwFBVV95cUxOUmN0bjdmMDB3a1B6MVR1MUQtUWRKTmlBZmtMbENoc1ZfQ2pUQmZRblp3dHFsRG5MaWR5TVFjVkZJR0U3YklkRTZMRTRfY0ZoZXN6QncyQUlkUDdyY2VONS1nVWRlbXJmVGpkQ0w5bGM1NU40UEt1bm9MMDBIY0w3cDBvN0s2WTlCckhTbWpVX1U3cUtVVzZaS1hZeU95VkRQMHBxYlZ3bTBSTk1admFPMkRoUUt5T3hqZ2Z2YlBNaw?oc=5\" target=\"_blank\" rel=\"noopener\">Grand Prix d\u2019\u00c9milie-Romagne 2025 de F1 : le programme complet du dimanche \u00e0 Imola<\/a>&nbsp;&nbsp;autohebdo.fr<\/li>\n<\/ol>\n","protected":false},"excerpt":{"rendered":"La grille de d\u00e9part du GP d&rsquo;\u00c9milie-Romagne F1 2025&nbsp;&nbsp;Motorsport.com Oscar Piastri (McLaren) en pole du GP d&rsquo;\u00c9milie-Romagne, Isack&hellip;\n","protected":false},"author":2,"featured_media":109157,"comment_status":"","ping_status":"","sticky":false,"template":"","format":"standard","meta":{"footnotes":""},"categories":[1412],"tags":[1451,1452,1453,1454,1455,1011,27,18197,9935,60],"class_list":{"0":"post-109156","1":"post","2":"type-post","3":"status-publish","4":"format-standard","5":"has-post-thumbnail","7":"category-f1","8":"tag-f1","9":"tag-formula-1","10":"tag-formula1","11":"tag-formule-1","12":"tag-formule1","13":"tag-fr","14":"tag-france","15":"tag-gp-du00c9milie-romagne","16":"tag-imola","17":"tag-sports"},"share_on_mastodon":{"url":"https:\/\/pubeurope.com\/@fr\/114528462093243519","error":""},"_links":{"self":[{"href":"https:\/\/www.europesays.com\/fr\/wp-json\/wp\/v2\/posts\/109156","targetHints":{"allow":["GET"]}}],"collection":[{"href":"https:\/\/www.europesays.com\/fr\/wp-json\/wp\/v2\/posts"}],"about":[{"href":"https:\/\/www.europesays.com\/fr\/wp-json\/wp\/v2\/types\/post"}],"author":[{"embeddable":true,"href":"https:\/\/www.europesays.com\/fr\/wp-json\/wp\/v2\/users\/2"}],"replies":[{"embeddable":true,"href":"https:\/\/www.europesays.com\/fr\/wp-json\/wp\/v2\/comments?post=109156"}],"version-history":[{"count":0,"href":"https:\/\/www.europesays.com\/fr\/wp-json\/wp\/v2\/posts\/109156\/revisions"}],"wp:featuredmedia":[{"embeddable":true,"href":"https:\/\/www.europesays.com\/fr\/wp-json\/wp\/v2\/media\/109157"}],"wp:attachment":[{"href":"https:\/\/www.europesays.com\/fr\/wp-json\/wp\/v2\/media?parent=109156"}],"wp:term":[{"taxonomy":"category","embeddable":true,"href":"https:\/\/www.europesays.com\/fr\/wp-json\/wp\/v2\/categories?post=109156"},{"taxonomy":"post_tag","embeddable":true,"href":"https:\/\/www.europesays.com\/fr\/wp-json\/wp\/v2\/tags?post=109156"}],"curies":[{"name":"wp","href":"https:\/\/api.w.org\/{rel}","templated":true}]}}