{"id":109158,"date":"2025-05-18T10:53:08","date_gmt":"2025-05-18T10:53:08","guid":{"rendered":"https:\/\/www.europesays.com\/fr\/109158\/"},"modified":"2025-05-18T10:53:08","modified_gmt":"2025-05-18T10:53:08","slug":"joel-plamondon-jai-lance-trop-tard-mon-sprint-actualite","status":"publish","type":"post","link":"https:\/\/www.europesays.com\/fr\/109158\/","title":{"rendered":"Jo\u00ebl Plamondon : \u00ab J\u2019ai lanc\u00e9 trop tard mon sprint \u00bb &#8211; Actualit\u00e9"},"content":{"rendered":"<p style=\"text-align: justify;\">Jo\u00ebl Plamondon a d\u00fb se d\u00e9brouiller tout seul, ce samedi, lors de la Classic 71. En effet, le Canadien \u00e9tait le seul repr\u00e9sentant du Team Marni N\u2019side au d\u00e9part de l\u2019\u00e9preuve bourguignonne. \u201cJe savais que \u00e7a allait \u00eatre une journ\u00e9e difficile. Je devais s\u00e9lectionner\u00a0les attaques que je suivais. \u00c0 un moment, en milieu de course, il y a eu un gros coup (de 18 coureurs, NDLR) qui est parti. J\u2019ai un peu paniqu\u00e9, surtout que presque toutes les \u00e9quipes \u00e9taient repr\u00e9sent\u00e9es\u201c, raconte-t-il au micro de DirectVelo.<\/p>\n<p style=\"text-align: justify;\">Finalement, tout est rentr\u00e9 dans l\u2019ordre. \u201cDans la bosse, \u00e7a a roul\u00e9 fort et on a r\u00e9ussi \u00e0 revenir, m\u00eame si je ne m\u2019y attendais pas\u201c. Dans l\u2019ultime ascension, le coureur de 22 ans a cette fois-ci accompagn\u00e9 la bonne \u00e9chapp\u00e9e. \u201cVillefranche avait clairement l&rsquo;intention de faire un coup. Je les voyais tous devant. Deux gars de leur \u00e9quipe ont pass\u00e9 la mont\u00e9e en t\u00eate\u201c. Jo\u00ebl Plamondon a accompagn\u00e9 Quentin Cowan et Tom Lambert Wetzel (VC Villefranche Beaujolais), Yoan Morin (Bourg-en-Bresse Ain Cyclisme) et Julian Burnet (AC Bisontine). Puis le futur vainqueur, Th\u00e9o Thomas (SCO Dijon Materiel-velo.com) a op\u00e9r\u00e9 la jonction peu apr\u00e8s.<\/p>\n<p style=\"text-align: justify;\">\u201cC\u2019\u00e9tait assez tactique. Tout le monde se regardait quelque peu\u201c. Dans la ligne droite finale, il a \u00e9t\u00e9\u00a0d\u00e9pass\u00e9 par Th\u00e9o Thomas (<strong><a href=\"https:\/\/www.directvelo.com\/actualite\/120736\/classic-71-classement\" target=\"_blank\" rel=\"noopener\">voir classement<\/a><\/strong>). \u201cJ\u2019ai lanc\u00e9 trop tard mon sprint. Le mec de Dijon m\u2019a pass\u00e9 \u00e0 la derni\u00e8re seconde. Mais je suis quand m\u00eame tr\u00e8s content\u201c. Vainqueur fin avril d\u2019une \u00e9tape du Souvenir Patrick-Metz (<strong><a href=\"https:\/\/www.directvelo.com\/actualite\/120256\/joel-plamondon-vainqueur-au-bout-de-la-douleur\" target=\"_blank\" rel=\"noopener\">lire ici<\/a><\/strong>), manche de la Coupe de France N2, il surfe toujours sur la bonne vague. \u201cC\u2019est bon signe. Je ne suis pas non plus au top de ma forme. J\u2019esp\u00e8re pouvoir continuer \u00e0 progresser\u201c. En juin, le Qu\u00e9b\u00e9cois voudra \u00eatre au top. Il aura deux gros rendez-vous chez lui, le Tour de Beauce (2.2) et le Championnat du Canada. \u201cLe Tour de Beauce est la seule course UCI au Canada, si on exclut les Grands Prix de Montr\u00e9al et du Qu\u00e9bec. On esp\u00e8re bien faire. Dans le m\u00eame temps, \u00e7a va permettre de se mettre en jambes pour le Championnat, que je vise encore davantage. Mais \u00e7a reste deux courses que j\u2019ai marqu\u00e9es depuis le d\u00e9but de saison\u201c.<\/p>\n","protected":false},"excerpt":{"rendered":"Jo\u00ebl Plamondon a d\u00fb se d\u00e9brouiller tout seul, ce samedi, lors de la Classic 71. En effet, le&hellip;\n","protected":false},"author":2,"featured_media":109159,"comment_status":"","ping_status":"","sticky":false,"template":"","format":"standard","meta":{"footnotes":""},"categories":[1411],"tags":[834,828,836,829,837,827,83,826,824,823,1154,207,814,817,815,816,822,821,832,211,839,1011,27,820,818,819,835,831,830,833,838,60,212,208,825],"class_list":{"0":"post-109158","1":"post","2":"type-post","3":"status-publish","4":"format-standard","5":"has-post-thumbnail","7":"category-cyclisme","8":"tag-attaque","9":"tag-belgique","10":"tag-braquet","11":"tag-bretagne","12":"tag-chute","13":"tag-competition","14":"tag-coupe-de-france","15":"tag-coureur","16":"tag-course-cyclisme","17":"tag-course-cycliste","18":"tag-cycling","19":"tag-cyclisme","20":"tag-direct","21":"tag-direct-velo","22":"tag-directvelo","23":"tag-directvelo-com","24":"tag-epreuve","25":"tag-epreuve-cycliste","26":"tag-federation-francaise-de-cyclisme","27":"tag-ffc","28":"tag-flandres","29":"tag-fr","30":"tag-france","31":"tag-live","32":"tag-live-course","33":"tag-live-epreuve","34":"tag-peloton","35":"tag-radio-peloton","36":"tag-radio-tour","37":"tag-ravitaillement","38":"tag-relance","39":"tag-sports","40":"tag-uci","41":"tag-velo","42":"tag-velos"},"share_on_mastodon":{"url":"https:\/\/pubeurope.com\/@fr\/114528465963081407","error":""},"_links":{"self":[{"href":"https:\/\/www.europesays.com\/fr\/wp-json\/wp\/v2\/posts\/109158","targetHints":{"allow":["GET"]}}],"collection":[{"href":"https:\/\/www.europesays.com\/fr\/wp-json\/wp\/v2\/posts"}],"about":[{"href":"https:\/\/www.europesays.com\/fr\/wp-json\/wp\/v2\/types\/post"}],"author":[{"embeddable":true,"href":"https:\/\/www.europesays.com\/fr\/wp-json\/wp\/v2\/users\/2"}],"replies":[{"embeddable":true,"href":"https:\/\/www.europesays.com\/fr\/wp-json\/wp\/v2\/comments?post=109158"}],"version-history":[{"count":0,"href":"https:\/\/www.europesays.com\/fr\/wp-json\/wp\/v2\/posts\/109158\/revisions"}],"wp:featuredmedia":[{"embeddable":true,"href":"https:\/\/www.europesays.com\/fr\/wp-json\/wp\/v2\/media\/109159"}],"wp:attachment":[{"href":"https:\/\/www.europesays.com\/fr\/wp-json\/wp\/v2\/media?parent=109158"}],"wp:term":[{"taxonomy":"category","embeddable":true,"href":"https:\/\/www.europesays.com\/fr\/wp-json\/wp\/v2\/categories?post=109158"},{"taxonomy":"post_tag","embeddable":true,"href":"https:\/\/www.europesays.com\/fr\/wp-json\/wp\/v2\/tags?post=109158"}],"curies":[{"name":"wp","href":"https:\/\/api.w.org\/{rel}","templated":true}]}}