{"id":10916,"date":"2025-04-08T18:55:16","date_gmt":"2025-04-08T18:55:16","guid":{"rendered":"https:\/\/www.europesays.com\/fr\/10916\/"},"modified":"2025-04-08T18:55:16","modified_gmt":"2025-04-08T18:55:16","slug":"inauguration-de-la-grande-rue-de-la-guillotiere","status":"publish","type":"post","link":"https:\/\/www.europesays.com\/fr\/10916\/","title":{"rendered":"Inauguration de la grande rue de la Guilloti\u00e8re"},"content":{"rendered":"<p><img width=\"487\" height=\"293\" src=\"https:\/\/www.europesays.com\/fr\/wp-content\/uploads\/2025\/04\/inauguration-grande-rue-guillotiere.jpg\" class=\"attachment-post-thumbnail size-post-thumbnail wp-post-image amp-wp-enforced-sizes\" alt=\"\" decoding=\"async\" fetchpriority=\"high\" data-hero-candidate=\"\"\/><\/p>\n<p>(SdH\/LPI)<\/p>\n<p><strong>La M\u00e9tropole de Lyon met en avant une \u00abrue apais\u00e9e, confortable et v\u00e9g\u00e9talis\u00e9e\u00bb.<\/strong><\/p>\n<p>Apr\u00e8s plusieurs mois de travaux, la M\u00e9tropole de Lyon et la Ville de Lyon ont inaugur\u00e9 ce vendredi la Grande rue de la Guilloti\u00e8re, entre le croisement de la rue Garibaldi et celui du boulevard des Tch\u00e9coslovaques. Etaient pr\u00e9sents \u00e0 cette occasion plusieurs \u00e9lus, dont Bruno Bernard, pr\u00e9sident de la M\u00e9tropole de Lyon, Fabien Bagnon, vice-pr\u00e9sident en charge des mobilit\u00e9s douces, Valentin Lungenstrass, adjoint au maire de Lyon en charge des mobilit\u00e9s, Gautier Chapuis, adjoint au maire charg\u00e9 de la v\u00e9g\u00e9talisation, Fanny Dubot, maire du 7e arrondissement de Lyon, mais aussi Vincent Monod, conseiller de la M\u00e9tropole de Lyon et conseiller du 7e arrondissement de Lyon.<\/p>\n<p>Cette portion de rue, autrefois tr\u00e8s min\u00e9ralis\u00e9e s\u2019accorde d\u00e9sormais \u00e0 la volont\u00e9 de v\u00e9g\u00e9talisation et d\u2019apaisement du quartier voulue par la M\u00e9tropole de Lyon et la Ville de Lyon, en concertation avec les habitants du quartier.<\/p>\n<blockquote class=\"wp-block-quote is-layout-flow wp-block-quote-is-layout-flow\">\n<p>\u00abQuand on voit l\u2019image de ce carrefour avec 3 ou 4 voies de voitures et cet espace apais\u00e9 o\u00f9 on peut se parler, avec moins de bruit, plus agr\u00e9able, c\u2019est quand m\u00eame tr\u00e8s b\u00e9n\u00e9fique. Apr\u00e8s le temps des travaux, vient le temps de la satisfaction pour toutes et tous.\u00bb<\/p>\n<p>Bruno Bernard, pr\u00e9sident de la M\u00e9tropole de Lyon<\/p><\/blockquote>\n<p><img loading=\"lazy\" decoding=\"async\" src=\"https:\/\/www.europesays.com\/fr\/wp-content\/uploads\/2025\/04\/abonnezvouslarge.jpg\" alt=\"\" width=\"487\" height=\"40\" class=\"amp-wp-enforced-sizes\"\/><\/p>\n<p>Pour lire la totalit\u00e9 de l&rsquo;article,<strong> <a href=\"http:\/\/www.lyonpoleimmo.com\/membership-options-page\/\" target=\"_blank\" rel=\"noopener\">abonnez-vous<\/a> <\/strong>ou <a href=\"http:\/\/www.lyonpoleimmo.com\/senregistrer\/\" target=\"_blank\" rel=\"noopener\"><strong>identifiez-vous<\/strong><\/a>  <\/p>\n<p><strong>Si vous avez appr\u00e9ci\u00e9 cet article, s&rsquo;il vous plait, prenez le temps de <a href=\"#comments\">laisser un commentaire<\/a> ou de <a href=\"http:\/\/www.lyonpoleimmo.com\/feed\/\" target=\"_blank\" rel=\"noopener\">souscrire au flux<\/a> afin de recevoir les futurs articles directement dans votre lecteur de flux.<br \/>\n    <\/strong><\/p>\n<p>\t<a href=\"http:\/\/www.lyonpoleimmo.com\/2025\/03\/25\/90126\/rillieux-la-pape-inauguration-de-la-place-du-chateau\/\" rel=\"bookmark noopener\" title=\"Lien Permanent vers Rillieux-la-Pape : inauguration de la Place du Ch\u00e2teau\" target=\"_blank\">Rillieux-la-Pape : inauguration de la Place du Ch\u00e2teau<\/a><\/p>\n<p>\t<a href=\"http:\/\/www.lyonpoleimmo.com\/2025\/03\/25\/90126\/rillieux-la-pape-inauguration-de-la-place-du-chateau\/\" rel=\"bookmark noopener\" title=\"Lien Permanent vers Rillieux-la-Pape : inauguration de la Place du Ch\u00e2teau\" target=\"_blank\"><\/p>\n<p>Cet espace public renouvel\u00e9 est situ\u00e9 dans le quartier de la Roue \u00e0 Rillieux-la-Pape.<\/p>\n<p><\/a><\/p>\n<p>\t<a href=\"http:\/\/www.lyonpoleimmo.com\/2025\/03\/18\/90009\/la-loi-trace-adoptee-en-premiere-lecture-au-senat\/\" rel=\"bookmark noopener\" title=\"Lien Permanent vers La loi TRACE adopt\u00e9e en premi\u00e8re lecture au S\u00e9nat\" target=\"_blank\">La loi TRACE adopt\u00e9e en premi\u00e8re lecture au S\u00e9nat<\/a><\/p>\n<p>\t<a href=\"http:\/\/www.lyonpoleimmo.com\/2025\/03\/18\/90009\/la-loi-trace-adoptee-en-premiere-lecture-au-senat\/\" rel=\"bookmark noopener\" title=\"Lien Permanent vers La loi TRACE adopt\u00e9e en premi\u00e8re lecture au S\u00e9nat\" target=\"_blank\"><\/p>\n<p><img loading=\"lazy\" decoding=\"async\" src=\"https:\/\/www.europesays.com\/fr\/wp-content\/uploads\/2025\/04\/Rebsamen.jpg\" width=\"487\" height=\"293\" class=\"amp-wp-enforced-sizes\"\/>Cette proposition de loi dite de trajectoire de r\u00e9duction de l\u2019artificialisation concert\u00e9e avec les \u00e9lus vise \u00e0 adapter la mise en \u0153uvre de l\u2019objectif z\u00e9ro artificialisation nette des sols en 2050 aux contraintes des collectivit\u00e9s locales.<\/p>\n<p><\/a><\/p>\n<p>\t<a href=\"http:\/\/www.lyonpoleimmo.com\/2025\/03\/16\/89960\/le-projet-de-scot-2040-valide\/\" rel=\"bookmark noopener\" title=\"Lien Permanent vers Le projet de SCOT 2040 valid\u00e9\" target=\"_blank\">Le projet de SCOT 2040 valid\u00e9<\/a><\/p>\n<p>\t<a href=\"http:\/\/www.lyonpoleimmo.com\/2025\/03\/16\/89960\/le-projet-de-scot-2040-valide\/\" rel=\"bookmark noopener\" title=\"Lien Permanent vers Le projet de SCOT 2040 valid\u00e9\" target=\"_blank\"><\/p>\n<p>Les \u00e9lus du SEPAL ont valid\u00e9 vendredi ce projet, \u00e0 l\u2019occasion du conseil syndical du syndicat mixte. L\u2019opposition m\u00e9tropolitaine a d\u00e9nonc\u00e9 la r\u00e9duction drastique du foncier \u00e9conomique.<\/p>\n<p><\/a><\/p>\n<p>\t<a href=\"http:\/\/www.lyonpoleimmo.com\/2025\/03\/13\/89944\/lindustrie-represente-45-du-foncier-eligible-au-zan\/\" rel=\"bookmark noopener\" title=\"Lien Permanent vers \u00abL\u2019industrie repr\u00e9sente 4,5% du foncier \u00e9ligible au ZAN\u00bb\" target=\"_blank\">\u00abL\u2019industrie repr\u00e9sente 4,5% du foncier \u00e9ligible au ZAN\u00bb<\/a><\/p>\n<p>\t<a href=\"http:\/\/www.lyonpoleimmo.com\/2025\/03\/13\/89944\/lindustrie-represente-45-du-foncier-eligible-au-zan\/\" rel=\"bookmark noopener\" title=\"Lien Permanent vers \u00abL\u2019industrie repr\u00e9sente 4,5% du foncier \u00e9ligible au ZAN\u00bb\" target=\"_blank\"><\/p>\n<p><img loading=\"lazy\" decoding=\"async\" src=\"https:\/\/www.europesays.com\/fr\/wp-content\/uploads\/2025\/04\/Marc-Ferracci2.jpg\" alt=\"null\" width=\"487\" height=\"300\" class=\"amp-wp-enforced-sizes\"\/>Marc Ferracci a visit\u00e9 ce jeudi, en marge du salon Global Industrie, l\u2019entreprise Borrelly Spring Washers \u00e0 Saint-Laurent-d\u2019Agny, fleuron lyonnais de l\u2019industrie m\u00e9tallique. Pour le ministre charg\u00e9 de l\u2019Industrie et de l\u2019\u00c9nergie, l\u2019industrie constitue une faible empreinte en mati\u00e8re d\u2019artificialisation.<\/p>\n<p><\/a><\/p>\n<p>\t<a href=\"http:\/\/www.lyonpoleimmo.com\/2025\/03\/13\/89946\/le-premier-ministre-promeut-la-simplification-a-global-industrie\/\" rel=\"bookmark noopener\" title=\"Lien Permanent vers Le Premier ministre promeut la simplification \u00e0 \u00abGlobal Industrie\u00bb\" target=\"_blank\">Le Premier ministre promeut la simplification \u00e0 \u00abGlobal Industrie\u00bb<\/a><\/p>\n<p>\t<a href=\"http:\/\/www.lyonpoleimmo.com\/2025\/03\/13\/89946\/le-premier-ministre-promeut-la-simplification-a-global-industrie\/\" rel=\"bookmark noopener\" title=\"Lien Permanent vers Le Premier ministre promeut la simplification \u00e0 \u00abGlobal Industrie\u00bb\" target=\"_blank\"><\/p>\n<p>Fran\u00e7ois Bayrou \u00e9tait pr\u00e9sent ce jeudi au salon d\u00e9di\u00e9 \u00e0 l\u2019industrie \u00e0 Lyon Eurexpo.<\/p>\n<p><\/a><\/p>\n<p>\t<a href=\"http:\/\/www.lyonpoleimmo.com\/2025\/03\/11\/89894\/debut-des-travaux-pour-le-bois-de-la-part-dieu\/\" rel=\"bookmark noopener\" title=\"Lien Permanent vers D\u00e9but des travaux pour le bois de la Part-Dieu\" target=\"_blank\">D\u00e9but des travaux pour le bois de la Part-Dieu<\/a><\/p>\n<p>\t<a href=\"http:\/\/www.lyonpoleimmo.com\/2025\/03\/11\/89894\/debut-des-travaux-pour-le-bois-de-la-part-dieu\/\" rel=\"bookmark noopener\" title=\"Lien Permanent vers D\u00e9but des travaux pour le bois de la Part-Dieu\" target=\"_blank\"><\/p>\n<p><img loading=\"lazy\" decoding=\"async\" src=\"https:\/\/www.europesays.com\/fr\/wp-content\/uploads\/2025\/04\/bois-part-Dieu1-1.jpg\" alt=\"null\" width=\"487\" height=\"299\" class=\"amp-wp-enforced-sizes\"\/>Bruno Bernard et Gr\u00e9gory Doucet ont officiellement lanc\u00e9 ce mardi l\u2019am\u00e9nagement du bois de la Part-Dieu, un nouvel espace public v\u00e9g\u00e9talis\u00e9.<\/p>\n<p><\/a><\/p>\n<p>\t<a href=\"http:\/\/www.lyonpoleimmo.com\/2025\/03\/10\/89854\/venissieux-em2c-gingko-et-aew-actent-un-parc-dactivites-a-etage-de-21-000-m%c2%b2\/\" rel=\"bookmark noopener\" title=\"Lien Permanent vers V\u00e9nissieux : em2c, Gingko et AEW actent un parc d\u2019activit\u00e9s \u00e0 \u00e9tage de 21.000 m\u00b2\" target=\"_blank\">V\u00e9nissieux : em2c, Gingko et AEW actent un parc d\u2019activit\u00e9s \u00e0 \u00e9tage de 21.000 m\u00b2<\/a><\/p>\n<p>\t<a href=\"http:\/\/www.lyonpoleimmo.com\/2025\/03\/10\/89854\/venissieux-em2c-gingko-et-aew-actent-un-parc-dactivites-a-etage-de-21-000-m%c2%b2\/\" rel=\"bookmark noopener\" title=\"Lien Permanent vers V\u00e9nissieux : em2c, Gingko et AEW actent un parc d\u2019activit\u00e9s \u00e0 \u00e9tage de 21.000 m\u00b2\" target=\"_blank\"><\/p>\n<p><img loading=\"lazy\" decoding=\"async\" src=\"https:\/\/www.europesays.com\/fr\/wp-content\/uploads\/2025\/04\/Up-Venissieux-em2c-ginkgo.jpg\" alt=\"null\" width=\"487\" height=\"286\" class=\"amp-wp-enforced-sizes\"\/>Le groupe em2c et Ginkgo ont sign\u00e9 une VEFA avec AEW pour la r\u00e9alisation d\u2019un parc d\u2019activit\u00e9s \u00e0 \u00e9tage de 21.000 m\u00b2 \u00e0 l\u2019entr\u00e9e sud de Lyon nomm\u00e9 \u00abUP!\u00bb.<\/p>\n<p><\/a><\/p>\n<p>\t<a href=\"http:\/\/www.lyonpoleimmo.com\/2025\/03\/10\/89862\/la-cci-prone-la-zero-des-economisation-nette\/\" rel=\"bookmark noopener\" title=\"Lien Permanent vers La CCI promeut la \u00ab z\u00e9ro d\u00e9s-\u00e9conomisation nette \u00bb\" target=\"_blank\">La CCI promeut la \u00ab z\u00e9ro d\u00e9s-\u00e9conomisation nette \u00bb<\/a><\/p>\n<p>\t<a href=\"http:\/\/www.lyonpoleimmo.com\/2025\/03\/10\/89862\/la-cci-prone-la-zero-des-economisation-nette\/\" rel=\"bookmark noopener\" title=\"Lien Permanent vers La CCI promeut la \u00ab z\u00e9ro d\u00e9s-\u00e9conomisation nette \u00bb\" target=\"_blank\"><\/p>\n<p>Face \u00e0 la tension sur les fonciers \u00e9conomiques, la CCI alerte sur la rar\u00e9faction fonci\u00e8re, qui constitue, selon elle, \u00abun frein au d\u00e9veloppement \u00e9conomique et \u00e0 la r\u00e9industrialisation\u00bb.<\/p>\n<p><\/a><\/p>\n<p>\t<a href=\"http:\/\/www.lyonpoleimmo.com\/2025\/03\/06\/89803\/ppl-foncier-agricole-la-fnaim-evoque-un-hold-up-rural\/\" rel=\"bookmark noopener\" title=\"Lien Permanent vers PPL foncier agricole : la FNAIM \u00e9voque \u00abun hold-up rural\u00bb\" target=\"_blank\">PPL foncier agricole : la FNAIM \u00e9voque \u00abun hold-up rural\u00bb<\/a><\/p>\n<p>\t<a href=\"http:\/\/www.lyonpoleimmo.com\/2025\/03\/06\/89803\/ppl-foncier-agricole-la-fnaim-evoque-un-hold-up-rural\/\" rel=\"bookmark noopener\" title=\"Lien Permanent vers PPL foncier agricole : la FNAIM \u00e9voque \u00abun hold-up rural\u00bb\" target=\"_blank\"><\/p>\n<p>La FNAIM a exprim\u00e9 sa vive inqui\u00e9tude face \u00e0 l\u2019adoption, en commission des affaires \u00e9conomiques de l\u2019Assembl\u00e9e nationale, de la proposition de loi visant \u00e0 \u00ab lutter contre la disparition des terres agricoles et \u00e0 renforcer la r\u00e9gulation des prix du foncier agricole \u00bb.<\/p>\n<p><\/a><\/p>\n<p>\t<a href=\"http:\/\/www.lyonpoleimmo.com\/2025\/02\/27\/89695\/40-millions-deuros-pour-le-fonds-elan\/\" rel=\"bookmark noopener\" title=\"Lien Permanent vers 40 millions d\u2019euros pour le fonds ELAN\" target=\"_blank\">40 millions d\u2019euros pour le fonds ELAN<\/a><\/p>\n<p>\t<a href=\"http:\/\/www.lyonpoleimmo.com\/2025\/02\/27\/89695\/40-millions-deuros-pour-le-fonds-elan\/\" rel=\"bookmark noopener\" title=\"Lien Permanent vers 40 millions d\u2019euros pour le fonds ELAN\" target=\"_blank\"><\/p>\n<p>Ce fonds constitue une initiative de portage de foncier agricole, visant \u00e0 favoriser la nouvelle g\u00e9n\u00e9ration d\u2019agriculteurs en France.<\/p>\n<p><\/a><\/p>\n<p>\t<a href=\"http:\/\/www.lyonpoleimmo.com\/2025\/02\/24\/89629\/la-metropole-promeut-les-futurs-espaces-publics-hotel-de-ville-terreaux\/\" rel=\"bookmark noopener\" title=\"Lien Permanent vers La M\u00e9tropole promeut les futurs espaces publics H\u00f4tel de Ville \/ Terreaux\" target=\"_blank\">La M\u00e9tropole promeut les futurs espaces publics H\u00f4tel de Ville \/ Terreaux<\/a><\/p>\n<p>\t<a href=\"http:\/\/www.lyonpoleimmo.com\/2025\/02\/24\/89629\/la-metropole-promeut-les-futurs-espaces-publics-hotel-de-ville-terreaux\/\" rel=\"bookmark noopener\" title=\"Lien Permanent vers La M\u00e9tropole promeut les futurs espaces publics H\u00f4tel de Ville \/ Terreaux\" target=\"_blank\"><\/p>\n<p><img loading=\"lazy\" decoding=\"async\" src=\"https:\/\/www.europesays.com\/fr\/wp-content\/uploads\/2025\/04\/Lycee-Ampere.jpg\" alt=\"null\" width=\"487\" height=\"205\" class=\"amp-wp-enforced-sizes\"\/>La M\u00e9tropole de Lyon et la Ville de Lyon ont r\u00e9cemment pr\u00e9sent\u00e9 les transformations \u00e0 venir pour les espaces publics du secteur H\u00f4tel de Ville-Terreaux, \u00e0 l\u2019occasion d\u2019une r\u00e9union publique.<\/p>\n<p><\/a><\/p>\n<p>\t<a href=\"http:\/\/www.lyonpoleimmo.com\/2025\/02\/17\/89504\/la-passerelle-de-la-ruette-mulet-nouveau-lien-entre-quartiers-de-francheville\/\" rel=\"bookmark noopener\" title=\"Lien Permanent vers La passerelle de la Ruette Mulet, nouveau lien entre deux quartiers de Francheville\" target=\"_blank\">La passerelle de la Ruette Mulet, nouveau lien entre deux quartiers de Francheville<\/a><\/p>\n<p>\t<a href=\"http:\/\/www.lyonpoleimmo.com\/2025\/02\/17\/89504\/la-passerelle-de-la-ruette-mulet-nouveau-lien-entre-quartiers-de-francheville\/\" rel=\"bookmark noopener\" title=\"Lien Permanent vers La passerelle de la Ruette Mulet, nouveau lien entre deux quartiers de Francheville\" target=\"_blank\"><\/p>\n<p><img loading=\"lazy\" decoding=\"async\" src=\"https:\/\/www.europesays.com\/fr\/wp-content\/uploads\/2025\/04\/passerelle-Francheville.jpg\" alt=\"null\" width=\"487\" height=\"299\" class=\"amp-wp-enforced-sizes\"\/>Ce nouvel ouvrage a \u00e9t\u00e9 pos\u00e9 mercredi en pr\u00e9sence de Jean-Charles Kohlhaas, vice-pr\u00e9sident de la M\u00e9tropole de Lyon et pr\u00e9sident du SAGYRC, et Claire Pouzin, maire de Francheville.<\/p>\n<p><\/a><\/p>\n<p>\t<a href=\"http:\/\/www.lyonpoleimmo.com\/2025\/02\/16\/89458\/lyon-perrache-la-demolition-de-la-passerelle-du-centre-dechanges-debute\/\" rel=\"bookmark noopener\" title=\"Lien Permanent vers Lyon Perrache: la d\u00e9molition de la passerelle du centre d\u2019\u00e9changes d\u00e9bute\" target=\"_blank\">Lyon Perrache: la d\u00e9molition de la passerelle du centre d\u2019\u00e9changes d\u00e9bute<\/a><\/p>\n<p>\t<a href=\"http:\/\/www.lyonpoleimmo.com\/2025\/02\/16\/89458\/lyon-perrache-la-demolition-de-la-passerelle-du-centre-dechanges-debute\/\" rel=\"bookmark noopener\" title=\"Lien Permanent vers Lyon Perrache: la d\u00e9molition de la passerelle du centre d\u2019\u00e9changes d\u00e9bute\" target=\"_blank\"><\/p>\n<p><img loading=\"lazy\" decoding=\"async\" src=\"https:\/\/www.europesays.com\/fr\/wp-content\/uploads\/2025\/04\/passerelle-centre-echanges-Perrache6.jpg\" alt=\"null\" width=\"487\" height=\"299\" class=\"amp-wp-enforced-sizes\"\/>Cette op\u00e9ration qui commence ce lundi marque la premi\u00e8re \u00e9tape de la mue du centre d\u2019\u00e9changes de Perrache.<br \/><a href=\"http:\/\/www.lyonpoleimmo.com\/2025\/01\/27\/89135\/comment-la-fracture-urbaine-de-perrache-va-sestomper\/\" target=\"_blank\" rel=\"noopener\"><strong>\u00bb Comment la fracture urbaine de Perrache va s\u2019estomper<\/strong><\/a><\/p>\n<p><\/a><\/p>\n<p>\t<a href=\"http:\/\/www.lyonpoleimmo.com\/2025\/02\/14\/89452\/un-espace-sportif-transitoire-bientot-cree-dans-le-quartier-du-pre-gaudry\/\" rel=\"bookmark noopener\" title=\"Lien Permanent vers Un espace sportif transitoire bient\u00f4t cr\u00e9\u00e9 dans le quartier du Pr\u00e9 Gaudry\" target=\"_blank\">Un espace sportif transitoire bient\u00f4t cr\u00e9\u00e9 dans le quartier du Pr\u00e9 Gaudry<\/a><\/p>\n<p>\t<a href=\"http:\/\/www.lyonpoleimmo.com\/2025\/02\/14\/89452\/un-espace-sportif-transitoire-bientot-cree-dans-le-quartier-du-pre-gaudry\/\" rel=\"bookmark noopener\" title=\"Lien Permanent vers Un espace sportif transitoire bient\u00f4t cr\u00e9\u00e9 dans le quartier du Pr\u00e9 Gaudry\" target=\"_blank\"><\/p>\n<p>C\u2019est ce qu\u2019a annonc\u00e9 ce vendredi la M\u00e9tropole de Lyon.<\/p>\n<p><\/a><\/p>\n<p>\t<a href=\"http:\/\/www.lyonpoleimmo.com\/2025\/02\/10\/89359\/premiere-soudure-de-rail-pour-la-future-ligne-t9\/\" rel=\"bookmark noopener\" title=\"Lien Permanent vers Premi\u00e8re soudure de rails pour la future ligne T9\" target=\"_blank\">Premi\u00e8re soudure de rails pour la future ligne T9<\/a><\/p>\n<p>\t<a href=\"http:\/\/www.lyonpoleimmo.com\/2025\/02\/10\/89359\/premiere-soudure-de-rail-pour-la-future-ligne-t9\/\" rel=\"bookmark noopener\" title=\"Lien Permanent vers Premi\u00e8re soudure de rails pour la future ligne T9\" target=\"_blank\"><\/p>\n<p><img loading=\"lazy\" decoding=\"async\" src=\"https:\/\/www.europesays.com\/fr\/wp-content\/uploads\/2025\/04\/soudureT9.jpg\" width=\"487\" height=\"298\" class=\"amp-wp-enforced-sizes\"\/><br \/>Le pr\u00e9sident de la M\u00e9tropole de Lyon, la maire de Vaulx-en-Velin et la pr\u00e9f\u00e8te secr\u00e9taire g\u00e9n\u00e9rale de la pr\u00e9fecture du Rh\u00f4ne ont assist\u00e9 ce lundi \u00e0 cette premi\u00e8re \u00e9tape symbolique de la ligne.<\/p>\n<p><\/a><\/p>\n","protected":false},"excerpt":{"rendered":"(SdH\/LPI) La M\u00e9tropole de Lyon met en avant une \u00abrue apais\u00e9e, confortable et v\u00e9g\u00e9talis\u00e9e\u00bb. Apr\u00e8s plusieurs mois de&hellip;\n","protected":false},"author":2,"featured_media":10917,"comment_status":"","ping_status":"","sticky":false,"template":"","format":"standard","meta":{"footnotes":""},"categories":[1889],"tags":[5265,1111,11,2430,1777,674,1011,27,2428,12,25,1352],"class_list":{"0":"post-10916","1":"post","2":"type-post","3":"status-publish","4":"format-standard","5":"has-post-thumbnail","7":"category-lyon","8":"tag-abonnes","9":"tag-actu","10":"tag-actualites","11":"tag-auvergne-rhone-alpes","12":"tag-eu","13":"tag-europe","14":"tag-fr","15":"tag-france","16":"tag-lyon","17":"tag-news","18":"tag-republique-francaise","19":"tag-urbanisme"},"share_on_mastodon":{"url":"https:\/\/pubeurope.com\/@fr\/114303868773523376","error":""},"_links":{"self":[{"href":"https:\/\/www.europesays.com\/fr\/wp-json\/wp\/v2\/posts\/10916","targetHints":{"allow":["GET"]}}],"collection":[{"href":"https:\/\/www.europesays.com\/fr\/wp-json\/wp\/v2\/posts"}],"about":[{"href":"https:\/\/www.europesays.com\/fr\/wp-json\/wp\/v2\/types\/post"}],"author":[{"embeddable":true,"href":"https:\/\/www.europesays.com\/fr\/wp-json\/wp\/v2\/users\/2"}],"replies":[{"embeddable":true,"href":"https:\/\/www.europesays.com\/fr\/wp-json\/wp\/v2\/comments?post=10916"}],"version-history":[{"count":0,"href":"https:\/\/www.europesays.com\/fr\/wp-json\/wp\/v2\/posts\/10916\/revisions"}],"wp:featuredmedia":[{"embeddable":true,"href":"https:\/\/www.europesays.com\/fr\/wp-json\/wp\/v2\/media\/10917"}],"wp:attachment":[{"href":"https:\/\/www.europesays.com\/fr\/wp-json\/wp\/v2\/media?parent=10916"}],"wp:term":[{"taxonomy":"category","embeddable":true,"href":"https:\/\/www.europesays.com\/fr\/wp-json\/wp\/v2\/categories?post=10916"},{"taxonomy":"post_tag","embeddable":true,"href":"https:\/\/www.europesays.com\/fr\/wp-json\/wp\/v2\/tags?post=10916"}],"curies":[{"name":"wp","href":"https:\/\/api.w.org\/{rel}","templated":true}]}}