{"id":109170,"date":"2025-05-18T11:00:15","date_gmt":"2025-05-18T11:00:15","guid":{"rendered":"https:\/\/www.europesays.com\/fr\/109170\/"},"modified":"2025-05-18T11:00:15","modified_gmt":"2025-05-18T11:00:15","slug":"3-films-a-regarder-ce-dimanche-3","status":"publish","type":"post","link":"https:\/\/www.europesays.com\/fr\/109170\/","title":{"rendered":"3 films \u00e0 regarder ce dimanche"},"content":{"rendered":"<p>Vous \u00eates devant votre t\u00e9l\u00e9 et vous zappez \u00e0 la recherche d\u2019un film \u00e0 regarder seul, en famille ou entre amis\u00a0? Inutile de vous \u00e9puiser, on a \u00e9pluch\u00e9 le programme pour d\u00e9nicher 3 films sympas \u00e0 savourer pour terminer la semaine en beaut\u00e9.<\/p>\n<p> Les Gardiens de la Galaxie 3 (TF1, 21h10) <\/p>\n<p>    <a href=\"https:\/\/www.youtube.com\/@PressecitronHD?sub_confirmation=1\" target=\"_blank\" rel=\"nofollow noopener\"><br \/>\n        S&rsquo;abonner \u00e0 Presse-citron<br \/>\n    <\/a> <\/p>\n<p>D\u2019apr\u00e8s le synopsis propos\u00e9 par Allocin\u00e9 :<\/p>\n<blockquote>\n<p>Notre bande de marginaux favorite a quelque peu chang\u00e9. Peter Quill, qui pleure toujours la perte de Gamora, doit rassembler son \u00e9quipe pour d\u00e9fendre l\u2019univers et prot\u00e9ger l\u2019un des siens. En cas d\u2019\u00e9chec, cette mission pourrait bien marquer la fin des Gardiens tels que nous les connaissons.<\/p>\n<\/blockquote>\n<p>James Gunn r\u00e9ussit \u00e0 boucler sa trilogie avec brio dans ce long-m\u00e9trage tr\u00e8s bien ma\u00eetris\u00e9 qui alterne entre humour, action, et \u00e9motion. Un des meilleurs films Marvel diffus\u00e9s au cours des cinq derni\u00e8res ann\u00e9es.<\/p>\n<p> Jeanne du Barry (France 2, 21h10) <\/p>\n<p>Selon le synopsis officiel\u00a0:<\/p>\n<blockquote>\n<p>Jeanne Vaubernier, fille du peuple avide de s\u2019\u00e9lever socialement, met \u00e0 profit ses charmes pour sortir de sa condition. Son amant, le Comte du Barry, qui s\u2019enrichit largement gr\u00e2ce aux galanteries lucratives de Jeanne, souhaite la pr\u00e9senter au Roi. Il organise la rencontre via l\u2019entremise de l\u2019influent duc de Richelieu. Celle-ci d\u00e9passe ses attentes\u00a0: entre Louis XV et Jeanne, c\u2019est le coup de foudre\u2026 avec la courtisane, le Roi retrouve le go\u00fbt de vivre \u2013 \u00e0 tel point qu\u2019il ne peut plus se passer d\u2019elle et d\u00e9cide d\u2019en faire sa favorite officielle. Scandale\u00a0: personne ne veut d\u2019une fille des rues \u00e0 la Cour.<\/p>\n<\/blockquote>\n<p>Ce long-m\u00e9trage sign\u00e9 Ma\u00efwenn est une belle r\u00e9ussite, et parvient habilement \u00e0 alterner forme classique et propos moderne.<\/p>\n<p> Le journal de Bridget Jones (W9, 21h10) <\/p>\n<p>D\u2019apr\u00e8s Letterboxd\u00a0:<\/p>\n<blockquote>\n<p>Bridget Jones est une femme ordinaire qui lutte contre son \u00e2ge, son poids, son travail, l\u2019absence d\u2019un homme et ses diverses imperfections. En guise de r\u00e9solution du Nouvel An, Bridget d\u00e9cide de prendre sa vie en main, en commen\u00e7ant par tenir un journal intime dans lequel elle dira toujours l\u2019enti\u00e8re v\u00e9rit\u00e9. Le feu d\u2019artifice commence lorsque son charmant, mais peu recommandable patron s\u2019int\u00e9resse \u00e0 l\u2019excentrique Miss Jones. La bande d\u2019amis l\u00e9g\u00e8rement excentriques de Bridget et une connaissance plut\u00f4t d\u00e9sagr\u00e9able avec laquelle Bridget ne peut s\u2019emp\u00eacher de courir ou de se trouver tranquillement attirante se joignent \u00e0 l\u2019aventure.<\/p>\n<\/blockquote>\n<p>Cette fiction est une com\u00e9die romantique p\u00e9tillante et attachante, port\u00e9e par l\u2019humour et la sinc\u00e9rit\u00e9 d\u00e9sarmante de Ren\u00e9e Zellweger, qui incarne \u00e0 merveille une h\u00e9ro\u00efne imparfaite et universelle.<\/p>\n<p>C\u2019est tout pour cette semaine. Notez, si ces trois films ne sont pas \u00e0 votre go\u00fbt, qu\u2019il y aura d\u2019autres longs-m\u00e9trages ce dimanche soir sur la TNT, et notamment Outrages (Arte, 21h), ou encore Fast &amp; Furious 9 (TF1, 23h55) et Le gendre de ma vie (TFX, 21h10). Vous pouvez aussi rattraper les p\u00e9pites de la semaine derni\u00e8re en replay <a href=\"https:\/\/www.presse-citron.net\/a-la-tv-ce-soir-3-films-a-regarder-ce-dimanche-71\/\" target=\"_blank\" rel=\"false noopener\">en relisant notre pr\u00e9c\u00e9dent article ici<\/a>.<\/p>\n<blockquote>\n<p class=\"text-base text-neutral-700 dark:text-neutral-300\">\ud83d\udccd Pour ne manquer aucune actualit\u00e9 de Presse-citron, suivez-nous sur <a href=\"https:\/\/news.google.com\/publications\/CAAqBggKMIPiNTC70wU?hl=fr&amp;gl=FR&amp;ceid=FR%3Afr\" target=\"_blank\" rel=\"noopener\">Google Actualit\u00e9s<\/a> et <a href=\"https:\/\/whatsapp.com\/channel\/0029VaCkGuz4NViitBXbEr0b\" target=\"_blank\" rel=\"noopener\">WhatsApp<\/a>.<\/p>\n<\/blockquote>\n","protected":false},"excerpt":{"rendered":"Vous \u00eates devant votre t\u00e9l\u00e9 et vous zappez \u00e0 la recherche d\u2019un film \u00e0 regarder seul, en famille&hellip;\n","protected":false},"author":2,"featured_media":109171,"comment_status":"","ping_status":"","sticky":false,"template":"","format":"standard","meta":{"footnotes":""},"categories":[1354],"tags":[58,59,1346,1011,27,2135,1360,252],"class_list":{"0":"post-109170","1":"post","2":"type-post","3":"status-publish","4":"format-standard","5":"has-post-thumbnail","7":"category-films","8":"tag-divertissement","9":"tag-entertainment","10":"tag-films","11":"tag-fr","12":"tag-france","13":"tag-marvel","14":"tag-movies","15":"tag-television"},"share_on_mastodon":{"url":"https:\/\/pubeurope.com\/@fr\/114528493564759320","error":""},"_links":{"self":[{"href":"https:\/\/www.europesays.com\/fr\/wp-json\/wp\/v2\/posts\/109170","targetHints":{"allow":["GET"]}}],"collection":[{"href":"https:\/\/www.europesays.com\/fr\/wp-json\/wp\/v2\/posts"}],"about":[{"href":"https:\/\/www.europesays.com\/fr\/wp-json\/wp\/v2\/types\/post"}],"author":[{"embeddable":true,"href":"https:\/\/www.europesays.com\/fr\/wp-json\/wp\/v2\/users\/2"}],"replies":[{"embeddable":true,"href":"https:\/\/www.europesays.com\/fr\/wp-json\/wp\/v2\/comments?post=109170"}],"version-history":[{"count":0,"href":"https:\/\/www.europesays.com\/fr\/wp-json\/wp\/v2\/posts\/109170\/revisions"}],"wp:featuredmedia":[{"embeddable":true,"href":"https:\/\/www.europesays.com\/fr\/wp-json\/wp\/v2\/media\/109171"}],"wp:attachment":[{"href":"https:\/\/www.europesays.com\/fr\/wp-json\/wp\/v2\/media?parent=109170"}],"wp:term":[{"taxonomy":"category","embeddable":true,"href":"https:\/\/www.europesays.com\/fr\/wp-json\/wp\/v2\/categories?post=109170"},{"taxonomy":"post_tag","embeddable":true,"href":"https:\/\/www.europesays.com\/fr\/wp-json\/wp\/v2\/tags?post=109170"}],"curies":[{"name":"wp","href":"https:\/\/api.w.org\/{rel}","templated":true}]}}