{"id":109174,"date":"2025-05-18T11:02:12","date_gmt":"2025-05-18T11:02:12","guid":{"rendered":"https:\/\/www.europesays.com\/fr\/109174\/"},"modified":"2025-05-18T11:02:12","modified_gmt":"2025-05-18T11:02:12","slug":"comment-lol-peut-il-se-qualifier-en-ligue-europa","status":"publish","type":"post","link":"https:\/\/www.europesays.com\/fr\/109174\/","title":{"rendered":"Comment l\u2019OL peut-il se qualifier en Ligue Europa\u00a0?"},"content":{"rendered":"<p>                            <img width=\"770\" height=\"433\" src=\"https:\/\/www.europesays.com\/fr\/wp-content\/uploads\/2025\/05\/AFP__20250426__43LZ2WL__v1__HighRes__FblFraLigue1LyonRennes-770x433.jpg\" class=\"attachment-article size-article wp-post-image\" alt=\"Moussa Niakhat\u00e9 et Clinton Mata faisant la c\u00e9l\u00e9bration de Georges Mikautadze lors d'OL - Rennes\" decoding=\"async\" fetchpriority=\"high\"  \/><\/p>\n<p>Moussa Niakhat\u00e9 et Clinton Mata faisant la c\u00e9l\u00e9bration de Georges Mikautadze lors d\u2019OL \u2013 Rennes (Photo by OLIVIER CHASSIGNOLE \/ AFP)<\/p>\n<p>Vainqueur d\u2019Angers ce samedi, l\u2019OL est parvenu \u00e0 accrocher une 6e\u00a0place pour l\u2019heure qualificative en Ligue conf\u00e9rence, mais qui pourrait, dans quelques semaines, se transformer en ticket pour la Ligue Europa.<\/p>\n<p>Au coup de sifflet final de la 34\u1d49\u00a0et derni\u00e8re journ\u00e9e de <strong>Ligue 1<\/strong> entre l\u2019<strong>OL <\/strong>et <strong>Angers<\/strong> (<a href=\"https:\/\/www.olympique-et-lyonnais.com\/lol-fait-briller-lacazette-contre-angers-et-espere-la-ligue-europa,362073.html\" target=\"_blank\" rel=\"noopener\">2-0<\/a>), l\u2019incompr\u00e9hension \u00e9tait totale sur le terrain. Et dans les trav\u00e9es du <strong>Parc OL<\/strong>. Tous les regards \u00e9taient riv\u00e9s sur les t\u00e9l\u00e9phones ou, plus pr\u00e9cis\u00e9ment, sur la fin de rencontre entre <strong>Strasbourg<\/strong> et le <strong>Havre<\/strong>. \u00c0 la <strong>Meinau<\/strong>, les hommes de <strong>Liam Rosenior<\/strong> se sont longtemps crus qualifi\u00e9s pour la <strong>Ligue Europa<\/strong>. Mais ils ont compl\u00e8tement craqu\u00e9 en fin de partie, encaissant le penalty d\u2019Abdoulaye Tour\u00e9, synonyme de maintien pour le <strong>HAC<\/strong>. Mais \u00e9galement salvateur pour l\u2019<strong>OL<\/strong>. En effet, avec leur d\u00e9faite, les <strong>Alsaciens<\/strong> ont vu les <strong>Rhodaniens<\/strong> leur chiper la 6\u1d49\u00a0place. Mais pour l\u2019heure, cette position est simplement qualificative pour les barrages de <strong>Ligue conf\u00e9rence<\/strong>.<\/p>\n<p>Si le PSG remporte la coupe de France, l\u2019OL sera en Ligue Europa<\/p>\n<p>Une d\u00e9ception donc actuellement pour le club de <strong><a href=\"https:\/\/www.olympique-et-lyonnais.com\/textor-tente-de-rassurer-les-supporters-de-lol,362064.html\" target=\"_blank\" rel=\"noopener\">John Textor<\/a><\/strong>. Lequel visait le podium et pouvait encore atteindre la <strong>Ligue des champions<\/strong> avant le d\u00e9but de la partie. Mais cette d\u00e9ception pourrait bien \u00eatre effac\u00e9e d&rsquo;ici \u00e0 quelques jours. Samedi prochain (24\/05, 21 heures), le <strong>Stade de Reims <\/strong>affronte le <strong>PSG <\/strong>en finale de coupe de <strong>France<\/strong>. En cas de succ\u00e8s des hommes de <strong>Luis Enrique<\/strong>, la 6\u1d49\u00a0place deviendrait directement qualificative pour les phases de poule de la <strong>Ligue Europa<\/strong>. Un lot de consolation qui devrait \u00eatre le bienvenu sportivement, mais aussi financi\u00e8rement, pour l\u2019<strong>Olympique lyonnais<\/strong>.<\/p>\n<p>\t\t\t\t\t<a href=\"https:\/\/www.olympique-et-lyonnais.com\/ligue-1-cherki-ol-nomme-pour-le-joueur-du-mois-davril,362147.html\" title=\"Ligue 1 : Cherki (OL) nomm\u00e9 pour le joueur du mois d&#039;avril\" target=\"_blank\" rel=\"noopener\"><img loading=\"lazy\" width=\"580\" height=\"326\" src=\"https:\/\/www.europesays.com\/fr\/wp-content\/uploads\/2025\/04\/AFP__20241110__36M643X__v1__HighRes__FblFraLigue1LyonSaintEtienne-580x326.jpg\" class=\"attachment-actularge size-actularge wp-post-image\" alt=\"Rayan Cherki lors d'OL - ASSE\" decoding=\"async\"  \/>\t\t\t\t\t<\/a><\/p>\n","protected":false},"excerpt":{"rendered":"Moussa Niakhat\u00e9 et Clinton Mata faisant la c\u00e9l\u00e9bration de Georges Mikautadze lors d\u2019OL \u2013 Rennes (Photo by OLIVIER&hellip;\n","protected":false},"author":2,"featured_media":109175,"comment_status":"","ping_status":"","sticky":false,"template":"","format":"standard","meta":{"footnotes":""},"categories":[9],"tags":[1011,27,5843,241,978,60],"class_list":{"0":"post-109174","1":"post","2":"type-post","3":"status-publish","4":"format-standard","5":"has-post-thumbnail","7":"category-sports","8":"tag-fr","9":"tag-france","10":"tag-ligue-europa","11":"tag-ol","12":"tag-olympique-lyonnais","13":"tag-sports"},"share_on_mastodon":{"url":"https:\/\/pubeurope.com\/@fr\/114528501413260149","error":""},"_links":{"self":[{"href":"https:\/\/www.europesays.com\/fr\/wp-json\/wp\/v2\/posts\/109174","targetHints":{"allow":["GET"]}}],"collection":[{"href":"https:\/\/www.europesays.com\/fr\/wp-json\/wp\/v2\/posts"}],"about":[{"href":"https:\/\/www.europesays.com\/fr\/wp-json\/wp\/v2\/types\/post"}],"author":[{"embeddable":true,"href":"https:\/\/www.europesays.com\/fr\/wp-json\/wp\/v2\/users\/2"}],"replies":[{"embeddable":true,"href":"https:\/\/www.europesays.com\/fr\/wp-json\/wp\/v2\/comments?post=109174"}],"version-history":[{"count":0,"href":"https:\/\/www.europesays.com\/fr\/wp-json\/wp\/v2\/posts\/109174\/revisions"}],"wp:featuredmedia":[{"embeddable":true,"href":"https:\/\/www.europesays.com\/fr\/wp-json\/wp\/v2\/media\/109175"}],"wp:attachment":[{"href":"https:\/\/www.europesays.com\/fr\/wp-json\/wp\/v2\/media?parent=109174"}],"wp:term":[{"taxonomy":"category","embeddable":true,"href":"https:\/\/www.europesays.com\/fr\/wp-json\/wp\/v2\/categories?post=109174"},{"taxonomy":"post_tag","embeddable":true,"href":"https:\/\/www.europesays.com\/fr\/wp-json\/wp\/v2\/tags?post=109174"}],"curies":[{"name":"wp","href":"https:\/\/api.w.org\/{rel}","templated":true}]}}