{"id":1091762,"date":"2026-07-27T23:36:28","date_gmt":"2026-07-27T23:36:28","guid":{"rendered":"https:\/\/www.europesays.com\/fr\/1091762\/"},"modified":"2026-07-27T23:36:28","modified_gmt":"2026-07-27T23:36:28","slug":"ca-sent-le-crame-a-la-gare-de-bordeaux-des-trajets-chamboules-et-lincendie-dans-tous-les-esprits","status":"publish","type":"post","link":"https:\/\/www.europesays.com\/fr\/1091762\/","title":{"rendered":"\u00ab\u00a0\u00c7a sent le cram\u00e9\u00a0\u00bb\u2026 A la gare de Bordeaux, des trajets chamboul\u00e9s et l\u2019incendie dans tous les esprits"},"content":{"rendered":"<p class=\"mb-4 text-lg md:leading-8 break-words\"><strong>feu &#8211; En Gironde, l&rsquo;incendie continue de faire rage \u00e0 quelques dizaines de kilom\u00e8tres de Bordeaux. Et \u00e0 la gare Saint-Jean comme dans les wagons, impossible d&rsquo;ignorer ce qui se joue non loin<\/strong><\/p>\n<p class=\"mb-4 text-lg md:leading-8 break-words\"><strong>A l&rsquo;approche de la Gare Saint-Jean de Bordeaux<\/strong><\/p>\n<p class=\"mb-4 text-lg md:leading-8 break-words\">L&rsquo;intercit\u00e9s qui relie Nantes \u00e0 <a data-ylk=\"slk:Bordeaux;elm:context_link;itc:0;sec:content-canvas;\" data-yga=\"{&quot;yLinkElement&quot;:&quot;link&quot;,&quot;yLinkElementType&quot;:&quot;article_link&quot;}\" href=\"https:\/\/www.20minutes.fr\/planete\/4236539-20260727-incendie-gironde-feu-enfin-stabilise-encore-fixe?at_medium=RSS%20feed&amp;at_campaign=ynews&amp;utm_source=yahoo&amp;utm_medium=rss&amp;utm_campaign=news_feed&amp;utm_content=in_article_link\" rel=\"noopener noreferrer nofollow\" target=\"_blank\">Bordeaux<\/a> a des allures de train fant\u00f4me. Ce lundi soir, les cris des enfants et les conversations un peu trop bruyantes ont laiss\u00e9 place \u00e0 un silence de plomb. \u00ab\u00a0C&rsquo;est \u00e9trange, personne ne semble vouloir aller \u00e0 Bordeaux\u00a0\u00bb, ironise un contr\u00f4leur qui s&rsquo;\u00e9loigne entre les all\u00e9es de si\u00e8ges vides. Et pour cause, depuis le milieu de semaine derni\u00e8re, <a data-ylk=\"slk:la Gironde est ravag\u00e9e par un incendie d\u00e9j\u00e0 historique;elm:context_link;itc:0;sec:content-canvas;\" data-yga=\"{&quot;yLinkElement&quot;:&quot;link&quot;,&quot;yLinkElementType&quot;:&quot;article_link&quot;}\" href=\"https:\/\/www.20minutes.fr\/planete\/4236321-20260726-incendie-gironde-pourquoi-feu-sevit-actuellement-different-tous-ceux-france-deja-connu?at_medium=RSS%20feed&amp;at_campaign=ynews&amp;utm_source=yahoo&amp;utm_medium=rss&amp;utm_campaign=news_feed&amp;utm_content=in_article_link\" rel=\"noopener noreferrer nofollow\" target=\"_blank\">la Gironde est ravag\u00e9e par un incendie d\u00e9j\u00e0 historique<\/a>\u00a0: 42.000 hectares ont br\u00fbl\u00e9 et des dizaines de milliers de personnes ont \u00e9t\u00e9 \u00e9vacu\u00e9es.<\/p>\n<p class=\"mb-4 text-lg md:leading-8 break-words\">Pas \u00e9tonnant, donc, de voir les passagers descendre au compte-goutte \u00e0 mesure que les arr\u00eats s&rsquo;accumulent\u00a0; \u00e0 l&rsquo;inverse, ils sont de moins en moins nombreux \u00e0 monter \u00e0 bord. <a data-ylk=\"slk:La SNCF;elm:context_link;itc:0;sec:content-canvas;\" data-yga=\"{&quot;yLinkElement&quot;:&quot;link&quot;,&quot;yLinkElementType&quot;:&quot;article_link&quot;}\" href=\"https:\/\/www.20minutes.fr\/societe\/4236540-20260727-sncf-lance-vente-flash-debut-automne-150-000-billets-prix-reduits?at_medium=RSS%20feed&amp;at_campaign=ynews&amp;utm_source=yahoo&amp;utm_medium=rss&amp;utm_campaign=news_feed&amp;utm_content=in_article_link\" rel=\"noopener noreferrer nofollow\" target=\"_blank\">La SNCF<\/a> a, d\u00e8s le week-end dernier, conseill\u00e9 aux voyageurs de reporter leurs d\u00e9placements, mais certains n&rsquo;ont pas le choix. Comme C\u00e9cile, qui doit \u00ab\u00a0se rendre \u00e0 un rendez-vous professionnel \u00e0 Bordeaux\u00a0\u00bb mardi matin. \u00ab\u00a0J&rsquo;esp\u00e8re que je pourrais rentrer \u00e0 La\u00a0Rochelle sans encombre\u00a0!\u00a0\u00bb, s&rsquo;inqui\u00e8te-t-elle.<\/p>\n<p>\u00ab\u00a0C&rsquo;est peut-\u00eatre dans ma t\u00eate\u00a0\u00bb<\/p>\n<p class=\"mb-4 text-lg md:leading-8 break-words\">A Saintes (Charente-Maritime), \u00e0 plus de 100 kilom\u00e8tres du terminus, une odeur de fum\u00e9e se r\u00e9pand dans les wagons. \u00ab\u00a0\u00c7a sent le cram\u00e9 d&rsquo;ici\u00a0?\u00a0\u00bb s&rsquo;interroge une jeune femme. L&rsquo;odeur s&rsquo;en va, puis reprend de plus belle apr\u00e8s une bonne heure de trajet. Arriv\u00e9e en gare de Bordeaux-Saint-Jean, quelques passagers descendent foulard sur le nez. Le sujet est dans tous les esprits. \u00ab\u00a0C&rsquo;est juste une impression o\u00f9 on sent l'(&#8230;)<\/p>\n<p class=\"mb-4 text-lg md:leading-8 break-words\"><a data-ylk=\"slk:Lire la suite sur 20minutes;elm:context_link;itc:0;sec:content-canvas;\" data-yga=\"{&quot;yLinkElement&quot;:&quot;link&quot;,&quot;yLinkElementType&quot;:&quot;article_link&quot;}\" href=\"https:\/\/www.20minutes.fr\/societe\/4236597-20260727-ca-sent-crame-gare-bordeaux-trajets-chamboules-incendie-tous-esprits?at_medium=RSS%20feed&amp;at_campaign=ynews&amp;utm_source=yahoo&amp;utm_medium=rss&amp;utm_campaign=news_feed&amp;utm_content=read_more_link&quot;\" rel=\"noopener noreferrer nofollow\" target=\"_blank\">Lire la suite sur 20minutes<\/a><\/p>\n<p>\u00c0 lire aussi :<br \/><a data-ylk=\"slk:Incendie en Gironde\u00a0: \u00ab\u00a0Nous sommes face \u00e0 un boxeur qui a un genou \u00e0 terre, il faut qu&#039;il mette le deuxi\u00e8me\u00a0\u00bb;elm:context_link;itc:0;sec:content-canvas;\" data-yga=\"{&quot;yLinkElement&quot;:&quot;link&quot;,&quot;yLinkElementType&quot;:&quot;article_link&quot;}\" href=\"https:\/\/www.20minutes.fr\/societe\/4236588-20260727-incendie-gironde-face-boxeur-genou-terre-faut-mette-deuxieme?at_medium=RSS%20feed&amp;at_campaign=ynews&amp;utm_source=yahoo&amp;utm_medium=rss&amp;utm_campaign=news_feed&amp;utm_content=related_content_link\" rel=\"noopener noreferrer nofollow\" target=\"_blank\">Incendie en Gironde\u00a0: \u00ab\u00a0Nous sommes face \u00e0 un boxeur qui a un genou \u00e0 terre, il faut qu&rsquo;il mette le deuxi\u00e8me\u00a0\u00bb<\/a><br \/><a data-ylk=\"slk:Incendies\u00a0: Catastrophe naturelle, assurances\u2026 Quelles indemnisations \u00e0 venir pour les victimes\u00a0?;elm:context_link;itc:0;sec:content-canvas;\" data-yga=\"{&quot;yLinkElement&quot;:&quot;link&quot;,&quot;yLinkElementType&quot;:&quot;article_link&quot;}\" href=\"https:\/\/www.20minutes.fr\/societe\/4236554-20260727-incendies-catastrophe-naturelle-assurances-indemnisations-venir-victimes?at_medium=RSS%20feed&amp;at_campaign=ynews&amp;utm_source=yahoo&amp;utm_medium=rss&amp;utm_campaign=news_feed&amp;utm_content=related_content_link\" rel=\"noopener noreferrer nofollow\" target=\"_blank\">Incendies\u00a0: Catastrophe naturelle, assurances\u2026 Quelles indemnisations \u00e0 venir pour les victimes\u00a0?<\/a><\/p>\n","protected":false},"excerpt":{"rendered":"feu &#8211; En Gironde, l&rsquo;incendie continue de faire rage \u00e0 quelques dizaines de kilom\u00e8tres de Bordeaux. Et \u00e0&hellip;\n","protected":false},"author":2,"featured_media":1091763,"comment_status":"","ping_status":"","sticky":false,"template":"","format":"standard","meta":{"footnotes":"","_share_on_mastodon":"0"},"categories":[2817],"tags":[1111,11,1997,1777,674,1011,27,8768,1310,20872,56393,12,2219,25,5289],"class_list":["post-1091762","post","type-post","status-publish","format-standard","has-post-thumbnail","category-bordeaux","tag-actu","tag-actualites","tag-bordeaux","tag-eu","tag-europe","tag-fr","tag-france","tag-gare-saint-jean","tag-incendie","tag-la-gironde","tag-le-milieu","tag-news","tag-nouvelle-aquitaine","tag-republique-francaise","tag-saint-jean"],"share_on_mastodon":{"url":"https:\/\/pubeurope.com\/@fr\/116994571565922248","error":""},"_links":{"self":[{"href":"https:\/\/www.europesays.com\/fr\/wp-json\/wp\/v2\/posts\/1091762","targetHints":{"allow":["GET"]}}],"collection":[{"href":"https:\/\/www.europesays.com\/fr\/wp-json\/wp\/v2\/posts"}],"about":[{"href":"https:\/\/www.europesays.com\/fr\/wp-json\/wp\/v2\/types\/post"}],"author":[{"embeddable":true,"href":"https:\/\/www.europesays.com\/fr\/wp-json\/wp\/v2\/users\/2"}],"replies":[{"embeddable":true,"href":"https:\/\/www.europesays.com\/fr\/wp-json\/wp\/v2\/comments?post=1091762"}],"version-history":[{"count":0,"href":"https:\/\/www.europesays.com\/fr\/wp-json\/wp\/v2\/posts\/1091762\/revisions"}],"wp:featuredmedia":[{"embeddable":true,"href":"https:\/\/www.europesays.com\/fr\/wp-json\/wp\/v2\/media\/1091763"}],"wp:attachment":[{"href":"https:\/\/www.europesays.com\/fr\/wp-json\/wp\/v2\/media?parent=1091762"}],"wp:term":[{"taxonomy":"category","embeddable":true,"href":"https:\/\/www.europesays.com\/fr\/wp-json\/wp\/v2\/categories?post=1091762"},{"taxonomy":"post_tag","embeddable":true,"href":"https:\/\/www.europesays.com\/fr\/wp-json\/wp\/v2\/tags?post=1091762"}],"curies":[{"name":"wp","href":"https:\/\/api.w.org\/{rel}","templated":true}]}}