{"id":10918,"date":"2025-04-08T18:56:19","date_gmt":"2025-04-08T18:56:19","guid":{"rendered":"https:\/\/www.europesays.com\/fr\/10918\/"},"modified":"2025-04-08T18:56:19","modified_gmt":"2025-04-08T18:56:19","slug":"un-nouveau-sondage-place-jean-michel-aulas-en-principal-opposant-des-ecologistes","status":"publish","type":"post","link":"https:\/\/www.europesays.com\/fr\/10918\/","title":{"rendered":"un nouveau sondage place Jean-Michel Aulas en principal opposant des \u00e9cologistes"},"content":{"rendered":"<p>En cas de division \u00e0 gauche comme \u00e0 droite, l\u2019ancien patron de l\u2019Olympique Lyonnais arriverait m\u00eame en t\u00eate devant le maire sortant, Gr\u00e9gory Doucet.<\/p>\n<p class=\"fig-paragraph\">Si sa r\u00e9flexion\u00a0<a href=\"http:\/\/www.lefigaro.fr\/lyon\/un-cap-et-un-chemin-se-dessinent-jean-michel-aulas-fait-un-pas-de-plus-vers-une-candidature-aux-municipales-a-lyon-20250402\" data-fig-type=\"NewsFlash\" data-gtm-custom-categorie=\"navigation\" data-gtm-custom-action=\"crossclick\" data-gtm-custom-label=\"Contextuel\" data-gtm-event=\"customEventSPE\" data-fig-domain=\"LEFIGARO\" target=\"_blank\" rel=\"noopener\">\u00abcontinue\u00bb, comme il l\u2019a admis lui-m\u00eame sur X<\/a>, un nouveau sondage publi\u00e9 ce mardi pourrait bien apporter un peu plus de poids \u00e0 l\u2019\u00e9ventuelle candidature aux municipales de l\u2019ancien pr\u00e9sident de l\u2019Olympique Lyonnais. Une enqu\u00eate d\u2019opinion, command\u00e9e par\u00a0<a href=\"https:\/\/www.bfmtv.com\/lyon\/sondage-bfm-lyon-municipales-2026-forte-popularite-pour-aulas-doucet-favori-au-premier-tour_AN-202504080027.html\" target=\"_blank\" rel=\"nofollow noopener\" data-gtm-custom-categorie=\"navigation\" data-gtm-custom-action=\"crossclick\" data-gtm-custom-label=\"Contextuel\" data-gtm-event=\"customEventSPE\">BFM Lyon<\/a>\u00a0\u00e0 Elabe, \u00e9value trois hypoth\u00e8ses d\u2019alliance. Et dans un des cas de figure, l\u2019ancien chef d\u2019entreprise arrive en t\u00eate au premier tour.<\/p>\n<p class=\"fig-paragraph\">En effet, en cas de d\u00e9sunion \u00e0 gauche et au centre droit, JMA arriverait en t\u00eate au premier tour avec 24% des suffrages contre 22% pour le maire \u00e9cologiste sortant,\u00a0<a href=\"http:\/\/www.lefigaro.fr\/lyon\/une-large-majorite-de-lyonnais-mecontente-de-son-maire-gregory-doucet-selon-un-sondage-20250131\" data-fig-type=\"NewsFlash\" data-gtm-custom-categorie=\"navigation\" data-gtm-custom-action=\"crossclick\" data-gtm-custom-label=\"Contextuel\" data-gtm-event=\"customEventSPE\" data-fig-domain=\"LEFIGARO\" target=\"_blank\" rel=\"noopener\">Gr\u00e9gory Doucet<\/a>. LFI, port\u00e9e par Ana\u00efs Belouassa-Cherifi, (14%) se positionnerait en troisi\u00e8me position devant Pierre Oliver (LR), cr\u00e9dit\u00e9 de 10%.<\/p>\n<p class=\"fig-body-link\">\n            \u00c0 lire aussi<br \/>\n        <a class=\"fig-body-link__link fig-premium-mark\" href=\"http:\/\/www.lefigaro.fr\/lyon\/tout-le-monde-va-se-ranger-s-il-va-aux-municipales-a-lyon-jean-michel-aulas-courtise-par-la-droite-et-le-centre-20250318\" data-fig-type=\"NewsFlash\" data-gtm-custom-categorie=\"navigation\" data-gtm-custom-action=\"crossclick\" data-gtm-custom-label=\"Contextuel\" data-gtm-event=\"customEventSPE\" data-fig-domain=\"LEFIGARO\" target=\"_blank\" rel=\"noopener\">\u00ab\u00a0Tout le monde va se ranger s\u2019il va aux municipales\u00a0\u00bb\u00a0: \u00e0 Lyon, Jean-Michel Aulas courtis\u00e9 par la droite et le centre<br \/>\n    <\/a>\n<\/p>\n<p>Aulas incontournable pour le centre droit\u00a0?<\/p>\n<p class=\"fig-paragraph\">Dans l\u2019hypoth\u00e8se d\u2019une union \u00e0 gauche mais de d\u00e9sunion \u00e0 droite, Jean-Michel Aulas arriverait en deuxi\u00e8me position avec 28% des votes derri\u00e8re Gregory Doucet (37%). Enfin, en cas d\u2019union entre le parti pr\u00e9sidentiel et LR, Aulas arriverait n\u00e9anmoins toujours en deuxi\u00e8me position (34%) derri\u00e8re Gr\u00e9gory Doucet (38%). Ce dernier pourrait compter sur les 6% de Nathalie Perrin-Gilbert en tant que r\u00e9serve de voix, quand JMA pourrait s\u2019appuyer sur une bonne partie des 12% de l\u2019ancien maire de Lyon Georges K\u00e9p\u00e9n\u00e9kian \u00e9tiquet\u00e9 comme \u00abdivers centre\u00bb. Dans tous les cas, Jean-Michel Aulas s\u2019impose un peu plus comme le candidat incontournable du centre droit.<\/p>\n<p class=\"fig-paragraph\">Selon ces trois hypoth\u00e8ses, les blocs de droite et de gauche oscilleraient respectivement entre 42% et 47% et entre 44% et 49%, laissant entrevoir un duel serr\u00e9 entre la majorit\u00e9 sortante et l\u2019opposition regroup\u00e9e autour de Jean-Michel Aulas. Reste d\u00e9sormais \u00e0 savoir si les \u00e9ventuels ralliements des candidats Pierre Oliver (maire du 2e arrondissement) auront lieu avant ou apr\u00e8s le premier tour.<\/p>\n<p>    Les trois hypoth\u00e8ses test\u00e9es par BFM LYON et Elabe.<br \/>\n                Sondage BFMLYON\/ELABE<\/p>\n<p class=\"fig-body-link\">\n            \u00c0 lire aussi<br \/>\n        <a class=\"fig-body-link__link\" href=\"http:\/\/www.lefigaro.fr\/lyon\/jean-michel-aulas-recu-par-attal-et-l-elysee-pour-evoquer-sa-candidature-aux-municipales-a-lyon-20250320\" data-fig-type=\"NewsFlash\" data-gtm-custom-categorie=\"navigation\" data-gtm-custom-action=\"crossclick\" data-gtm-custom-label=\"Contextuel\" data-gtm-event=\"customEventSPE\" data-fig-domain=\"LEFIGARO\" target=\"_blank\" rel=\"noopener\">Jean-Michel Aulas re\u00e7u par Attal et l\u2019Elys\u00e9e pour \u00e9voquer sa candidature aux municipales \u00e0 Lyon<br \/>\n    <\/a>\n<\/p>\n<p>Duel g\u00e9n\u00e9rationnel<\/p>\n<p class=\"fig-paragraph\">Dans le d\u00e9tail du sondage\u00a0: en cas d\u2019union de la gauche, d\u2019un c\u00f4t\u00e9, et du centre droit, de l\u2019autre, Gregory Doucet arriverait largement en t\u00eate chez les 18-24 ans (56% contre 16% pour JMA) et les 25-34 ans (57% contre 22%).\u00a0<a href=\"http:\/\/www.lefigaro.fr\/lyon\/municipales-a-lyon-jean-michel-aulas-n-a-pas-pris-de-decision-mais-ecoute-les-lyonnais-20250326\" data-fig-type=\"NewsFlash\" data-gtm-custom-categorie=\"navigation\" data-gtm-custom-action=\"crossclick\" data-gtm-custom-label=\"Contextuel\" data-gtm-event=\"customEventSPE\" data-fig-domain=\"LEFIGARO\" target=\"_blank\" rel=\"noopener\">\u00c0 l\u2019inverse, Jean-Michel Aulas est leader chez les 50-64 ans<\/a>\u00a0(40% contre 27%) et les 65 ans et plus (49% contre 13%).<\/p>\n<p class=\"fig-paragraph\">Concernant les cat\u00e9gories socioprofessionnelles (en gardant la m\u00eame hypoth\u00e8se), l\u2019ancien patron de l\u2019OL \u00e9craserait la concurrence chez les retrait\u00e9s (52% contre 14%) mais arriverait en deuxi\u00e8me position dans toutes les autres cat\u00e9gories d\u2019actifs\u00a0: 34% contre 40% chez les cadres, 26% contre 49% chez les professions interm\u00e9diaires et 26% contre 43% chez les employ\u00e9s et ouvriers.<\/p>\n<p class=\"fig-body-link\">\n            \u00c0 lire aussi<br \/>\n        <a class=\"fig-body-link__link fig-premium-mark\" href=\"http:\/\/www.lefigaro.fr\/sports\/football\/ligue-1\/jean-michel-aulas-candidat-a-la-mairie-de-lyon-j-y-reflechis-20250216\" data-fig-type=\"Article\" data-gtm-custom-categorie=\"navigation\" data-gtm-custom-action=\"crossclick\" data-gtm-custom-label=\"Contextuel\" data-gtm-event=\"customEventSPE\" data-fig-domain=\"LEFIGARO\" target=\"_blank\" rel=\"noopener\">Jean-Michel Aulas \u00abr\u00e9fl\u00e9chit\u00bb \u00e0 une candidature \u00e0 la mairie de Lyon<br \/>\n    <\/a>\n<\/p>\n<p>Aulas, candidat le plus appr\u00e9ci\u00e9<\/p>\n<p class=\"fig-paragraph\">Il y a\u00a0<a href=\"http:\/\/www.lefigaro.fr\/lyon\/municipales-a-lyon-jean-michel-aulas-talonne-gregory-doucet-dans-un-premier-sondage-20250317\" data-fig-type=\"NewsFlash\" data-gtm-custom-categorie=\"navigation\" data-gtm-custom-action=\"crossclick\" data-gtm-custom-label=\"Contextuel\" data-gtm-event=\"customEventSPE\" data-fig-domain=\"LEFIGARO\" target=\"_blank\" rel=\"noopener\">deux semaines, un premier sondage, command\u00e9 par Jean-Michel Aulas<\/a>, pla\u00e7ait ce dernier en deuxi\u00e8me position (17%) derri\u00e8re Gr\u00e9gory Doucet (22%). Cette nouvelle enqu\u00eate d\u2019opinion confirme la dynamique de l\u2019ancien pr\u00e9sident de l\u2019OL qui n\u2019a toutefois pas encore fait acte de candidature. \u00abProgressivement, un cap et un chemin se dessinent\u00bb, a-t-il simplement \u00e9crit sur son compte X. En coulisses, certains \u00e9voquent une possible annonce \u00abapr\u00e8s P\u00e2ques\u00bb.<\/p>\n<p class=\"fig-paragraph\">Du c\u00f4t\u00e9 de son entourage, on ne souhaite pas pr\u00e9cipiter cette candidature, et pr\u00e9f\u00e8re insister sur sa \u00abposition de rassembleur des Lyonnais\u00bb. \u00abJean-Michel Aulas s\u2019impose comme un leader au-dessus des partis, capable d\u2019incarner l\u2019alternative large, cr\u00e9dible et apais\u00e9e face \u00e0 la majorit\u00e9 \u00e9cologiste sortante\u00bb, poursuivent-ils. Selon le sondage Elabe, l\u2019ancien patron de l\u2019OL recueille 56% d\u2019opinions positives et 15% de n\u00e9gatives contre respectivement 36% et 37% pour Gregory Doucet.<\/p>\n<p class=\"fig-paragraph\">Sondage r\u00e9alis\u00e9 selon la m\u00e9thode des quotas du 26 mars au 2 avril sur un \u00e9chantillon de 1.100 personnes repr\u00e9sentatif de la population r\u00e9sidente de Lyon \u00e2g\u00e9e de 18 ans et plus dont 800 inscrits sur les listes \u00e9lectorales<\/p>\n<p>\u00a0\u00bb<br \/>\n        data-script=\u00a0\u00bbhttps:\/\/static.lefigaro.fr\/widget-video\/short-ttl\/video\/index.js\u00a0\u00bb<br \/>\n    &gt;<\/p>\n","protected":false},"excerpt":{"rendered":"En cas de division \u00e0 gauche comme \u00e0 droite, l\u2019ancien patron de l\u2019Olympique Lyonnais arriverait m\u00eame en t\u00eate&hellip;\n","protected":false},"author":2,"featured_media":10919,"comment_status":"","ping_status":"","sticky":false,"template":"","format":"standard","meta":{"footnotes":""},"categories":[1889],"tags":[1111,11,5273,2430,5299,5272,5312,5296,5285,1777,674,5293,1011,27,5303,5311,5301,5227,5279,5275,5313,5276,5300,5302,5280,5298,5281,5306,5305,5308,5309,5284,5294,5297,5269,5271,5268,5270,5267,2428,5295,5307,5277,5304,5283,12,978,5274,25,2431,5314,5288,5292,5289,5291,5290,5315,5282,5286,5266,5310,5287,5278],"class_list":{"0":"post-10918","1":"post","2":"type-post","3":"status-publish","4":"format-standard","5":"has-post-thumbnail","7":"category-lyon","8":"tag-actu","9":"tag-actualites","10":"tag-ainay","11":"tag-auvergne-rhone-alpes","12":"tag-bellecombe","13":"tag-bellecour","14":"tag-champvert-nord","15":"tag-champvert-sud","16":"tag-clos-jouve","17":"tag-eu","18":"tag-europe","19":"tag-fourviere","20":"tag-fr","21":"tag-france","22":"tag-gerland","23":"tag-gorge-de-loup","24":"tag-jean-mace","25":"tag-jean-michel-aulas","26":"tag-la-buire","27":"tag-la-confluence","28":"tag-la-duchere","29":"tag-la-guillotiere-nord-prefecture","30":"tag-la-guillotiere-sud","31":"tag-la-mouche","32":"tag-la-part-dieu","33":"tag-la-tete-dor","34":"tag-la-villette","35":"tag-laennec","36":"tag-le-bachut","37":"tag-le-grand-trou","38":"tag-le-moulin-a-vent","39":"tag-le-plateau-de-la-croix-rousse","40":"tag-le-point-du-jour","41":"tag-les-brotteaux","42":"tag-les-chartreux","43":"tag-les-cordeliers","44":"tag-les-pentes-de-la-croix-rousse","45":"tag-les-terreaux","46":"tag-les-traboules","47":"tag-lyon","48":"tag-menival","49":"tag-mermoz","50":"tag-moncey","51":"tag-monplaisir","52":"tag-montchat","53":"tag-news","54":"tag-olympique-lyonnais","55":"tag-perrache","56":"tag-republique-francaise","57":"tag-rhone-alpes","58":"tag-rochecardon-industrie","59":"tag-saint-georges","60":"tag-saint-irenee","61":"tag-saint-jean","62":"tag-saint-just","63":"tag-saint-paul","64":"tag-saint-rambert-lile-barbe","65":"tag-sans-souci-dauphine","66":"tag-serin-saint-charles","67":"tag-sondage-municipales-lyon","68":"tag-vaise","69":"tag-vieux-lyon","70":"tag-voltaire"},"share_on_mastodon":{"url":"","error":""},"_links":{"self":[{"href":"https:\/\/www.europesays.com\/fr\/wp-json\/wp\/v2\/posts\/10918","targetHints":{"allow":["GET"]}}],"collection":[{"href":"https:\/\/www.europesays.com\/fr\/wp-json\/wp\/v2\/posts"}],"about":[{"href":"https:\/\/www.europesays.com\/fr\/wp-json\/wp\/v2\/types\/post"}],"author":[{"embeddable":true,"href":"https:\/\/www.europesays.com\/fr\/wp-json\/wp\/v2\/users\/2"}],"replies":[{"embeddable":true,"href":"https:\/\/www.europesays.com\/fr\/wp-json\/wp\/v2\/comments?post=10918"}],"version-history":[{"count":0,"href":"https:\/\/www.europesays.com\/fr\/wp-json\/wp\/v2\/posts\/10918\/revisions"}],"wp:featuredmedia":[{"embeddable":true,"href":"https:\/\/www.europesays.com\/fr\/wp-json\/wp\/v2\/media\/10919"}],"wp:attachment":[{"href":"https:\/\/www.europesays.com\/fr\/wp-json\/wp\/v2\/media?parent=10918"}],"wp:term":[{"taxonomy":"category","embeddable":true,"href":"https:\/\/www.europesays.com\/fr\/wp-json\/wp\/v2\/categories?post=10918"},{"taxonomy":"post_tag","embeddable":true,"href":"https:\/\/www.europesays.com\/fr\/wp-json\/wp\/v2\/tags?post=10918"}],"curies":[{"name":"wp","href":"https:\/\/api.w.org\/{rel}","templated":true}]}}