{"id":109182,"date":"2025-05-18T11:06:14","date_gmt":"2025-05-18T11:06:14","guid":{"rendered":"https:\/\/www.europesays.com\/fr\/109182\/"},"modified":"2025-05-18T11:06:14","modified_gmt":"2025-05-18T11:06:14","slug":"un-mort-dans-une-explosion-consideree-comme-terroriste-devant-une-clinique-en-californie-liberation","status":"publish","type":"post","link":"https:\/\/www.europesays.com\/fr\/109182\/","title":{"rendered":"Un mort dans une explosion consid\u00e9r\u00e9e comme \u00abterroriste\u00bb devant une clinique en Californie \u2013 Lib\u00e9ration"},"content":{"rendered":"<p class=\"sc-ksZaOG ehjQrN text-element\">Une attaque inhabituelle. Elle s\u2019est produite samedi \u00e0 Palm Springs, \u00e0 l\u2019est de Los Angeles, peu avant 11 heures locales (20 heures \u00e0 Paris), a \u00e9crit la ville dans un communiqu\u00e9 publi\u00e9 sur Facebook. Une photo publi\u00e9e par la clinique montre sa fa\u00e7ade tr\u00e8s ab\u00eem\u00e9e, la porte d\u2019entr\u00e9e enfonc\u00e9e, les vitres de plusieurs fen\u00eatres bris\u00e9es et les tuiles du toit souffl\u00e9es.<\/p>\n<p class=\"sc-ksZaOG ehjQrN text-element\">\u00abIl s\u2019agit d\u2019un acte terroriste intentionnel. L\u2019avanc\u00e9e de l\u2019enqu\u00eate permettra de d\u00e9terminer s\u2019il s\u2019agit de terrorisme international ou de terrorisme int\u00e9rieur\u00bb, a d\u00e9clar\u00e9 \u00e0 la presse Akil Davis, chef du bureau local du FBI \u00e0 Los Angeles. Il a ajout\u00e9 \u00abpenser\u00bb que l\u2019\u00e9tablissement avait \u00e9t\u00e9 d\u00e9lib\u00e9r\u00e9ment vis\u00e9, dans un pays ou la PMA est un sujet qui divise. Le maire de la ville, Ron DeHarte, a \u00e9voqu\u00e9 une bombe \u00abdans ou pr\u00e8s d\u2019un v\u00e9hicule gar\u00e9 sur le parking du b\u00e2timent\u00bb.<\/p>\n<p class=\"sc-ksZaOG ehjQrN text-element\">L\u2019explosion a fait un mort dont l\u2019identit\u00e9 n\u2019est pas connue \u00e0 ce stade, a pr\u00e9cis\u00e9 la police de Palm Springs. Les d\u00e9g\u00e2ts, au-del\u00e0 du centre pour PMA, \u00abs\u2019\u00e9tendent \u00e0 plusieurs rues, avec plusieurs b\u00e2timents endommag\u00e9s, certains lourdement\u00bb, a relev\u00e9 la police, selon laquelle l\u2019incident semble \u00abisol\u00e9\u00bb.<\/p>\n<p class=\"sc-ksZaOG ehjQrN text-element\">\u00abCe matin, un \u00e9v\u00e9nement inattendu et tragique s\u2019est d\u00e9roul\u00e9 devant notre local de Palm Springs quand un v\u00e9hicule a explos\u00e9 sur un parking pr\u00e8s de notre b\u00e2timent\u00bb, a expliqu\u00e9 sur Facebook la clinique, qui a ferm\u00e9. \u00abNous avons le c\u0153ur bris\u00e9 d\u2019apprendre que cet \u00e9v\u00e9nement a enlev\u00e9 une vie et caus\u00e9 des blessures\u00bb, indique le texte, pr\u00e9cisant que le laboratoire qui stocke gam\u00e8tes et embryons n\u2019avait pas \u00e9t\u00e9 touch\u00e9. La municipalit\u00e9 a demand\u00e9 aux habitants de se tenir \u00e9loign\u00e9 de la zone.<\/p>\n<p class=\"sc-ksZaOG ehjQrN text-element\">La PMA est une pomme de discorde entre conservateurs aux Etats-Unis. De nombreux r\u00e9publicains, pour qui les valeurs familiales traditionnelles doivent \u00eatre d\u00e9fendues, y voient un moyen d\u2019augmenter le nombre d\u2019enfants dans les familles am\u00e9ricaines. Mais d\u2019autres ont une position plus stricte, estimant que la vie commence d\u00e8s la conception. Ils sont donc fermement oppos\u00e9s \u00e0 la PMA car, dans cette proc\u00e9dure, plusieurs embryons sont souvent produits et tous ne sont pas forc\u00e9ment utilis\u00e9s.<\/p>\n<p class=\"sc-ksZaOG ehjQrN text-element\">Le gouvernement de Donald Trump semble favorable \u00e0 cette technique. \u00abLa violence contre une clinique de fertilit\u00e9 est impardonnable\u00bb, a d\u2019ailleurs r\u00e9agi samedi la ministre de la Justice du pr\u00e9sident r\u00e9publicain, Pam Bondi. \u00abNous travaillons \u00e0 en savoir plus, mais permettez-moi d\u2019\u00eatre claire\u00a0: l\u2019administration Trump comprend bien que les femmes et les m\u00e8res sont le c\u0153ur battant de l\u2019Am\u00e9rique\u00bb, a-t-elle \u00e9crit sur X.<\/p>\n<p class=\"sc-ksZaOG ehjQrN text-element\">\u00abComme l\u2019\u00e9crasante majorit\u00e9 des Am\u00e9ricains, y compris la vaste majorit\u00e9 des r\u00e9publicains [\u2026], je soutiens fortement l\u2019acc\u00e8s aux f\u00e9condations in vitro pour les couples qui essaient d\u2019avoir un pr\u00e9cieux b\u00e9b\u00e9\u00bb, avait \u00e9crit Donald Trump sur son Truth Social l\u2019ann\u00e9e pass\u00e9e lors de la campagne pour la pr\u00e9sidentielle.<\/p>\n","protected":false},"excerpt":{"rendered":"Une attaque inhabituelle. Elle s\u2019est produite samedi \u00e0 Palm Springs, \u00e0 l\u2019est de Los Angeles, peu avant 11&hellip;\n","protected":false},"author":2,"featured_media":109183,"comment_status":"","ping_status":"","sticky":false,"template":"","format":"standard","meta":{"footnotes":""},"categories":[5],"tags":[11,73,1011,27,14,6116,12,22734,28],"class_list":{"0":"post-109182","1":"post","2":"type-post","3":"status-publish","4":"format-standard","5":"has-post-thumbnail","7":"category-international","8":"tag-actualites","9":"tag-etats-unis","10":"tag-fr","11":"tag-france","12":"tag-international","13":"tag-los-angeles","14":"tag-news","15":"tag-pma-pour-toutes","16":"tag-world"},"share_on_mastodon":{"url":"https:\/\/pubeurope.com\/@fr\/114528517077602762","error":""},"_links":{"self":[{"href":"https:\/\/www.europesays.com\/fr\/wp-json\/wp\/v2\/posts\/109182","targetHints":{"allow":["GET"]}}],"collection":[{"href":"https:\/\/www.europesays.com\/fr\/wp-json\/wp\/v2\/posts"}],"about":[{"href":"https:\/\/www.europesays.com\/fr\/wp-json\/wp\/v2\/types\/post"}],"author":[{"embeddable":true,"href":"https:\/\/www.europesays.com\/fr\/wp-json\/wp\/v2\/users\/2"}],"replies":[{"embeddable":true,"href":"https:\/\/www.europesays.com\/fr\/wp-json\/wp\/v2\/comments?post=109182"}],"version-history":[{"count":0,"href":"https:\/\/www.europesays.com\/fr\/wp-json\/wp\/v2\/posts\/109182\/revisions"}],"wp:featuredmedia":[{"embeddable":true,"href":"https:\/\/www.europesays.com\/fr\/wp-json\/wp\/v2\/media\/109183"}],"wp:attachment":[{"href":"https:\/\/www.europesays.com\/fr\/wp-json\/wp\/v2\/media?parent=109182"}],"wp:term":[{"taxonomy":"category","embeddable":true,"href":"https:\/\/www.europesays.com\/fr\/wp-json\/wp\/v2\/categories?post=109182"},{"taxonomy":"post_tag","embeddable":true,"href":"https:\/\/www.europesays.com\/fr\/wp-json\/wp\/v2\/tags?post=109182"}],"curies":[{"name":"wp","href":"https:\/\/api.w.org\/{rel}","templated":true}]}}