{"id":109184,"date":"2025-05-18T11:07:10","date_gmt":"2025-05-18T11:07:10","guid":{"rendered":"https:\/\/www.europesays.com\/fr\/109184\/"},"modified":"2025-05-18T11:07:10","modified_gmt":"2025-05-18T11:07:10","slug":"montereau-trois-morts-et-quatre-blesses-dans-un-accident-de-la-route","status":"publish","type":"post","link":"https:\/\/www.europesays.com\/fr\/109184\/","title":{"rendered":"Montereau\u00a0: trois morts et quatre bless\u00e9s dans un accident de la route"},"content":{"rendered":"<p class=\"paragraph text_align_left\">Drame de la route, dans la nuit de samedi \u00e0 dimanche, dans le sud de la Seine-et-Marne. Dans des circonstances qui restent encore \u00e0 d\u00e9terminer, vers 1\u00a0heure du matin, une Peugeot\u00a0307 dans laquelle se trouvaient plusieurs jeunes &#8211; qui sortaient d\u2019une soir\u00e9e &#8211; a percut\u00e9 un mur.<\/p>\n<p class=\"paragraph text_align_left\">L\u2019accident s\u2019est d\u00e9roul\u00e9 route de la Grande Paroisse, \u00e0 Montereau. Trois des occupants sont d\u00e9c\u00e9d\u00e9es. Les secours d\u00e9p\u00each\u00e9s sur place ont pris en charge quatre bless\u00e9s, dont deux graves, qui ont \u00e9t\u00e9 hospitalis\u00e9s.<\/p>\n<p class=\"paragraph text_align_left\"><b>&gt;\u00a0Plus d\u2019informations \u00e0 venir.<\/b><\/p>\n","protected":false},"excerpt":{"rendered":"Drame de la route, dans la nuit de samedi \u00e0 dimanche, dans le sud de la Seine-et-Marne. Dans&hellip;\n","protected":false},"author":2,"featured_media":109185,"comment_status":"","ping_status":"","sticky":false,"template":"","format":"standard","meta":{"footnotes":""},"categories":[4],"tags":[11,118,1011,27,1944,12,25,1937],"class_list":{"0":"post-109184","1":"post","2":"type-post","3":"status-publish","4":"format-standard","5":"has-post-thumbnail","7":"category-france","8":"tag-actualites","9":"tag-faits-divers","10":"tag-fr","11":"tag-france","12":"tag-ma-ville","13":"tag-news","14":"tag-republique-francaise","15":"tag-seine-et-marne"},"share_on_mastodon":{"url":"https:\/\/pubeurope.com\/@fr\/114528520971141463","error":""},"_links":{"self":[{"href":"https:\/\/www.europesays.com\/fr\/wp-json\/wp\/v2\/posts\/109184","targetHints":{"allow":["GET"]}}],"collection":[{"href":"https:\/\/www.europesays.com\/fr\/wp-json\/wp\/v2\/posts"}],"about":[{"href":"https:\/\/www.europesays.com\/fr\/wp-json\/wp\/v2\/types\/post"}],"author":[{"embeddable":true,"href":"https:\/\/www.europesays.com\/fr\/wp-json\/wp\/v2\/users\/2"}],"replies":[{"embeddable":true,"href":"https:\/\/www.europesays.com\/fr\/wp-json\/wp\/v2\/comments?post=109184"}],"version-history":[{"count":0,"href":"https:\/\/www.europesays.com\/fr\/wp-json\/wp\/v2\/posts\/109184\/revisions"}],"wp:featuredmedia":[{"embeddable":true,"href":"https:\/\/www.europesays.com\/fr\/wp-json\/wp\/v2\/media\/109185"}],"wp:attachment":[{"href":"https:\/\/www.europesays.com\/fr\/wp-json\/wp\/v2\/media?parent=109184"}],"wp:term":[{"taxonomy":"category","embeddable":true,"href":"https:\/\/www.europesays.com\/fr\/wp-json\/wp\/v2\/categories?post=109184"},{"taxonomy":"post_tag","embeddable":true,"href":"https:\/\/www.europesays.com\/fr\/wp-json\/wp\/v2\/tags?post=109184"}],"curies":[{"name":"wp","href":"https:\/\/api.w.org\/{rel}","templated":true}]}}