{"id":109188,"date":"2025-05-18T11:09:09","date_gmt":"2025-05-18T11:09:09","guid":{"rendered":"https:\/\/www.europesays.com\/fr\/109188\/"},"modified":"2025-05-18T11:09:09","modified_gmt":"2025-05-18T11:09:09","slug":"gastronomie-cette-jeune-cheffe-prometteuse-propose-une-cuisine-accessible-et-raffinee-a-la-talaudiere","status":"publish","type":"post","link":"https:\/\/www.europesays.com\/fr\/109188\/","title":{"rendered":"Gastronomie. Cette jeune cheffe prometteuse propose une cuisine accessible et raffin\u00e9e \u00e0 La Talaudi\u00e8re"},"content":{"rendered":"<p>Originaire de Saint-Chamond, o\u00f9 elle a grandi et effectu\u00e9 sa formation \u00e0 l\u2019\u00e9cole h\u00f4teli\u00e8re, Coline Vericel a su transformer sa passion n\u00e9e aux c\u00f4t\u00e9s de sa maman en une aventure gastronomique bien r\u00e9elle. Depuis octobre\u00a02022, elle est aux commandes de son propre restaurant, un cocon \u00e0 taille humaine nich\u00e9 \u00e0 La Talaudi\u00e8re, o\u00f9 elle d\u00e9ploie une cuisine contemporaine, sensible et inspir\u00e9e, entre tradition et cr\u00e9ativit\u00e9.<\/p>\n<p>Une exp\u00e9rience de cheffe \u00e0 domicile<\/p>\n<p>Avant d\u2019ouvrir son \u00e9tablissement, Coline a fait ses armes dans des maisons reconnues de la r\u00e9gion\u00a0: l\u2019Escargot d\u2019Or et L\u2019\u00c9closion, deux adresses o\u00f9 elle a aff\u00fbt\u00e9 sa rigueur et affirm\u00e9 son style. Durant la p\u00e9riode du Covid, elle se r\u00e9invente en cheffe \u00e0 domicile, une exp\u00e9rience qui la rapproche de l\u2019essence de son m\u00e9tier\u00a0: cuisiner avec sinc\u00e9rit\u00e9 pour&#8230;<\/p>\n","protected":false},"excerpt":{"rendered":"Originaire de Saint-Chamond, o\u00f9 elle a grandi et effectu\u00e9 sa formation \u00e0 l\u2019\u00e9cole h\u00f4teli\u00e8re, Coline Vericel a su&hellip;\n","protected":false},"author":2,"featured_media":109189,"comment_status":"","ping_status":"","sticky":false,"template":"","format":"standard","meta":{"footnotes":""},"categories":[9653],"tags":[1111,11,2430,1687,7539,1777,674,1011,27,12053,3367,6016,12,2610,25,4001,9664],"class_list":{"0":"post-109188","1":"post","2":"type-post","3":"status-publish","4":"format-standard","5":"has-post-thumbnail","7":"category-saint-etienne","8":"tag-actu","9":"tag-actualites","10":"tag-auvergne-rhone-alpes","11":"tag-culture-loisirs","12":"tag-edition-loire-sud","13":"tag-eu","14":"tag-europe","15":"tag-fr","16":"tag-france","17":"tag-la-talaudiere","18":"tag-loire","19":"tag-magazine-cuisine-et-vins","20":"tag-news","21":"tag-recettes","22":"tag-republique-francaise","23":"tag-saint-etienne","24":"tag-saint-etienne-bassin"},"share_on_mastodon":{"url":"https:\/\/pubeurope.com\/@fr\/114528528923999391","error":""},"_links":{"self":[{"href":"https:\/\/www.europesays.com\/fr\/wp-json\/wp\/v2\/posts\/109188","targetHints":{"allow":["GET"]}}],"collection":[{"href":"https:\/\/www.europesays.com\/fr\/wp-json\/wp\/v2\/posts"}],"about":[{"href":"https:\/\/www.europesays.com\/fr\/wp-json\/wp\/v2\/types\/post"}],"author":[{"embeddable":true,"href":"https:\/\/www.europesays.com\/fr\/wp-json\/wp\/v2\/users\/2"}],"replies":[{"embeddable":true,"href":"https:\/\/www.europesays.com\/fr\/wp-json\/wp\/v2\/comments?post=109188"}],"version-history":[{"count":0,"href":"https:\/\/www.europesays.com\/fr\/wp-json\/wp\/v2\/posts\/109188\/revisions"}],"wp:featuredmedia":[{"embeddable":true,"href":"https:\/\/www.europesays.com\/fr\/wp-json\/wp\/v2\/media\/109189"}],"wp:attachment":[{"href":"https:\/\/www.europesays.com\/fr\/wp-json\/wp\/v2\/media?parent=109188"}],"wp:term":[{"taxonomy":"category","embeddable":true,"href":"https:\/\/www.europesays.com\/fr\/wp-json\/wp\/v2\/categories?post=109188"},{"taxonomy":"post_tag","embeddable":true,"href":"https:\/\/www.europesays.com\/fr\/wp-json\/wp\/v2\/tags?post=109188"}],"curies":[{"name":"wp","href":"https:\/\/api.w.org\/{rel}","templated":true}]}}