{"id":109197,"date":"2025-05-18T11:15:08","date_gmt":"2025-05-18T11:15:08","guid":{"rendered":"https:\/\/www.europesays.com\/fr\/109197\/"},"modified":"2025-05-18T11:15:08","modified_gmt":"2025-05-18T11:15:08","slug":"un-nouveau-columbus-cafe-ca-vous-tente-pour-le-gouter","status":"publish","type":"post","link":"https:\/\/www.europesays.com\/fr\/109197\/","title":{"rendered":"un nouveau Columbus Caf\u00e9, \u00e7a vous tente pour le go\u00fbter\u00a0?"},"content":{"rendered":"<p>            Par<br \/>\n        <strong><br \/>\n            <a href=\"https:\/\/actu.fr\/auteur\/metropoop\" title=\"Consulter tous les articles de R\u00e9daction M\u00e9tropolitain\" rel=\"nofollow noopener\" target=\"_blank\">R\u00e9daction M\u00e9tropolitain<\/a><br \/>\n        <\/strong><\/p>\n<p>        Publi\u00e9 le<\/p>\n<p>            18 mai 2025 \u00e0 12h35        <\/p>\n<p>\u00c0 Lattes, entre deux emplettes, les visiteurs peuvent d\u00e9sormais savourer un muffin ou un latte. Columbus Caf\u00e9 a r\u00e9cemment ouvert un nouveau point de vente dans la galerie marchande du centre commercial Grand Sud. Avec cette implantation, l\u2019enseigne fran\u00e7aise sp\u00e9cialis\u00e9e dans les coffee shops atteint le chiffre symbolique de <strong>40 ouvertures<\/strong> dans le Sud-Est du pays.<\/p>\n<p>    <a href=\"https:\/\/www.google.com\/maps\/embed?pb=!1m18!1m12!1m3!1d2890.1750970175103!2d3.9270141764586084!3d43.58206907110573!2m3!1f0!2f0!3f0!3m2!1i1024!2i768!4f13.1!3m3!1m2!1s0x12b6a5391e4a3719%3A0xdf9482ec7ee6ea4d!2sCentre%20Commercial%20Grand%20Sud!5e0!3m2!1sen!2sfr!4v1747293900279!5m2!1sen!2sfr\" title=\"Ouvrie le lien\" rel=\"nofollow noopener\" target=\"_blank\">Cliquez ici pour visualiser le contenu<\/a><\/p>\n<p class=\" wall-content\">Ce nouveau Columbus Caf\u00e9 s\u2019inscrit dans une strat\u00e9gie d\u2019expansion bien d\u00e9finie. Il vient compl\u00e9ter un maillage d\u00e9j\u00e0 dense autour de Montpellier. Deux autres \u00e9tablissements sont situ\u00e9s dans le centre commercial Odysseum et \u00e0 proximit\u00e9 de la Polyclinique Saint-Roch. L\u2019\u00e9tablissement de Lattes est dirig\u00e9 par S\u00e9bastien Polo. Il conna\u00eet bien le territoire, a fond\u00e9 le groupe Sud Caf\u00e9 il y a dix ans et g\u00e8re d\u00e9j\u00e0 plusieurs Columbus Caf\u00e9 \u00e0 Montpellier et \u00e0 N\u00eemes.\u00a0<\/p>\n<p>Une enseigne fran\u00e7aise en pleine expansion<\/p>\n<p class=\" wall-content\">Fr\u00e9d\u00e9ric Pastur, directeur g\u00e9n\u00e9ral de Columbus Caf\u00e9, a soulign\u00e9 dans un communiqu\u00e9 le sens de cette nouvelle ouverture : \u00ab\u00a0Ce d\u00e9veloppement autour de Montpellier et dans le Sud-Est s\u2019inscrit dans une strat\u00e9gie pens\u00e9e pour offrir une exp\u00e9rience caf\u00e9 authentique, port\u00e9e par un savoir-faire fran\u00e7ais que nous d\u00e9fendons avec conviction.\u00a0\u00bb<\/p>\n<p class=\" wall-content\">Columbus Caf\u00e9 n\u2019est pas une marque \u00e9trang\u00e8re comme beaucoup le pensent. Cr\u00e9\u00e9e en 1994, elle appartient au groupe Wagram Food Service. Elle se revendique comme la premi\u00e8re cha\u00eene fran\u00e7aise de coffee shops. En 2017, elle a m\u00eame lanc\u00e9 Columbus Retail pour s\u2019attaquer \u00e0 la grande distribution, avec l\u2019ambition affich\u00e9e de devenir le leader des produits coffee shop dans les rayons. L\u2019enseigne a \u00e9t\u00e9 \u00e9lue meilleure cha\u00eene de coffee shops en France par l\u2019European Coffee Symposium.\u00a0<\/p>\n<p class=\" wall-content\">Suivez toute l\u2019actualit\u00e9 de vos villes et m\u00e9dias favoris en vous inscrivant \u00e0 <a href=\"https:\/\/moncompte.actu.fr\" title=\"D\u00e9couvez Mon Actu\" rel=\"nofollow noopener\" data-trk=\"{&quot;cta&quot;:{&quot;action&quot;:&quot;https:\\\/\\\/moncompte.actu.fr&quot;,&quot;category&quot;:&quot;mon compte&quot;,&quot;from&quot;:&quot;article footer&quot;,&quot;name&quot;:&quot;Mon actu&quot;,&quot;type&quot;:&quot;cta&quot;}}\" target=\"_blank\">Mon Actu<\/a>.<\/p>\n","protected":false},"excerpt":{"rendered":"Par R\u00e9daction M\u00e9tropolitain Publi\u00e9 le 18 mai 2025 \u00e0 12h35 \u00c0 Lattes, entre deux emplettes, les visiteurs peuvent&hellip;\n","protected":false},"author":2,"featured_media":109198,"comment_status":"","ping_status":"","sticky":false,"template":"","format":"standard","meta":{"footnotes":""},"categories":[9599],"tags":[1111,11,258,1777,674,1011,27,1305,2208,12,2680,25],"class_list":{"0":"post-109197","1":"post","2":"type-post","3":"status-publish","4":"format-standard","5":"has-post-thumbnail","7":"category-montpellier","8":"tag-actu","9":"tag-actualites","10":"tag-alimentation","11":"tag-eu","12":"tag-europe","13":"tag-fr","14":"tag-france","15":"tag-lifestyle","16":"tag-montpellier","17":"tag-news","18":"tag-occitanie","19":"tag-republique-francaise"},"share_on_mastodon":{"url":"https:\/\/pubeurope.com\/@fr\/114528552431037078","error":""},"_links":{"self":[{"href":"https:\/\/www.europesays.com\/fr\/wp-json\/wp\/v2\/posts\/109197","targetHints":{"allow":["GET"]}}],"collection":[{"href":"https:\/\/www.europesays.com\/fr\/wp-json\/wp\/v2\/posts"}],"about":[{"href":"https:\/\/www.europesays.com\/fr\/wp-json\/wp\/v2\/types\/post"}],"author":[{"embeddable":true,"href":"https:\/\/www.europesays.com\/fr\/wp-json\/wp\/v2\/users\/2"}],"replies":[{"embeddable":true,"href":"https:\/\/www.europesays.com\/fr\/wp-json\/wp\/v2\/comments?post=109197"}],"version-history":[{"count":0,"href":"https:\/\/www.europesays.com\/fr\/wp-json\/wp\/v2\/posts\/109197\/revisions"}],"wp:featuredmedia":[{"embeddable":true,"href":"https:\/\/www.europesays.com\/fr\/wp-json\/wp\/v2\/media\/109198"}],"wp:attachment":[{"href":"https:\/\/www.europesays.com\/fr\/wp-json\/wp\/v2\/media?parent=109197"}],"wp:term":[{"taxonomy":"category","embeddable":true,"href":"https:\/\/www.europesays.com\/fr\/wp-json\/wp\/v2\/categories?post=109197"},{"taxonomy":"post_tag","embeddable":true,"href":"https:\/\/www.europesays.com\/fr\/wp-json\/wp\/v2\/tags?post=109197"}],"curies":[{"name":"wp","href":"https:\/\/api.w.org\/{rel}","templated":true}]}}