{"id":109207,"date":"2025-05-18T11:20:10","date_gmt":"2025-05-18T11:20:10","guid":{"rendered":"https:\/\/www.europesays.com\/fr\/109207\/"},"modified":"2025-05-18T11:20:10","modified_gmt":"2025-05-18T11:20:10","slug":"pourquoi-le-conseil-municipal-va-encore-etre-agite-ce-lundi","status":"publish","type":"post","link":"https:\/\/www.europesays.com\/fr\/109207\/","title":{"rendered":"pourquoi le conseil municipal va (encore) \u00eatre agit\u00e9 ce lundi"},"content":{"rendered":"<p>Mardi dernier, les collectifs qui regroupent des habitants et commer\u00e7ants de la place de Metz, l\u2019avenue Jeanne-d\u2019Arc, le cours Berriat, le quartier Notre-Dame ou encore Hoche <a href=\"https:\/\/www.ledauphine.com\/societe\/2025\/05\/13\/isere-grenoble-berriat-metz-jeanne-d-arc-les-collectifs-de-commercants-et-habitants-bloquent-les-voies-du-tram\" target=\"_blank\" rel=\"nofollow noopener\">avaient manifest\u00e9 dans le secteur de Saint-Bruno<\/a> , en bloquant la circulation des trams. Leur objectif\u00a0: \u00ab\u00a0Que la Ville d\u00e9cide de s\u2019asseoir et de discuter\u00a0!\u00a0\u00bb<\/p>\n<p>Ce coup de pression, la majorit\u00e9 municipale ne le go\u00fbte que tr\u00e8s mod\u00e9r\u00e9ment\u00a0: \u00ab\u00a0Face au durcissement de l\u2019opposition et \u00e0 ses m\u00e9thodes, la Ville appelle au respect du choix des Grenoblois et \u00e0 la fin de ces agissements de quelques-uns, largement appuy\u00e9s par l\u2019opposition municipale de droite, \u00e0 dix mois des \u00e9lections. Pour pr\u00e9venir de futurs troubles \u00e0 l\u2019ordre public, la Ville saisira dans les prochains jours les autorit\u00e9s comp\u00e9tentes pour signaler ces actes et infractions r\u00e9p\u00e9t\u00e9s\u00a0\u00bb.<\/p>\n<p>Pas de quoi refroidir le collectif qui a pr\u00e9vu de remettre \u00e7a, ce lundi \u00e0 9 heures \u00e0 l\u2019H\u00f4tel de Ville avant le conseil municipal, ainsi qu\u2019on peut le lire sur des pages Facebook oppos\u00e9es de longue date \u00e0 la majorit\u00e9 d\u2019<a href=\"https:\/\/www.ledauphine.com\/p\/eric-piolle\" target=\"_blank\" rel=\"nofollow noopener\">\u00c9ric Piolle<\/a>.<\/p>\n<p>  La requalification de l\u2019Esplanade au c\u0153ur du d\u00e9bat<\/p>\n<p>La s\u00e9ance du conseil municipal, sans doute sous bonne garde, commencera \u00e0 10 heures avec un ordre du jour assez fam\u00e9lique. Il n\u2019emp\u00eache, au-del\u00e0 des manifestants, un sujet devrait animer le d\u00e9bat\u00a0: le projet de <a href=\"https:\/\/www.ledauphine.com\/transport\/2025\/03\/13\/stationnement-passerelle-sur-l-isere-logements-le-projet-de-l-esplanade-et-les-questions-en-suspens\" target=\"_blank\" rel=\"nofollow noopener\">requalification de la grande Esplanade et du boulevard de l\u2019Esplanade<\/a>. Projet pour lequel la commission d\u2019enqu\u00eate publique vient de rendre un avis favorable \u00e0 l\u2019issue de la proc\u00e9dure men\u00e9e entre le 17\u00a0f\u00e9vrier et le 21\u00a0mars. Ce qui n\u2019emp\u00eache pas une cinquantaine d\u2019\u00e9lus (parmi lesquels les maires de Gi\u00e8res, Fontaine et Seyssins) et collectivit\u00e9s (Saint-Martin-le-Vinoux, <a href=\"https:\/\/www.ledauphine.com\/politique\/2025\/03\/13\/isere-grenoble-reamenagement-de-l-esplanade-le-smmag-etrille-le-projet-de-la-municipalite\" target=\"_blank\" rel=\"nofollow noopener\"> Smmag<\/a> ) de s\u2019\u00e9lever contre cette requalification, demandant \u00e0 la M\u00e9tropole de \u00ab\u00a0ne pas donner suite au projet\u00a0\u00bb.<\/p>\n<p>Bref, va y avoir un peu de sport quand m\u00eame.<\/p>\n","protected":false},"excerpt":{"rendered":"Mardi dernier, les collectifs qui regroupent des habitants et commer\u00e7ants de la place de Metz, l\u2019avenue Jeanne-d\u2019Arc, le&hellip;\n","protected":false},"author":2,"featured_media":109208,"comment_status":"","ping_status":"","sticky":false,"template":"","format":"standard","meta":{"footnotes":""},"categories":[9566],"tags":[1111,11,2430,1984,112,1777,674,1011,27,2731,108,12,316,25,2803],"class_list":{"0":"post-109207","1":"post","2":"type-post","3":"status-publish","4":"format-standard","5":"has-post-thumbnail","7":"category-grenoble","8":"tag-actu","9":"tag-actualites","10":"tag-auvergne-rhone-alpes","11":"tag-conseil-municipal","12":"tag-edition-grenoble-agglomeration","13":"tag-eu","14":"tag-europe","15":"tag-fr","16":"tag-france","17":"tag-grenoble","18":"tag-isere","19":"tag-news","20":"tag-politique","21":"tag-republique-francaise","22":"tag-transport"},"share_on_mastodon":{"url":"https:\/\/pubeurope.com\/@fr\/114528572058281280","error":""},"_links":{"self":[{"href":"https:\/\/www.europesays.com\/fr\/wp-json\/wp\/v2\/posts\/109207","targetHints":{"allow":["GET"]}}],"collection":[{"href":"https:\/\/www.europesays.com\/fr\/wp-json\/wp\/v2\/posts"}],"about":[{"href":"https:\/\/www.europesays.com\/fr\/wp-json\/wp\/v2\/types\/post"}],"author":[{"embeddable":true,"href":"https:\/\/www.europesays.com\/fr\/wp-json\/wp\/v2\/users\/2"}],"replies":[{"embeddable":true,"href":"https:\/\/www.europesays.com\/fr\/wp-json\/wp\/v2\/comments?post=109207"}],"version-history":[{"count":0,"href":"https:\/\/www.europesays.com\/fr\/wp-json\/wp\/v2\/posts\/109207\/revisions"}],"wp:featuredmedia":[{"embeddable":true,"href":"https:\/\/www.europesays.com\/fr\/wp-json\/wp\/v2\/media\/109208"}],"wp:attachment":[{"href":"https:\/\/www.europesays.com\/fr\/wp-json\/wp\/v2\/media?parent=109207"}],"wp:term":[{"taxonomy":"category","embeddable":true,"href":"https:\/\/www.europesays.com\/fr\/wp-json\/wp\/v2\/categories?post=109207"},{"taxonomy":"post_tag","embeddable":true,"href":"https:\/\/www.europesays.com\/fr\/wp-json\/wp\/v2\/tags?post=109207"}],"curies":[{"name":"wp","href":"https:\/\/api.w.org\/{rel}","templated":true}]}}