{"id":109211,"date":"2025-05-18T11:23:11","date_gmt":"2025-05-18T11:23:11","guid":{"rendered":"https:\/\/www.europesays.com\/fr\/109211\/"},"modified":"2025-05-18T11:23:11","modified_gmt":"2025-05-18T11:23:11","slug":"strasbourg-la-cathedrale-representee-dans-un-carnet-de-8-timbres-collector-en-vente-a-partir-de-lundi","status":"publish","type":"post","link":"https:\/\/www.europesays.com\/fr\/109211\/","title":{"rendered":"Strasbourg. La cath\u00e9drale repr\u00e9sent\u00e9e dans un carnet de 8 timbres collector en vente \u00e0 partir de lundi"},"content":{"rendered":"<p>Plongez dans l\u2019histoire et le patrimoine architectural de la r\u00e9gion gr\u00e2ce au collector de timbres d\u00e9di\u00e9 aux plus belles cath\u00e9drales du Grand Est\u00a0!<\/p>\n<p>Ce lundi 19\u00a0mai, La Poste \u00e9met un carnet de 8 timbres-poste c\u00e9l\u00e9brant les magnifiques cath\u00e9drales du Grand Est dont <a href=\"https:\/\/www.dna.fr\/p\/cathedrale-de-strasbourg\" target=\"_blank\" rel=\"nofollow noopener\">celle de Strasbourg<\/a>. T\u00e9moins majestueux de l\u2019histoire de la r\u00e9gion, elles continuent de jouer un r\u00f4le central dans la vie culturelle et spirituelle des habitants, tout en demeurant des attractions touristiques majeures.<\/p>\n<p>Les \u00e9difices embl\u00e9matiques de Strasbourg, Metz, Nancy, Toul, Reims, Troyes, Ch\u00e2lons-en-Champagne et Saint-Di\u00e9-des-Vosges y sont mis en lumi\u00e8re au travers de huit timbres prestigieux.<\/p>\n<p>  En vente lundi<\/p>\n<p>\u00c0 partir du lundi 19\u00a0mai, le carnet collector sera vendu au prix de 14\u00a0euros dans tous les bureaux de poste de la r\u00e9gion Grand Est.<\/p>\n","protected":false},"excerpt":{"rendered":"Plongez dans l\u2019histoire et le patrimoine architectural de la r\u00e9gion gr\u00e2ce au collector de timbres d\u00e9di\u00e9 aux plus&hellip;\n","protected":false},"author":2,"featured_media":109212,"comment_status":"","ping_status":"","sticky":false,"template":"","format":"standard","meta":{"footnotes":""},"categories":[2820],"tags":[1111,11,4406,1687,33,2880,1777,674,107,1011,27,775,12,2661,25,640,2879],"class_list":{"0":"post-109211","1":"post","2":"type-post","3":"status-publish","4":"format-standard","5":"has-post-thumbnail","7":"category-strasbourg","8":"tag-actu","9":"tag-actualites","10":"tag-commerce-et-services","11":"tag-culture-loisirs","12":"tag-economie","13":"tag-edition-strasbourg","14":"tag-eu","15":"tag-europe","16":"tag-fil-info","17":"tag-fr","18":"tag-france","19":"tag-grand-est","20":"tag-news","21":"tag-patrimoine-culturel","22":"tag-republique-francaise","23":"tag-strasbourg","24":"tag-strasbourg-ville"},"share_on_mastodon":{"url":"https:\/\/pubeurope.com\/@fr\/114528584029845489","error":""},"_links":{"self":[{"href":"https:\/\/www.europesays.com\/fr\/wp-json\/wp\/v2\/posts\/109211","targetHints":{"allow":["GET"]}}],"collection":[{"href":"https:\/\/www.europesays.com\/fr\/wp-json\/wp\/v2\/posts"}],"about":[{"href":"https:\/\/www.europesays.com\/fr\/wp-json\/wp\/v2\/types\/post"}],"author":[{"embeddable":true,"href":"https:\/\/www.europesays.com\/fr\/wp-json\/wp\/v2\/users\/2"}],"replies":[{"embeddable":true,"href":"https:\/\/www.europesays.com\/fr\/wp-json\/wp\/v2\/comments?post=109211"}],"version-history":[{"count":0,"href":"https:\/\/www.europesays.com\/fr\/wp-json\/wp\/v2\/posts\/109211\/revisions"}],"wp:featuredmedia":[{"embeddable":true,"href":"https:\/\/www.europesays.com\/fr\/wp-json\/wp\/v2\/media\/109212"}],"wp:attachment":[{"href":"https:\/\/www.europesays.com\/fr\/wp-json\/wp\/v2\/media?parent=109211"}],"wp:term":[{"taxonomy":"category","embeddable":true,"href":"https:\/\/www.europesays.com\/fr\/wp-json\/wp\/v2\/categories?post=109211"},{"taxonomy":"post_tag","embeddable":true,"href":"https:\/\/www.europesays.com\/fr\/wp-json\/wp\/v2\/tags?post=109211"}],"curies":[{"name":"wp","href":"https:\/\/api.w.org\/{rel}","templated":true}]}}