{"id":109213,"date":"2025-05-18T11:24:10","date_gmt":"2025-05-18T11:24:10","guid":{"rendered":"https:\/\/www.europesays.com\/fr\/109213\/"},"modified":"2025-05-18T11:24:10","modified_gmt":"2025-05-18T11:24:10","slug":"les-havrais-accueillis-en-heros-par-leurs-supporters-a-leur-retour-de-strasbourg-ligue-1-j34-strasbourg-le-havre-2-3","status":"publish","type":"post","link":"https:\/\/www.europesays.com\/fr\/109213\/","title":{"rendered":"Les Havrais accueillis en h\u00e9ros par leurs supporters \u00e0 leur retour de Strasbourg &#8211; Ligue 1 &#8211; J34 &#8211; Strasbourg-Le Havre (2-3)"},"content":{"rendered":"<p>Encore plus beau qu\u2019un titre ?<\/p>\n<blockquote class=\"twitter-tweet-lazy\">\n<p dir=\"ltr\" lang=\"fr\">On l\u2019a fait pour le \ud835\udc91\ud835\udc86\ud835\udc96\ud835\udc91\ud835\udc8d\ud835\udc86 \ud83e\udde8 <a target=\"_blank\" href=\"https:\/\/t.co\/sY68Ww9FNE\" rel=\"nofollow\">pic.twitter.com\/sY68Ww9FNE<\/a><\/p>\n<p>\u2014 Havre Athletic Club \u26bd\ufe0f (@HAC_Foot) <a target=\"_blank\" href=\"https:\/\/twitter.com\/HAC_Foot\/status\/1923938896569565467?ref_src=twsrc%5Etfw\" rel=\"nofollow noopener\">May 18, 2025<\/a><\/p>\n<\/blockquote>\n<p>On ne s\u2019en lasse pas : gr\u00e2ce \u00e0 un sc\u00e9nario fou et <a target=\"_blank\" href=\"https:\/\/www.sofoot.com\/articles\/ligue-1-nice-termine-quatrieme-le-havre-se-sauve-sur-le-gong-lyon-retrouvera-leurope\" rel=\"noopener nofollow\">une panenka d\u2019Abdoulaye Tour\u00e9 sortie de nulle part \u00e0 la 90e+9<\/a> contre Strasbourg, Le Havre a sauv\u00e9 sa peau sur le fil au d\u00e9triment du Stade de Reims, samedi lors de la derni\u00e8re journ\u00e9e de Ligue 1. Un exploit largement c\u00e9l\u00e9br\u00e9 par les joueurs \u00e0 la Meinau, mais aussi avec les supporters \u00e0 leur arriv\u00e9e <a target=\"_blank\" href=\"https:\/\/www.lequipe.fr\/Football\/Actualites\/Le-havre-celebre-ses-heros-a-l-aeroport-apres-l-exploit-du-maintien-en-ligue-1-arrache-a-la-derniere-minute-du-championnat\/1562740\" rel=\"noopener nofollow\">\u00e0 l\u2019a\u00e9roport d\u2019Octeville, \u00e0 trois heures du matin<\/a>. Les images donnent des frissons.<\/p>\n<blockquote class=\"twitter-tweet-lazy\">\n<p dir=\"ltr\" lang=\"fr\">\ud835\udc0c\ud835\udc04\ud835\udc11\ud835\udc02\ud835\udc08 \u2728 <a target=\"_blank\" href=\"https:\/\/t.co\/AYOMAyAJQC\" rel=\"nofollow\">pic.twitter.com\/AYOMAyAJQC<\/a><\/p>\n<p>\u2014 Havre Athletic Club \u26bd\ufe0f (@HAC_Foot) <a target=\"_blank\" href=\"https:\/\/twitter.com\/HAC_Foot\/status\/1923960690810695995?ref_src=twsrc%5Etfw\" rel=\"nofollow noopener\">May 18, 2025<\/a><\/p>\n<\/blockquote>\n<p>En bonus, on appr\u00e9cie la banderole des supporters havrais \u00e0 destination de Jean-Pierre Caillot et Laurent Nicollin\u2026<\/p>\n<blockquote class=\"twitter-tweet-lazy\">\n<p dir=\"ltr\" lang=\"fr\">\u00ab\u00a0Nicollin, Caillot r\u00e9servez une table pour vendredi soir et mettez \u00e7a sur l\u2019ardoise de Labrune !\u00a0\u00bb <a target=\"_blank\" href=\"https:\/\/t.co\/HQmwbQrZ4F\" rel=\"nofollow\">pic.twitter.com\/HQmwbQrZ4F<\/a><\/p>\n<p>\u2014 Mimo (@MimoBH93) <a target=\"_blank\" href=\"https:\/\/twitter.com\/MimoBH93\/status\/1923851063653695856?ref_src=twsrc%5Etfw\" rel=\"nofollow noopener\">May 17, 2025<\/a><\/p>\n<\/blockquote>\n<p>\t\t\t\t\t\t\t\t<script async src=\"https:\/\/platform.twitter.com\/widgets.js\" charset=\"utf-8\"><\/script><\/p>\n","protected":false},"excerpt":{"rendered":"Encore plus beau qu\u2019un titre ? On l\u2019a fait pour le \ud835\udc91\ud835\udc86\ud835\udc96\ud835\udc91\ud835\udc8d\ud835\udc86 \ud83e\udde8 pic.twitter.com\/sY68Ww9FNE \u2014 Havre Athletic Club&hellip;\n","protected":false},"author":2,"featured_media":109214,"comment_status":"","ping_status":"","sticky":false,"template":"","format":"standard","meta":{"footnotes":""},"categories":[2820],"tags":[1111,47,11,61,69,65,64,1777,674,63,1011,27,775,68,66,12,62,70,25,67,640],"class_list":{"0":"post-109213","1":"post","2":"type-post","3":"status-publish","4":"format-standard","5":"has-post-thumbnail","7":"category-strasbourg","8":"tag-actu","9":"tag-actualite","10":"tag-actualites","11":"tag-actus-football","12":"tag-bundesliga","13":"tag-championnats-europeens","14":"tag-equipe-de-france","15":"tag-eu","16":"tag-europe","17":"tag-football","18":"tag-fr","19":"tag-france","20":"tag-grand-est","21":"tag-ligua","22":"tag-ligue-1","23":"tag-news","24":"tag-news-foot","25":"tag-premier-league","26":"tag-republique-francaise","27":"tag-serie-a","28":"tag-strasbourg"},"share_on_mastodon":{"url":"https:\/\/pubeurope.com\/@fr\/114528587856617769","error":""},"_links":{"self":[{"href":"https:\/\/www.europesays.com\/fr\/wp-json\/wp\/v2\/posts\/109213","targetHints":{"allow":["GET"]}}],"collection":[{"href":"https:\/\/www.europesays.com\/fr\/wp-json\/wp\/v2\/posts"}],"about":[{"href":"https:\/\/www.europesays.com\/fr\/wp-json\/wp\/v2\/types\/post"}],"author":[{"embeddable":true,"href":"https:\/\/www.europesays.com\/fr\/wp-json\/wp\/v2\/users\/2"}],"replies":[{"embeddable":true,"href":"https:\/\/www.europesays.com\/fr\/wp-json\/wp\/v2\/comments?post=109213"}],"version-history":[{"count":0,"href":"https:\/\/www.europesays.com\/fr\/wp-json\/wp\/v2\/posts\/109213\/revisions"}],"wp:featuredmedia":[{"embeddable":true,"href":"https:\/\/www.europesays.com\/fr\/wp-json\/wp\/v2\/media\/109214"}],"wp:attachment":[{"href":"https:\/\/www.europesays.com\/fr\/wp-json\/wp\/v2\/media?parent=109213"}],"wp:term":[{"taxonomy":"category","embeddable":true,"href":"https:\/\/www.europesays.com\/fr\/wp-json\/wp\/v2\/categories?post=109213"},{"taxonomy":"post_tag","embeddable":true,"href":"https:\/\/www.europesays.com\/fr\/wp-json\/wp\/v2\/tags?post=109213"}],"curies":[{"name":"wp","href":"https:\/\/api.w.org\/{rel}","templated":true}]}}