{"id":109218,"date":"2025-05-18T11:27:11","date_gmt":"2025-05-18T11:27:11","guid":{"rendered":"https:\/\/www.europesays.com\/fr\/109218\/"},"modified":"2025-05-18T11:27:11","modified_gmt":"2025-05-18T11:27:11","slug":"vire-de-boite-de-nuit-a-nantes-pour-avoir-importune-des-femmes-il-frappe-lune-delles-a","status":"publish","type":"post","link":"https:\/\/www.europesays.com\/fr\/109218\/","title":{"rendered":"Vir\u00e9 de bo\u00eete de nuit \u00e0 Nantes pour avoir importun\u00e9 des femmes, il frappe l\u2019une d\u2019elles \u00e0"},"content":{"rendered":"<tr wp_automatic_readability=\"3.9136690647482\">\n<td valign=\"middle\" align=\"center\" class=\"col-logo\">\n    <img decoding=\"async\" src=\"https:\/\/www.europesays.com\/fr\/wp-content\/uploads\/2025\/04\/presse-ocean.gif\" alt=\"logo Presse-Oc\u00e9an\" height=\"66\"\/><\/p>\n<\/td>\n<td class=\"col-titre\">\n\t\t\tDimanche 18 mai 2025 12:19<br \/>\n\t\t\t<a class=\"icon-bulle sizeL count\" href=\"#ancreAvis\"><br \/>\n\t&#8230;<br \/>\n<\/a><\/td>\n<\/tr>\n<p>\t\t<a class=\"mavillebox2 elmt-photo\" href=\"https:\/\/maville.com\/photosmvi\/2025\/05\/18\/P35234969D6812721G.jpg\" title=\" Les policiers ont interpell\u00e9 un homme de 25\u00a0ans quartier Bouffay samedi 17\u00a0mai, pour des violences  \u00a9  Photo Presse Oc\u00e9an-Nathalie Bourreau  &lt;!--TAG-BLC credit--&gt;\" rel=\"galerie_actu noopener\" target=\"_blank\"><br \/>\n\t<img decoding=\"async\" src=\"https:\/\/www.europesays.com\/fr\/wp-content\/uploads\/2025\/05\/P35234969D6812721G_crop_640-330_.jpg\" alt=\"photo  les policiers ont interpell\u00e9 un homme de 25\u00a0ans quartier bouffay samedi 17\u00a0mai, pour des violences  \u00a9  photo presse oc\u00e9an-nathalie bourreau \"\/><br \/>\n\t1<br \/>\n<\/a><\/p>\n<p class=\"elmt-legende\"> Les policiers ont interpell\u00e9 un homme de 25\u00a0ans quartier Bouffay samedi 17\u00a0mai, pour des violences  \u00a9  Photo Presse Oc\u00e9an-Nathalie Bourreau  <\/p>\n<p>\t\tUn homme de 25\u00a0ans a \u00e9t\u00e9 interpell\u00e9 dans la nuit du samedi\u00a017 au dimanche 18\u00a0mai 2025, \u00e0 la sortie d\u2019une discoth\u00e8que du centre-ville \u00e0 Nantes, pour des violences.<\/p>\n<p><b>Cet article est r\u00e9serv\u00e9 aux abonn\u00e9s<\/b><\/p>\n<p>Pour un acc\u00e8s imm\u00e9diat, abonnez-vous<\/p>\n<p><b>1\u00e8re semaine offerte<\/b><\/p>\n<p>\t\t Ana\u00efs Denet \u00a0\u00a0<br \/>\n\t\tPresse-Oc\u00e9an<\/p>\n<p>Retrouvez d&rsquo;autres actus sur la commune de :<\/p>\n<p>\t\t&#13;<\/p>\n","protected":false},"excerpt":{"rendered":"Dimanche 18 mai 2025 12:19 &#8230; 1 Les policiers ont interpell\u00e9 un homme de 25\u00a0ans quartier Bouffay samedi&hellip;\n","protected":false},"author":2,"featured_media":109219,"comment_status":"","ping_status":"","sticky":false,"template":"","format":"standard","meta":{"footnotes":""},"categories":[2818],"tags":[1111,11,22736,1777,674,4651,1011,27,11731,22737,766,12,293,2636,25,3686,22735],"class_list":{"0":"post-109218","1":"post","2":"type-post","3":"status-publish","4":"format-standard","5":"has-post-thumbnail","7":"category-nantes","8":"tag-actu","9":"tag-actualites","10":"tag-boite","11":"tag-eu","12":"tag-europe","13":"tag-femmes","14":"tag-fr","15":"tag-france","16":"tag-frappe","17":"tag-importune","18":"tag-nantes","19":"tag-news","20":"tag-nuit","21":"tag-pays-de-la-loire","22":"tag-republique-francaise","23":"tag-sortie","24":"tag-vire"},"share_on_mastodon":{"url":"https:\/\/pubeurope.com\/@fr\/114528599963308176","error":""},"_links":{"self":[{"href":"https:\/\/www.europesays.com\/fr\/wp-json\/wp\/v2\/posts\/109218","targetHints":{"allow":["GET"]}}],"collection":[{"href":"https:\/\/www.europesays.com\/fr\/wp-json\/wp\/v2\/posts"}],"about":[{"href":"https:\/\/www.europesays.com\/fr\/wp-json\/wp\/v2\/types\/post"}],"author":[{"embeddable":true,"href":"https:\/\/www.europesays.com\/fr\/wp-json\/wp\/v2\/users\/2"}],"replies":[{"embeddable":true,"href":"https:\/\/www.europesays.com\/fr\/wp-json\/wp\/v2\/comments?post=109218"}],"version-history":[{"count":0,"href":"https:\/\/www.europesays.com\/fr\/wp-json\/wp\/v2\/posts\/109218\/revisions"}],"wp:featuredmedia":[{"embeddable":true,"href":"https:\/\/www.europesays.com\/fr\/wp-json\/wp\/v2\/media\/109219"}],"wp:attachment":[{"href":"https:\/\/www.europesays.com\/fr\/wp-json\/wp\/v2\/media?parent=109218"}],"wp:term":[{"taxonomy":"category","embeddable":true,"href":"https:\/\/www.europesays.com\/fr\/wp-json\/wp\/v2\/categories?post=109218"},{"taxonomy":"post_tag","embeddable":true,"href":"https:\/\/www.europesays.com\/fr\/wp-json\/wp\/v2\/tags?post=109218"}],"curies":[{"name":"wp","href":"https:\/\/api.w.org\/{rel}","templated":true}]}}