{"id":109225,"date":"2025-05-18T11:31:07","date_gmt":"2025-05-18T11:31:07","guid":{"rendered":"https:\/\/www.europesays.com\/fr\/109225\/"},"modified":"2025-05-18T11:31:07","modified_gmt":"2025-05-18T11:31:07","slug":"grosses-perturbations-en-vue-sur-les-routes-et-le-peripherique","status":"publish","type":"post","link":"https:\/\/www.europesays.com\/fr\/109225\/","title":{"rendered":"grosses perturbations en vue sur les routes et le p\u00e9riph\u00e9rique"},"content":{"rendered":"<p>            Par<br \/>\n        <strong><br \/>\n            <a href=\"https:\/\/actu.fr\/auteur\/gabriel-kenedi\" title=\"Consulter tous les articles de Gabriel Kenedi\" target=\"_blank\" rel=\"noopener\">Gabriel Kenedi<\/a><br \/>\n        <\/strong><\/p>\n<p>        Publi\u00e9 le<\/p>\n<p>            18 mai 2025 \u00e0 12h23        <\/p>\n<p>En col\u00e8re, les taxis ont pr\u00e9vu <strong>une grande manifestation<\/strong> \u00e0 Toulouse, lundi 19 mai 2025\u2026 une mobilisation qui devrait provoquer <strong>son lot de bouchons<\/strong> dans une ville d\u00e9j\u00e0 r\u00e9put\u00e9e pour <a href=\"https:\/\/actu.fr\/occitanie\/toulouse_31555\/toulouse-parmi-les-villes-ou-il-y-a-le-plus-de-bouchons-au-monde-une-ville-moyenne-d-occitanie-la-rejoint_62084379.html\" target=\"_blank\" rel=\"noopener\">ne pas \u00eatre avare en embouteillages<\/a> ! Pourquoi les taxis manifestent ? O\u00f9 vont-ils se mobiliser ? Actu Toulouse fait le point.<\/p>\n<p>Les raisons de la manifestation\u00a0<\/p>\n<p class=\" wall-content\">Cette manifestation, qui est <strong>d\u2019envergure nationale<\/strong>, est lanc\u00e9e \u00e0 l\u2019appel de l\u2019intersyndicale des taxis. \u00ab\u00a0Tous les taxis de France sont appel\u00e9s \u00e0 converger vers Paris \u00e0 partir du 19 mai 2025 pour exprimer leur col\u00e8re face \u00e0 l\u2019inaction de l\u2019\u00c9tat concernant le non-respect des lois encadrant les plateformes de mise en relation\u00a0\u00bb, expliquent les taxis en col\u00e8re.\u00a0<\/p>\n<p class=\" wall-content\">\u00ab\u00a0Cette mobilisation vise \u00e0 d\u00e9noncer aussi les <strong>d\u00e9cisions unilat\u00e9rales<\/strong> de la CNAM (Caisse nationale d\u2019assurance maladie), qui cherche \u00e0 redresser les comptes de la S\u00e9curit\u00e9 sociale au d\u00e9triment des taxis conventionn\u00e9s et des patients transport\u00e9s\u00a0\u00bb, ajoutent-ils.\u00a0<\/p>\n<p class=\" wall-content\">\u00ab Jusqu\u2019\u00e0 pr\u00e9sent, on \u00e9tait pay\u00e9 <strong>1,67 euro du kilom\u00e8tre<\/strong>, explique \u00e0 Actu Toulouse, Elise Dufrenne, la pr\u00e9sidente du syndicat des artisans taxis de la Haute-Garonne. On vient d\u2019apprendre qu\u2019au 1er octobre 2025, \u00e7a descendrait \u00e0 <strong>1,10 euro<\/strong>. \u00bb Une d\u00e9cision inacceptable pour les taxis, qui pourrait <strong>mettre en p\u00e9ril de nombreuses entreprises<\/strong>, selon eux.\u00a0<\/p>\n<p>Vid\u00e9os : en ce moment sur ActuLes taxis pr\u00e9voient une mobilisation d\u00e8s 6 heures\u00a0<\/p>\n<p class=\" wall-content\">Alors qu\u2019un <strong>pr\u00e9avis de gr\u00e8ve illimit\u00e9<\/strong> a \u00e9t\u00e9 d\u00e9pos\u00e9, que va-t-il se passer dans la Ville rose, lundi 19 mai ? \u00ab\u00a0Une grande mobilisation est pr\u00e9vue \u00e0 Toulouse et \u00e0 <strong>l\u2019a\u00e9roport<\/strong>, avec \u00e9galement des actions ponctuelles et symboliques \u00e0 travers la r\u00e9gion et le pays\u00a0\u00bb, pr\u00e9vient l\u2019intersyndicale.\u00a0<\/p>\n<p class=\" wall-content\">\u00ab On s\u2019est donn\u00e9 rendez-vous<strong> lundi \u00e0 6 heures devant l\u2019a\u00e9roport<\/strong>, explique \u00e0 Actu Toulouse Elise Dufrenne, pr\u00e9sidente du syndicat des artisans taxis de la Haute-Garonne. On organisera ensuite des op\u00e9rations escargot sur le p\u00e9riph\u00e9rique, dans le sens int\u00e9rieur et dans le sens ext\u00e9rieur, d\u00e8s 7 h45-8 heures. \u00bb<\/p>\n<p>L\u2019a\u00e9roport recommande \u00ab\u00a0d\u2019anticiper\u00a0\u00bb ses trajets\u00a0<\/p>\n<p class=\" wall-content\">Les artisans taxi de la Haute-Garonne doivent \u00eatre rejoints dans leur mobilisation par leurs coll\u00e8gues venus des d\u00e9partements voisins : Aude\u202f; H\u00e9rault; Gard ; Tarn, Tarn-et-Garonne et Lot. De son c\u00f4t\u00e9, l\u2019a\u00e9roport Toulouse-Blagnac pr\u00e9cise que \u00ab\u00a0les acc\u00e8s \u00e0 l\u2019a\u00e9roport seront pertub\u00e9s de 5h30 \u00e0 20h30\u00a0\u00bb et recommande aux personnes qui auraient un vol \u00ab\u00a0d\u2019anticiper\u00a0\u00bb leur venue.\u00a0<\/p>\n<p>Barrages filtrants\u00a0<\/p>\n<p class=\" wall-content\">Mais ce n\u2019est pas tout ! Des <strong>barrages filtrants<\/strong> sont \u00e9galement annonc\u00e9s ailleurs dans Toulouse. \u00ab On mettra aussi des barrages filtrants devant les h\u00f4pitaux de Toulouse : Purpan; Rangueil et Oncopole \u00bb, poursuit Elise Dufrenne.<\/p>\n<p class=\" wall-content\">\u00ab\u00a0L\u2019effet de surprise est volontaire : <strong>notre profession est en danger<\/strong> et ce mouvement repr\u00e9sente un tournant crucial pour l\u2019avenir du m\u00e9tier. Nous nous battons non seulement pour nos droits, mais aussi pour pr\u00e9server l\u2019acc\u00e8s \u00e0 des transports m\u00e9dicaux s\u00e9curis\u00e9s<br \/>et de qualit\u00e9 pour les patients\u00a0\u00bb, pr\u00e9cise encore l\u2019intersyndicale, qui ajoute :\u00a0<\/p>\n<p class=\" wall-content\">\u00ab\u00a0Nous pr\u00e9sentons d\u2019avance nos excuses au public pour les d\u00e9sagr\u00e9ments caus\u00e9s, mais rappelons que les v\u00e9ritables responsables sont ceux qui, au sommet de l\u2019\u00c9tat, ont laiss\u00e9 cette situation se d\u00e9grader depuis trop longtemps\u00a0\u00bb.<\/p>\n<p class=\" wall-content\">Suivez toute l\u2019actualit\u00e9 de vos villes et m\u00e9dias favoris en vous inscrivant \u00e0 <a href=\"https:\/\/moncompte.actu.fr\" title=\"D\u00e9couvez Mon Actu\" rel=\"nofollow noopener\" data-trk=\"{&quot;cta&quot;:{&quot;action&quot;:&quot;https:\\\/\\\/moncompte.actu.fr&quot;,&quot;category&quot;:&quot;mon compte&quot;,&quot;from&quot;:&quot;article footer&quot;,&quot;name&quot;:&quot;Mon actu&quot;,&quot;type&quot;:&quot;cta&quot;}}\" target=\"_blank\">Mon Actu<\/a>.<\/p>\n","protected":false},"excerpt":{"rendered":"Par Gabriel Kenedi Publi\u00e9 le 18 mai 2025 \u00e0 12h23 En col\u00e8re, les taxis ont pr\u00e9vu une grande&hellip;\n","protected":false},"author":2,"featured_media":109226,"comment_status":"","ping_status":"","sticky":false,"template":"","format":"standard","meta":{"footnotes":""},"categories":[2816],"tags":[1111,11,103,1777,674,1011,27,1272,12,2680,4800,25,104,2312],"class_list":{"0":"post-109225","1":"post","2":"type-post","3":"status-publish","4":"format-standard","5":"has-post-thumbnail","7":"category-toulouse","8":"tag-actu","9":"tag-actualites","10":"tag-aeroport-toulouse-blagnac","11":"tag-eu","12":"tag-europe","13":"tag-fr","14":"tag-france","15":"tag-manifestations","16":"tag-news","17":"tag-occitanie","18":"tag-peripherique-de-toulouse","19":"tag-republique-francaise","20":"tag-societe","21":"tag-toulouse"},"share_on_mastodon":{"url":"https:\/\/pubeurope.com\/@fr\/114528615341203227","error":""},"_links":{"self":[{"href":"https:\/\/www.europesays.com\/fr\/wp-json\/wp\/v2\/posts\/109225","targetHints":{"allow":["GET"]}}],"collection":[{"href":"https:\/\/www.europesays.com\/fr\/wp-json\/wp\/v2\/posts"}],"about":[{"href":"https:\/\/www.europesays.com\/fr\/wp-json\/wp\/v2\/types\/post"}],"author":[{"embeddable":true,"href":"https:\/\/www.europesays.com\/fr\/wp-json\/wp\/v2\/users\/2"}],"replies":[{"embeddable":true,"href":"https:\/\/www.europesays.com\/fr\/wp-json\/wp\/v2\/comments?post=109225"}],"version-history":[{"count":0,"href":"https:\/\/www.europesays.com\/fr\/wp-json\/wp\/v2\/posts\/109225\/revisions"}],"wp:featuredmedia":[{"embeddable":true,"href":"https:\/\/www.europesays.com\/fr\/wp-json\/wp\/v2\/media\/109226"}],"wp:attachment":[{"href":"https:\/\/www.europesays.com\/fr\/wp-json\/wp\/v2\/media?parent=109225"}],"wp:term":[{"taxonomy":"category","embeddable":true,"href":"https:\/\/www.europesays.com\/fr\/wp-json\/wp\/v2\/categories?post=109225"},{"taxonomy":"post_tag","embeddable":true,"href":"https:\/\/www.europesays.com\/fr\/wp-json\/wp\/v2\/tags?post=109225"}],"curies":[{"name":"wp","href":"https:\/\/api.w.org\/{rel}","templated":true}]}}