{"id":1092278,"date":"2026-07-28T06:14:15","date_gmt":"2026-07-28T06:14:15","guid":{"rendered":"https:\/\/www.europesays.com\/fr\/1092278\/"},"modified":"2026-07-28T06:14:15","modified_gmt":"2026-07-28T06:14:15","slug":"comment-va-fonctionner-la-nouvelle-voie-reservee-aux-bus-qui-ouvre-cet-ete-aux-portes-de-rennes","status":"publish","type":"post","link":"https:\/\/www.europesays.com\/fr\/1092278\/","title":{"rendered":"Comment va fonctionner la nouvelle voie r\u00e9serv\u00e9e aux bus qui ouvre cet \u00e9t\u00e9 aux portes de Rennes\u00a0?"},"content":{"rendered":"<p>\n                Article premium,<br \/>\n                    R\u00e9serv\u00e9 aux\u00a0abonn\u00e9s\n            <\/p>\n<p class=\"su-standfirst chapeau\">\u00c0 compter du jeudi 30\u00a0juillet 2026, la Direction interd\u00e9partementale des routes\u00a0(DIR) Ouest mettra en service l\u2019int\u00e9gralit\u00e9 de la voie r\u00e9serv\u00e9e aux transports en commun\u00a0sur la RN24, la route de Lorient, entre Le Rheu, Vezin-le-Coquet et l\u2019entr\u00e9e de Rennes.<\/p>\n<p>                                        <img decoding=\"async\" class=\"su-media\" src=\"https:\/\/media.ouest-france.fr\/v1\/pictures\/MjAyNjA3Y2ZlMDRiNjhiODdkODZjMmI1OTE1MDE0MjRkMjI0ZjE?width=630&amp;height=354&amp;focuspoint=50%2C25&amp;cropresize=1&amp;client_id=bpeditorial&amp;sign=8520e098fe11da1898866b2c4f87fae6c93beb2834bcca9ef2f4e8f68f1fa6e5\" alt=\"Les travaux men\u00e9s pour cr\u00e9er une voie r\u00e9serv\u00e9e aux bus et aux autocars doivent permettre de circuler plus facilement, route de Lorient, \u00e0 Rennes.\"  \/><\/p>\n<p>                            Les travaux men\u00e9s pour cr\u00e9er une voie r\u00e9serv\u00e9e aux bus et aux autocars doivent permettre de circuler plus facilement, route de Lorient, \u00e0 Rennes. | OUEST FRANCE ARCHIVES<\/p>\n<p>                            fermer<\/p>\n<ul class=\"su-row su-carrousel-container su-not-list\" data-suswipe=\"{\" rambo=\"\" .carrousel-nav-bas=\"\" .item=\"\">\n<li class=\"su-col-xs-6 su-col-md-24 carrousel-contenu su-carrousel-item\" data-ofvwidth=\"{\" mobileonly=\"\"><img decoding=\"async\" data-ofmaxheight=\"\" class=\"su-media lazyload\" alt=\"Les travaux men\u00e9s pour cr\u00e9er une voie r\u00e9serv\u00e9e aux bus et aux autocars doivent permettre de circuler plus facilement, route de Lorient, \u00e0 Rennes.\" src=\"data:image\/png;base64,iVBORw0KGgoAAAANSUhEUgAAABAAAAAJCAYAAAA7KqwyAAAAGXRFWHRTb2Z0d2FyZQBBZG9iZSBJbWFnZVJlYWR5ccllPAAAABhJREFUeNpi\/P\/\/PwMlgHHUgFEDgAAgwAD+lBrvy+NcxAAAAABJRU5ErkJggg==\" data-oflazyload=\"{&quot;srcset&quot;:&quot;https:\/\/media.ouest-france.fr\/v1\/pictures\/MjAyNjA3Y2ZlMDRiNjhiODdkODZjMmI1OTE1MDE0MjRkMjI0ZjE?width=320&amp;focuspoint=50%2C25&amp;cropresize=1&amp;client_id=bpeditorial&amp;sign=4424ee69d6beaeb743156c23a7a021467d6e3ce097129d5c5e5cc686bca8b06f 320w,https:\/\/media.ouest-france.fr\/v1\/pictures\/MjAyNjA3Y2ZlMDRiNjhiODdkODZjMmI1OTE1MDE0MjRkMjI0ZjE?width=375&amp;focuspoint=50%2C25&amp;cropresize=1&amp;client_id=bpeditorial&amp;sign=46aef36d133f0b07a3d6a3c6c01a7c68923bee9bc533f583c5046abf2fd8531d 360w,https:\/\/media.ouest-france.fr\/v1\/pictures\/MjAyNjA3Y2ZlMDRiNjhiODdkODZjMmI1OTE1MDE0MjRkMjI0ZjE?width=480&amp;focuspoint=50%2C25&amp;cropresize=1&amp;client_id=bpeditorial&amp;sign=6f34d3b4f40be525ef592be9e4f6e301b575ac4c25e4453ebade3829162ba60c 480w,https:\/\/media.ouest-france.fr\/v1\/pictures\/MjAyNjA3Y2ZlMDRiNjhiODdkODZjMmI1OTE1MDE0MjRkMjI0ZjE?width=630&amp;focuspoint=50%2C25&amp;cropresize=1&amp;client_id=bpeditorial&amp;sign=6279d0ae65c50d5b1ecf098c87c735a0965ff993082ad05ea9e8b6d92bdeee58 630w,https:\/\/media.ouest-france.fr\/v1\/pictures\/MjAyNjA3Y2ZlMDRiNjhiODdkODZjMmI1OTE1MDE0MjRkMjI0ZjE?width=940&amp;focuspoint=50%2C25&amp;cropresize=1&amp;client_id=bpeditorial&amp;sign=5520cb05d3ec8130b64f033495bc4914345ff9146ebf77e59536f39fe68bebd1 940w,https:\/\/media.ouest-france.fr\/v1\/pictures\/MjAyNjA3Y2ZlMDRiNjhiODdkODZjMmI1OTE1MDE0MjRkMjI0ZjE?width=1260&amp;focuspoint=50%2C25&amp;cropresize=1&amp;client_id=bpeditorial&amp;sign=363c61911a713938f430707f806e3538ca79b7dc9d8d64b417213480b6d28834 1260w&quot;}\"\/>Les travaux men\u00e9s pour cr\u00e9er une voie r\u00e9serv\u00e9e aux bus et aux autocars doivent permettre de circuler plus facilement, route de Lorient, \u00e0 Rennes. | OUEST FRANCE ARCHIVES<\/li>\n<\/ul>\n<p data-ofstats-scroll=\"read_depth_20\"><a href=\"https:\/\/www.ouest-france.fr\/bretagne\/rennes-35000\/pres-de-rennes-une-voie-dediee-aux-bus-sera-amenagee-sur-la-route-de-lorient-a-la-rentree-1b9fe732-827a-11f0-8fe4-89fec8244e4a\" rel=\"nofollow noopener\" target=\"_blank\">Longue de 2\u00a0km et r\u00e9serv\u00e9e aux bus et autocars<\/a>, l\u2019int\u00e9gralit\u00e9 de la voie r\u00e9serv\u00e9e aux transports en commun\u00a0(VRTC) sur la RN24, entre Le Rheu, Vezin-le-Coquet et l\u2019entr\u00e9e ouest de Rennes, va \u00eatre ouverte \u00e0 compter du jeudi 30\u00a0juillet 2026 par la direction interd\u00e9partementale des routes\u00a0(DIR) Ouest.<\/p>\n<p>Cette nouvelle infrastructure doit am\u00e9liorer concr\u00e8tement les d\u00e9placements quotidiens des voyageurs venant de l\u2019ouest de la m\u00e9tropole rennaise. Chaque jour, pr\u00e8s de 139\u00a0passages de bus et cars&#8230;<\/p>\n<p style=\"text-align: center; background-color: #dbbe4d; padding-top: 5px; padding-bottom: 5px; font-size: 14px;\"><strong>D\u00e9j\u00e0 abonn\u00e9 ? <\/strong><a data-trkartmonet=\"Identification\" data-trk-sipa=\"{\" blockcategory=\"\" paywall=\"\" href=\"http:\/\/www.ouest-france.fr\/login?redirect=https:\/\/www.ouest-france.fr\/bretagne\/rennes-35000\/comment-va-fonctionner-la-nouvelle-voie-reservee-aux-bus-qui-ouvre-cet-ete-aux-portes-de-rennes-d0f85d2a-89e1-11f1-b777-fc1f4f594fd2\" rel=\"nofollow noopener\" title=\"Se connecter \u00e0 Ouest-France\" class=\"su-link-light\" target=\"_blank\">Connectez-vous<\/a><\/p>\n<p style=\"text-align: center; padding-top: 15px; padding-bottom: 8px; vertical-align: bottom;\">bloqu\u00e9<strong> Pour lire la suite, abonnez-vous<\/strong><\/p>\n<p style=\"text-align: center;\"><strong>1er mois \u00e0 1\u20ac<\/strong><\/p>\n<p style=\"text-align: center; margin-top: -5px;\">Annulable \u00e0 tout moment<\/p>\n<p style=\"text-align: center;\">\u00a0<\/p>\n<p style=\"text-align: center;\"><a data-ida=\"\" data-trkartmonet=\"Tunnel OF+\" data-trk-sipa=\"{&#010;\" blockcategory=\"\" paywall=\"\" :=\"\" m=\"\" of=\"\" class=\"su-button su-subscription\" data-trk-bloc=\"paywall\" href=\"https:\/\/abonnement.ouest-france.fr\/tunnel\/pack-essentiel-article\/122096117101?int_medium=lien&amp;int_campaign=PWFR0225-OF&amp;int_content=page-article-payant_boutonjaune-paywall&amp;marquesource=OF&amp;rt=https:\/\/www.ouest-france.fr\/bretagne\/rennes-35000\/comment-va-fonctionner-la-nouvelle-voie-reservee-aux-bus-qui-ouvre-cet-ete-aux-portes-de-rennes-d0f85d2a-89e1-11f1-b777-fc1f4f594fd2\" rel=\"nofollow noopener\" target=\"_blank\"><strong>Je m&rsquo;abonne<\/strong><\/a><\/p>\n<p style=\"text-align: center; padding-top: 10px; padding-bottom: 10px;\"><img decoding=\"async\" src=\"https:\/\/media.ouest-france.fr\/v1\/fonts\/be7723fcee3f1866f1ce99184077fc6f-carte-bancaire.svg?height=36\" alt=\"CB\"\/>\u00a0\u00a0<img decoding=\"async\" src=\"https:\/\/media.ouest-france.fr\/v1\/fonts\/1819d54c599d8afa64539cfba4ac9dde-rib.svg?height=36\" alt=\"RIB\"\/>\u00a0\u00a0<img decoding=\"async\" src=\"https:\/\/media.ouest-france.fr\/v1\/fonts\/065fc80d7b6a03d14a834c224ce723e1-paypal.svg?height=36\" alt=\"PAYPAL\"\/><\/p>\n","protected":false},"excerpt":{"rendered":"Article premium, R\u00e9serv\u00e9 aux\u00a0abonn\u00e9s \u00c0 compter du jeudi 30\u00a0juillet 2026, la Direction interd\u00e9partementale des routes\u00a0(DIR) Ouest mettra en&hellip;\n","protected":false},"author":2,"featured_media":1092279,"comment_status":"","ping_status":"","sticky":false,"template":"","format":"standard","meta":{"footnotes":"","_share_on_mastodon":"0"},"categories":[2821],"tags":[1111,11,829,1777,674,1011,27,83652,12,9569,584,25,800,15047],"class_list":["post-1092278","post","type-post","status-publish","format-standard","has-post-thumbnail","category-rennes","tag-actu","tag-actualites","tag-bretagne","tag-eu","tag-europe","tag-fr","tag-france","tag-le-rheu","tag-news","tag-pace","tag-rennes","tag-republique-francaise","tag-transports","tag-vezin-le-coquet"],"share_on_mastodon":{"url":"https:\/\/pubeurope.com\/@fr\/116996138022400361","error":""},"_links":{"self":[{"href":"https:\/\/www.europesays.com\/fr\/wp-json\/wp\/v2\/posts\/1092278","targetHints":{"allow":["GET"]}}],"collection":[{"href":"https:\/\/www.europesays.com\/fr\/wp-json\/wp\/v2\/posts"}],"about":[{"href":"https:\/\/www.europesays.com\/fr\/wp-json\/wp\/v2\/types\/post"}],"author":[{"embeddable":true,"href":"https:\/\/www.europesays.com\/fr\/wp-json\/wp\/v2\/users\/2"}],"replies":[{"embeddable":true,"href":"https:\/\/www.europesays.com\/fr\/wp-json\/wp\/v2\/comments?post=1092278"}],"version-history":[{"count":0,"href":"https:\/\/www.europesays.com\/fr\/wp-json\/wp\/v2\/posts\/1092278\/revisions"}],"wp:featuredmedia":[{"embeddable":true,"href":"https:\/\/www.europesays.com\/fr\/wp-json\/wp\/v2\/media\/1092279"}],"wp:attachment":[{"href":"https:\/\/www.europesays.com\/fr\/wp-json\/wp\/v2\/media?parent=1092278"}],"wp:term":[{"taxonomy":"category","embeddable":true,"href":"https:\/\/www.europesays.com\/fr\/wp-json\/wp\/v2\/categories?post=1092278"},{"taxonomy":"post_tag","embeddable":true,"href":"https:\/\/www.europesays.com\/fr\/wp-json\/wp\/v2\/tags?post=1092278"}],"curies":[{"name":"wp","href":"https:\/\/api.w.org\/{rel}","templated":true}]}}