{"id":109229,"date":"2025-05-18T11:33:12","date_gmt":"2025-05-18T11:33:12","guid":{"rendered":"https:\/\/www.europesays.com\/fr\/109229\/"},"modified":"2025-05-18T11:33:12","modified_gmt":"2025-05-18T11:33:12","slug":"lille3000-fiesta-exposition-karnavelo-de-shen-ozdemir-a-lespace-edouard-pignon-de-lille-jusquau-23-mai-2025","status":"publish","type":"post","link":"https:\/\/www.europesays.com\/fr\/109229\/","title":{"rendered":"[lille3000 &#8211; Fiesta] Exposition \u00ab\u00a0Karnavelo\u00a0\u00bb de Shen \u00d6zdemir \u00e0 l&rsquo;Espace Edouard Pignon de Lille jusqu&rsquo;au 23 mai 2025"},"content":{"rendered":"<p style=\"text-align: justify;\"><strong>Jusqu\u2019au vendredi 23 mai 2025,<\/strong> <strong>L\u2019Espace Edouard Pignon de Lille <\/strong>propose <strong>l\u2019exposition<\/strong> <strong>\u00ab\u00a0Karnavelo\u00a0\u00bb de Shen \u00d6zdemir.<\/strong><\/p>\n<p style=\"text-align: justify;\">L\u2019exposition \u00ab\u00a0Karnavelo\u00a0\u00bb de Shen \u00d6zdemir<br \/><strong>\u015eeng\u00fcl \u00d6zdemir,<\/strong> alias<strong> Shen \u00d6zdemir, <\/strong>est <strong>une artiste transdisciplinaire, originaire de Belgique<\/strong> (Hainaut, Wallonie), <strong>une terre profond\u00e9ment folklorique.<\/strong> Toute sa vie, elle assiste aux <strong>divers carnavals sans comprendre leur importance<\/strong> tout en questionnant <strong>sa place parmi ces f\u00eates populaires. Son inconfort<\/strong> et <strong>son regard critique<\/strong> lui ont permis de <strong>d\u00e9velopper son propre carnaval imaginaire,<\/strong> une <strong>utopie o\u00f9 les fronti\u00e8res sont inexistantes, <\/strong>un <strong>lieu o\u00f9 la paix est au centre de toutes pr\u00e9occupations.<\/strong> Elle utilise sa <strong>sensibilit\u00e9 au monde<\/strong> pour <strong>d\u00e9velopper un univers merveilleux<\/strong> qu\u2019elle nomme, en 2020, <strong>Karnavalo.<\/strong><\/p>\n<p style=\"text-align: justify;\">L\u2019intention du<strong> Karnavalo <\/strong>est de <strong>cr\u00e9er une communaut\u00e9 humaine internationale<\/strong> par le <strong>syncr\u00e9tisme culturel. <\/strong>En imaginant <strong>un r\u00e9cit partag\u00e9,<\/strong> elle vise <strong>l\u2019\u00e9laboration d\u2019un carnaval \u00e0 l\u2019inclusion totale.<\/strong> <strong>Compos\u00e9 d\u2019une multitude de troupes<\/strong> de<strong> t\u00eates joyeuses,<\/strong> cet<strong> univers<\/strong> permet de <strong>s\u2019exprimer pleinement, lib\u00e9r\u00e9 des normes soci\u00e9tales.<\/strong><\/p>\n<p style=\"text-align: justify;\"><strong>Chaque troupe d\u00e9finit une famille distincte <\/strong>en <strong>alimentant la <\/strong><strong>festivit\u00e9<\/strong> et <strong>l\u2019abondance du carnaval.<\/strong> Les <strong>inspirations de<\/strong> <strong>Shen \u00d6zdemir <\/strong>d\u00e9coulent bien souvent de <strong>ses remises en question<\/strong> <strong>au sein de la soci\u00e9t\u00e9.<\/strong> Les <strong>rencontres qu\u2019elle cr\u00e9e<\/strong> avec son <strong>Karnavalo<\/strong> lui permettent \u00e9galement <strong>de se d\u00e9velopper continuellement.<\/strong> Cette<strong> richesse humaine<\/strong> se traduit alors par la <strong>diversit\u00e9 des mat\u00e9riaux<\/strong> qu\u2019elle utilise : <strong>impressions textiles, papier m\u00e2ch\u00e9, pl\u00e2tre, vitrail, assemblage\u2026<\/strong> Toujours dans <strong>une volont\u00e9 d\u2019inclusion, l\u2019accessibilit\u00e9 de son art<\/strong> est <strong>un point essentiel dans sa pratique.<\/strong> Elle souhaite que <strong>Karnavalo<\/strong> soit <strong>compris par toute la population,<\/strong> <strong>de tout \u00e2ge<\/strong> et <strong>tout milieu,<\/strong> afin que <strong>personne ne se sente en marge,<\/strong> <strong>une solitude qu\u2019elle ressent abondamment depuis son enfance.<\/strong><\/p>\n<tr>\n<td class=\"has-text-align-center\" data-align=\"center\"><img loading=\"lazy\" decoding=\"async\" width=\"1708\" height=\"2560\" class=\"wp-image-84890\" style=\"width: 350px;\" src=\"https:\/\/www.europesays.com\/fr\/wp-content\/uploads\/2025\/05\/art_lille_fiesta_karnavelo_02-scaled.jpg\" alt=\"\"  \/><\/td>\n<td class=\"has-text-align-center\" data-align=\"center\"><img loading=\"lazy\" decoding=\"async\" width=\"1708\" height=\"2560\" class=\"wp-image-84892\" style=\"width: 350px;\" src=\"https:\/\/www.europesays.com\/fr\/wp-content\/uploads\/2025\/05\/DSC_0127-scaled.jpg\" alt=\"\"  \/><\/td>\n<\/tr>\n<p>Photos de l\u2019expo \u00ab\u00a0Karnavelo\u00a0\u00bb de Shen \u00d6zdemir<\/p>\n<p><strong>Infos pratiques<\/strong><br \/><strong><img decoding=\"async\" loading=\"lazy\" class=\"size-full wp-image-45 lazyloaded tie-appear\" src=\"https:\/\/www.europesays.com\/fr\/wp-content\/uploads\/2025\/04\/arrow.png\" alt=\"\" width=\"9\" height=\"9\" data-lazy-src=\"https:\/\/www.europesays.com\/fr\/wp-content\/uploads\/2025\/04\/arrow.png\"\/><\/strong> <strong>Espace Edouard Pignon<\/strong><br \/>11, rue Guillaume Tell \u2013 Lille<\/p>\n<p><strong><img decoding=\"async\" loading=\"lazy\" class=\"size-full wp-image-45 lazyloaded tie-appear\" src=\"https:\/\/www.europesays.com\/fr\/wp-content\/uploads\/2025\/04\/arrow.png\" alt=\"\" width=\"9\" height=\"9\" data-lazy-src=\"https:\/\/www.europesays.com\/fr\/wp-content\/uploads\/2025\/04\/arrow.png\"\/> Horaires :<\/strong><br \/>\u2013 mercredi au vendredi de 14h30 \u00e0 18h30<br \/>\u2013 samedi de 10h \u00e0 11h30<br \/>\u2013 dimanche de 15h \u00e0 18h<\/p>\n<p><strong><img decoding=\"async\" loading=\"lazy\" class=\"size-full wp-image-45 lazyloaded tie-appear\" src=\"https:\/\/www.europesays.com\/fr\/wp-content\/uploads\/2025\/04\/arrow.png\" alt=\"\" width=\"9\" height=\"9\" data-lazy-src=\"https:\/\/www.europesays.com\/fr\/wp-content\/uploads\/2025\/04\/arrow.png\"\/> Tarif : <\/strong>gratuit<\/p>\n<p><strong><b><img decoding=\"async\" loading=\"lazy\" class=\"size-full wp-image-45 lazyloaded tie-appear\" src=\"https:\/\/www.europesays.com\/fr\/wp-content\/uploads\/2025\/04\/1743937991_452_arrow.png\" alt=\"\" width=\"9\" height=\"9\" data-lazy-src=\"https:\/\/www.europesays.com\/fr\/wp-content\/uploads\/2025\/04\/1743937991_452_arrow.png\"\/><\/b><\/strong> <a href=\"https:\/\/lille3000.com\/\" target=\"_blank\" rel=\"noopener nofollow\">Site internet de lille3000<\/a><\/p>\n<p><strong><b><img decoding=\"async\" loading=\"lazy\" class=\"size-full wp-image-45 lazyloaded tie-appear\" src=\"https:\/\/www.europesays.com\/fr\/wp-content\/uploads\/2025\/04\/1743937991_452_arrow.png\" alt=\"\" width=\"9\" height=\"9\" data-lazy-src=\"https:\/\/www.europesays.com\/fr\/wp-content\/uploads\/2025\/04\/1743937991_452_arrow.png\"\/><\/b><\/strong> <a href=\"https:\/\/www.zoomsurlille.fr\/tag\/fiesta\" target=\"_blank\" rel=\"noreferrer noopener nofollow\">D\u00e9couvrez nos articles sur FIESTA<\/a><\/p>\n<p>\u00a0<\/p>\n<p class=\"has-text-align-right\">Source : Ville de Lille \/ lille3000 \u2013 Photos : \u00a9 Zoom Sur Lille<\/p>\n","protected":false},"excerpt":{"rendered":"Jusqu\u2019au vendredi 23 mai 2025, L\u2019Espace Edouard Pignon de Lille propose l\u2019exposition \u00ab\u00a0Karnavelo\u00a0\u00bb de Shen \u00d6zdemir. L\u2019exposition \u00ab\u00a0Karnavelo\u00a0\u00bb&hellip;\n","protected":false},"author":2,"featured_media":109230,"comment_status":"","ping_status":"","sticky":false,"template":"","format":"standard","meta":{"footnotes":""},"categories":[2815],"tags":[1111,11,22738,1777,674,3293,3274,1011,27,811,22739,1307,3276,12,25,22740],"class_list":{"0":"post-109229","1":"post","2":"type-post","3":"status-publish","4":"format-standard","5":"has-post-thumbnail","7":"category-lille","8":"tag-actu","9":"tag-actualites","10":"tag-espace-edouard-pignon","11":"tag-eu","12":"tag-europe","13":"tag-exposition","14":"tag-fiesta","15":"tag-fr","16":"tag-france","17":"tag-hauts-de-france","18":"tag-karnavelo","19":"tag-lille","20":"tag-lille3000","21":"tag-news","22":"tag-republique-francaise","23":"tag-shen-ozdemir"},"share_on_mastodon":{"url":"https:\/\/pubeurope.com\/@fr\/114528623573042668","error":""},"_links":{"self":[{"href":"https:\/\/www.europesays.com\/fr\/wp-json\/wp\/v2\/posts\/109229","targetHints":{"allow":["GET"]}}],"collection":[{"href":"https:\/\/www.europesays.com\/fr\/wp-json\/wp\/v2\/posts"}],"about":[{"href":"https:\/\/www.europesays.com\/fr\/wp-json\/wp\/v2\/types\/post"}],"author":[{"embeddable":true,"href":"https:\/\/www.europesays.com\/fr\/wp-json\/wp\/v2\/users\/2"}],"replies":[{"embeddable":true,"href":"https:\/\/www.europesays.com\/fr\/wp-json\/wp\/v2\/comments?post=109229"}],"version-history":[{"count":0,"href":"https:\/\/www.europesays.com\/fr\/wp-json\/wp\/v2\/posts\/109229\/revisions"}],"wp:featuredmedia":[{"embeddable":true,"href":"https:\/\/www.europesays.com\/fr\/wp-json\/wp\/v2\/media\/109230"}],"wp:attachment":[{"href":"https:\/\/www.europesays.com\/fr\/wp-json\/wp\/v2\/media?parent=109229"}],"wp:term":[{"taxonomy":"category","embeddable":true,"href":"https:\/\/www.europesays.com\/fr\/wp-json\/wp\/v2\/categories?post=109229"},{"taxonomy":"post_tag","embeddable":true,"href":"https:\/\/www.europesays.com\/fr\/wp-json\/wp\/v2\/tags?post=109229"}],"curies":[{"name":"wp","href":"https:\/\/api.w.org\/{rel}","templated":true}]}}