{"id":10924,"date":"2025-04-08T18:59:09","date_gmt":"2025-04-08T18:59:09","guid":{"rendered":"https:\/\/www.europesays.com\/fr\/10924\/"},"modified":"2025-04-08T18:59:09","modified_gmt":"2025-04-08T18:59:09","slug":"pour-la-deuxieme-fois-la-parisienne-produit-la-meilleure-baguette-de-paris","status":"publish","type":"post","link":"https:\/\/www.europesays.com\/fr\/10924\/","title":{"rendered":"pour la deuxi\u00e8me fois, La Parisienne produit la meilleure baguette de Paris"},"content":{"rendered":"<p>            Par<br \/>\n        <strong><br \/>\n            <a href=\"https:\/\/actu.fr\/auteur\/thibault-nadal-actu-fr\" title=\"Consulter tous les articles de Thibault Nadal\" rel=\"nofollow noopener\" target=\"_blank\">Thibault Nadal<\/a><br \/>\n        <\/strong><\/p>\n<p>        Publi\u00e9 le<\/p>\n<p>            8 avr. 2025 \u00e0 7h24        <\/p>\n<p>C\u2019est un titre que beaucoup aimeraient d\u00e9crocher au moins \u00e0 une reprise dans leur vie. Micka\u00ebl Reydellet, fondateur de \u00ab\u2009La Parisienne\u2009\u00bb vient, lui, d\u2019\u00eatre couronn\u00e9 pour la deuxi\u00e8me fois en seulement neuf ans. Apr\u00e8s 2016, sa baguette tradition a en effet \u00e9t\u00e9 d\u00e9sign\u00e9e le 27\u00a0mars dernier par <a href=\"https:\/\/actu.fr\/tag\/mairie-de-paris\" rel=\"nofollow noopener\" target=\"_blank\">la mairie de Paris<\/a> comme \u00e9tant <a href=\"https:\/\/actu.fr\/ile-de-france\/paris_75056\/en-2025-la-meilleure-baguette-de-paris-se-trouve-dans-le-10e-arrondissement-decouvrez-ou_62433830.html\" rel=\"nofollow noopener\" target=\"_blank\">la meilleure dans la capitale en 2025<\/a>. Pourtant, le boulanger normand assure \u00ab\u2009n\u2019avoir rien chang\u00e9\u2009\u00bb \u00e0 sa recette entre ses deux participations et m\u00eame depuis <strong>l\u2019ouverture de sa premi\u00e8re boulangerie en 2006<\/strong> sur le boulevard Saint-Germain.<\/p>\n<p class=\" wall-content\">Pour expliquer son succ\u00e8s, l\u2019homme de 44\u00a0ans parle de \u00ab\u2009passion\u2009\u00bb et \u00ab\u2009d\u2019innovation\u2009en continu\u2009\u00bb. <strong>\u00ab\u2009Il ne faut jamais rester sur ses acquis\u2009\u00bb <\/strong>souligne-t-il, affirmant s\u2019entourer de \u00ab\u2009jeunes talents\u2009\u00bb qui lui permettent sans arr\u00eat proposer de nouvelles recettes. \u00ab\u2009Les tendances \u00e9voluent vite, donc <strong>il faut savoir explorer de nouvelles choses et ne pas rester dans nos standards<\/strong>\u2009\u00bb. Un de ses employ\u00e9s, Mathieu Leveque, a par exemple <a href=\"https:\/\/actu.fr\/ile-de-france\/paris_75056\/avec-une-creation-surprenante-mathieu-leveque-remporte-le-grand-prix-de-la-patisserie-de-la-mairie-de-paris_61874998.html\" rel=\"nofollow noopener\" target=\"_blank\">d\u00e9croch\u00e9 le Grand Prix de la P\u00e2tisserie<\/a>, organis\u00e9e \u00e9galement par la Ville, avec une cr\u00e9ation surprenante\u2009: un \u00ab\u2009Poires Feuilles Shino\u2009\u00bb.<\/p>\n<p>Des d\u00e9buts difficiles qui ont marqu\u00e9 Micka\u00ebl Reydellet<\/p>\n<p class=\" wall-content\">Les cl\u00e9s de ce m\u00e9tier, ce sont ses voisins de <a href=\"https:\/\/actu.fr\/normandie\/blangy-le-chateau_14077\/cest-la-passion-star-du-rallye-augeron-mickael-reydellet-remporte-la-meilleure-baguette-de-paris_62436926.html\" rel=\"nofollow noopener\" target=\"_blank\">Blangy-le-Ch\u00e2teau dans le Calvados<\/a> qui lui ont appris. \u00ab\u2009\u00c0 la sortie de mon bac scientifique, je pensais int\u00e9grer l\u2019arm\u00e9e de l\u2019air, mais j\u2019ai \u00e9cout\u00e9 leurs conseils. <strong>D\u00e8s que j\u2019ai commenc\u00e9, je n\u2019ai plus eu envie de quitter ce milieu<\/strong>\u2009\u00bb, raconte Micka\u00ebl Reydellet.<\/p>\n<p class=\" wall-content\">Tr\u00e8s rapidement, le jeune boulanger a envie d\u2019autre chose et rejoint la capitale.<strong> \u00ab\u2009Paris, c\u2019est le r\u00eave pour toute personne\u2009\u00bb<\/strong>, avoue-t-il. <a href=\"https:\/\/actu.fr\/paris\/\" rel=\"nofollow noopener\" target=\"_blank\">Une ville<\/a> qui va inspirer le nom de sa boulangerie qu\u2019il ouvre d\u00e8s 2006 \u00e0 seulement 25\u00a0ans. \u00ab\u2009C\u2019est aussi un nom qui fait r\u00eaver \u00e0 l\u2019international\u2009\u00bb, poursuit-il.<\/p>\n<p>      <img   decoding=\"async\" loading=\"lazy\" src=\"https:\/\/www.europesays.com\/fr\/wp-content\/uploads\/2025\/04\/img-7966-960x640.jpg\" alt=\"Vendue 1,30 euro, la meilleure baguette est disponible dans les sept boutiques de La Parisienne \u00e0 Paris.\" width=\"960\" height=\"640\"\/><br \/>\n    Vendue 1,30\u00a0euro, la meilleure baguette de Paris est disponible dans les sept boutiques de La Parisienne dans la capitale. (\u00a9TN \/ actu Paris)<\/p>\n<p class=\" wall-content\">Dans cette premi\u00e8re boulangerie, les ambitions sont pourtant bien \u00e9loign\u00e9es de celles d\u2019aujourd\u2019hui. \u00ab\u2009On (avec sa femme) n\u2019avait pas d\u2019ambition particuli\u00e8re. Pour nous, c\u2019\u00e9tait d\u00e9j\u00e0 inimaginable d\u2019avoir une boutique dans Paris\u2009\u00bb. Mais d\u00e8s 2010, une deuxi\u00e8me voit le jour. Aujourd\u2019hui, Micka\u00ebl Reydellet est \u00e0 la t\u00eate de <strong>neuf boulangeries<\/strong> (sept dans la capitale et deux en Normandie) et de <strong>150 employ\u00e9s<\/strong>. Un succ\u00e8s qui ne lui fait pas oublier les d\u00e9buts (tr\u00e8s difficiles).<\/p>\n<blockquote class=\"ac-article-quote wall-content\">\n<p>Avec ma femme, on en a chi\u00e9. On faisait le boulot de plusieurs personnes \u00e0 la fois. On ne prenait pas de jours de repos ni de vacances. Nous n\u2019avons pas assez vu grandir notre fils a\u00een\u00e9 (\u00e2g\u00e9 de 11 ans).<\/p>\n<p>    <strong>Micka\u00ebl Reydellet<\/strong><br \/>\n        Fondateur de La Parisienne    <\/p><\/blockquote>\n<p>Un boulanger devenu chef d\u2019entreprise \u00e0 temps plein<\/p>\n<p class=\" wall-content\">D\u00e9sormais, il a appris \u00e0 d\u00e9l\u00e9guer et ne remet que tr\u00e8s peu les pieds en zone de production. \u00ab\u2009\u00catre chef d\u2019entreprise, <strong>c\u2019est un autre exercice qui me pla\u00eet \u00e9norm\u00e9ment<\/strong>\u2009\u00bb. S\u2019il confie \u00ab\u2009ne pas ressentir le manque\u2009\u00bb d\u2019\u00eatre chaque jour dans les laboratoires, Micka\u00ebl Reydellet affirme y revenir une fois par mois \u00ab\u2009pour le plaisir\u2009\u00bb.<\/p>\n<p class=\" wall-content\">Un m\u00e9tier diff\u00e9rent, dont il a constat\u00e9 <a href=\"https:\/\/actu.fr\/ile-de-france\/paris_75056\/paris-en-crise-depuis-des-annees-les-commerces-du-boulevard-saint-michel-continuent-de-s-eteindre_62445900.html\" rel=\"nofollow noopener\" target=\"_blank\">l\u2019\u00e9volution n\u00e9gative ces derni\u00e8res ann\u00e9es<\/a>. \u00ab\u2009<strong>C\u2019est beaucoup plus difficile qu\u2019avant<\/strong>, admet-il. Il y a dix ans, on ne parlait pas d\u2019\u00e9lectricit\u00e9 et de toutes ces choses, donc il faut \u00eatre plus rigoureux\u2009\u00bb. Pour ne pas faire exploser ses coups, la d\u00e9cision a \u00e9t\u00e9 prise par exemple de produire toutes les p\u00e2tisseries dans la boutique rue du Faubourg Poissonni\u00e8re (10e). Et ce sera le cas aussi pour les prochaines boulangeries que compte ouvrir Micka\u00ebl Reydellet.<\/p>\n<blockquote class=\"tiktok-embed\" cite=\"https:\/\/www.tiktok.com\/@actu.paris\/video\/7490611652702866710\" data-video-id=\"7490611652702866710\" data-embed-from=\"oembed\" style=\"max-width:605px; min-width:325px;\"><p>\n<a target=\"_blank\" title=\"@actu.paris\" href=\"https:\/\/www.tiktok.com\/@actu.paris?refer=embed\" rel=\"nofollow noopener\">@actu.paris<\/a> <\/p>\n<p>Le 27 mars 2025, la baguette de La Parisienne a \u00e9t\u00e9 \u00e9lue la meilleure de Paris lors d\u2019un concours organis\u00e9 par la mairie. Durant un an, la boulangerie va fournir l\u2019\u00c9lys\u00e9e.  <a title=\"prix\" target=\"_blank\" href=\"https:\/\/www.tiktok.com\/tag\/prix?refer=embed\" rel=\"nofollow noopener\">#prix<\/a> <a title=\"boulangerie\" target=\"_blank\" href=\"https:\/\/www.tiktok.com\/tag\/boulangerie?refer=embed\" rel=\"nofollow noopener\">#boulangerie<\/a> <a title=\"baguette\" target=\"_blank\" href=\"https:\/\/www.tiktok.com\/tag\/baguette?refer=embed\" rel=\"nofollow noopener\">#baguette<\/a> <a title=\"tradition\" target=\"_blank\" href=\"https:\/\/www.tiktok.com\/tag\/tradition?refer=embed\" rel=\"nofollow noopener\">#tradition<\/a> <a title=\"france\" target=\"_blank\" href=\"https:\/\/www.tiktok.com\/tag\/france?refer=embed\" rel=\"nofollow noopener\">#france<\/a> <a title=\"paris\" target=\"_blank\" href=\"https:\/\/www.tiktok.com\/tag\/paris?refer=embed\" rel=\"nofollow noopener\">#paris<\/a> <a title=\"macron\" target=\"_blank\" href=\"https:\/\/www.tiktok.com\/tag\/macron?refer=embed\" rel=\"nofollow noopener\">#macron<\/a> <a title=\"elysee\" target=\"_blank\" href=\"https:\/\/www.tiktok.com\/tag\/elysee?refer=embed\" rel=\"nofollow noopener\">#elysee<\/a> <a title=\"fyp\" target=\"_blank\" href=\"https:\/\/www.tiktok.com\/tag\/fyp?refer=embed\" rel=\"nofollow noopener\">#fyp<\/a> <a title=\"actu\" target=\"_blank\" href=\"https:\/\/www.tiktok.com\/tag\/actu?refer=embed\" rel=\"nofollow noopener\">#actu<\/a> <\/p>\n<p> <a target=\"_blank\" title=\"\u266c In the Mood - Glenn Miller\" href=\"https:\/\/www.tiktok.com\/music\/In-the-Mood-6736016676434757633?refer=embed\" rel=\"nofollow noopener\">\u266c In the Mood \u2013 Glenn Miller<\/a> <\/p>\n<\/blockquote>\n<p>Leur baguette distribu\u00e9e \u00e0 l\u2019\u00c9lys\u00e9e durant un an<\/p>\n<p class=\" wall-content\">Dans cette adresse de r\u00e9f\u00e9rence o\u00f9 <strong>1\u2009200 baguettes sortent chaque jour des fours<\/strong>, le prix de la meilleure baguette a encore boost\u00e9 les ventes ces derniers jours. \u00ab\u2009Les gens sont curieux et veulent go\u00fbter pour se faire leur propre avis\u2009\u00bb. Cette nouvelle charge de travail avait \u00e9t\u00e9 anticip\u00e9e en amont par l\u2019entreprise, confirme Micka\u00ebl Reydellet. <strong>\u00ab\u2009On \u00e9tait pr\u00e9par\u00e9s \u00e0 gagner\u2009\u00bb<\/strong>.<\/p>\n<p class=\" wall-content\">Avec cette victoire, lui et ses \u00e9quipes vont avoir l\u2019honneur de distribuer leur baguette \u00e0 <a href=\"https:\/\/actu.fr\/tag\/elysee\" rel=\"nofollow noopener\" target=\"_blank\">l\u2019\u00c9lys\u00e9e<\/a> durant un an. \u00ab\u2009C\u2019est positif, car \u00e7a nous permet d\u2019acc\u00e9der \u00e0 un monde que l\u2019on ne conna\u00eet pas\u2009\u00bb. Comme pour les boutiques dans la capitale, cette nouvelle production ne devrait pas entra\u00eener d\u2019heures suppl\u00e9mentaires pour les salari\u00e9s. <strong>\u00ab\u2009C\u2019est plus du prestige que du volume\u2009\u00bb.<\/strong><\/p>\n<p class=\" wall-content\">Cette mission d\u00e9butera apr\u00e8s la remise officielle du troph\u00e9e pr\u00e9vue le 7 mai prochain sur le parvis de <a href=\"https:\/\/actu.fr\/tag\/cathedrale-notre-dame-de-paris\" rel=\"nofollow noopener\" target=\"_blank\">Notre-Dame de Paris<\/a>.<\/p>\n<p class=\" wall-content\">Suivez toute l\u2019actualit\u00e9 de vos villes et m\u00e9dias favoris en vous inscrivant \u00e0 <a href=\"https:\/\/moncompte.actu.fr\" title=\"D\u00e9couvez Mon Actu\" rel=\"nofollow noopener\" data-trk=\"{&quot;cta&quot;:{&quot;action&quot;:&quot;https:\\\/\\\/moncompte.actu.fr&quot;,&quot;category&quot;:&quot;mon compte&quot;,&quot;from&quot;:&quot;article footer&quot;,&quot;name&quot;:&quot;Mon actu&quot;,&quot;type&quot;:&quot;cta&quot;}}\" target=\"_blank\">Mon Actu<\/a>.<\/p>\n<ul class=\"ac-article-tag wall-content\">\n<li><a href=\"https:\/\/actu.fr\/tag\/commerce\" data-trk=\"{&quot;cta&quot;:{&quot;action&quot;:&quot;Commerce&quot;,&quot;category&quot;:&quot;tag&quot;,&quot;from&quot;:&quot;article footer&quot;,&quot;name&quot;:&quot;Commerce&quot;,&quot;type&quot;:&quot;cta&quot;}}\" rel=\"nofollow noopener\" target=\"_blank\">#Commerce<\/a><\/li>\n<li><a href=\"https:\/\/actu.fr\/tag\/mairie-de-paris\" data-trk=\"{&quot;cta&quot;:{&quot;action&quot;:&quot;Mairie de Paris&quot;,&quot;category&quot;:&quot;tag&quot;,&quot;from&quot;:&quot;article footer&quot;,&quot;name&quot;:&quot;Mairie de Paris&quot;,&quot;type&quot;:&quot;cta&quot;}}\" rel=\"nofollow noopener\" target=\"_blank\">#Mairie de Paris<\/a><\/li>\n<\/ul>\n<p>                    <script async src=\"\/\/www.tiktok.com\/embed.js\"><\/script><\/p>\n","protected":false},"excerpt":{"rendered":"Par Thibault Nadal Publi\u00e9 le 8 avr. 2025 \u00e0 7h24 C\u2019est un titre que beaucoup aimeraient d\u00e9crocher au&hellip;\n","protected":false},"author":2,"featured_media":10925,"comment_status":"","ping_status":"","sticky":false,"template":"","format":"standard","meta":{"footnotes":""},"categories":[1888],"tags":[1111,1928,11,1927,215,1777,674,1011,27,2381,12,1926,626,1925,25,104],"class_list":{"0":"post-10924","1":"post","2":"type-post","3":"status-publish","4":"format-standard","5":"has-post-thumbnail","7":"category-paris","8":"tag-actu","9":"tag-actu-paris","10":"tag-actualites","11":"tag-actualites-paris","12":"tag-commerce","13":"tag-eu","14":"tag-europe","15":"tag-fr","16":"tag-france","17":"tag-mairie-de-paris","18":"tag-news","19":"tag-news-paris","20":"tag-paris","21":"tag-paris-news","22":"tag-republique-francaise","23":"tag-societe"},"share_on_mastodon":{"url":"https:\/\/pubeurope.com\/@fr\/114303884497644894","error":""},"_links":{"self":[{"href":"https:\/\/www.europesays.com\/fr\/wp-json\/wp\/v2\/posts\/10924","targetHints":{"allow":["GET"]}}],"collection":[{"href":"https:\/\/www.europesays.com\/fr\/wp-json\/wp\/v2\/posts"}],"about":[{"href":"https:\/\/www.europesays.com\/fr\/wp-json\/wp\/v2\/types\/post"}],"author":[{"embeddable":true,"href":"https:\/\/www.europesays.com\/fr\/wp-json\/wp\/v2\/users\/2"}],"replies":[{"embeddable":true,"href":"https:\/\/www.europesays.com\/fr\/wp-json\/wp\/v2\/comments?post=10924"}],"version-history":[{"count":0,"href":"https:\/\/www.europesays.com\/fr\/wp-json\/wp\/v2\/posts\/10924\/revisions"}],"wp:featuredmedia":[{"embeddable":true,"href":"https:\/\/www.europesays.com\/fr\/wp-json\/wp\/v2\/media\/10925"}],"wp:attachment":[{"href":"https:\/\/www.europesays.com\/fr\/wp-json\/wp\/v2\/media?parent=10924"}],"wp:term":[{"taxonomy":"category","embeddable":true,"href":"https:\/\/www.europesays.com\/fr\/wp-json\/wp\/v2\/categories?post=10924"},{"taxonomy":"post_tag","embeddable":true,"href":"https:\/\/www.europesays.com\/fr\/wp-json\/wp\/v2\/tags?post=10924"}],"curies":[{"name":"wp","href":"https:\/\/api.w.org\/{rel}","templated":true}]}}