{"id":109245,"date":"2025-05-18T11:41:07","date_gmt":"2025-05-18T11:41:07","guid":{"rendered":"https:\/\/www.europesays.com\/fr\/109245\/"},"modified":"2025-05-18T11:41:07","modified_gmt":"2025-05-18T11:41:07","slug":"deux-femmes-attaquees-et-etranglees-dans-le-metro-en-lespace-dune-heure-un-suspect-arrete","status":"publish","type":"post","link":"https:\/\/www.europesays.com\/fr\/109245\/","title":{"rendered":"deux femmes attaqu\u00e9es et \u00e9trangl\u00e9es dans le m\u00e9tro en l&rsquo;espace d&rsquo;une heure, un suspect arr\u00eat\u00e9"},"content":{"rendered":"<p>            Par<br \/>\n        <strong><br \/>\n            <a href=\"https:\/\/actu.fr\/auteur\/julie-bossart-actu-fr\" title=\"Consulter tous les articles de Julie Bossart\" target=\"_blank\" rel=\"noopener\">Julie Bossart<\/a><br \/>\n        <\/strong><\/p>\n<p>        Publi\u00e9 le<\/p>\n<p>            18 mai 2025 \u00e0 13h32        <\/p>\n<p>Les attaques ont \u00e9t\u00e9 perp\u00e9tr\u00e9es t\u00f4t, samedi 17 mai 2025. Vers 8h20, alors qu\u2019elle \u00e9tait dans les escalators de la station Pyr\u00e9n\u00e9es, \u00e0 <a href=\"https:\/\/actu.fr\/paris\/dernieres-actus\" target=\"_blank\" rel=\"noopener\">Paris<\/a> (19e), une femme a \u00e9t\u00e9 agress\u00e9e par un individu qui, venant dans son dos, a commenc\u00e9 \u00e0 l\u2019\u00e9trangler, a appris actu aupr\u00e8s d\u2019une source polici\u00e8re, confirmation une information du <a href=\"https:\/\/www.lejdd.fr\/Societe\/info-jdd-paris-un-individu-interpelle-apres-avoir-etrangle-deux-femmes-a-la-station-de-metro-pyrenees-158144\" target=\"_blank\" rel=\"noopener\">JDD<\/a>.\u00a0<\/p>\n<p>Une premi\u00e8re intervention des usagers<\/p>\n<p class=\" wall-content\">La victime n\u2019a d\u00fb son salut qu\u2019\u00e0 l\u2019intervention d\u2019usagers, qui ont mis en fuite le suspect. Environ une heure plus tard, ce dernier est revenu dans les couloirs du m\u00e9tro, o\u00f9 il a r\u00e9cidiv\u00e9. Il a tent\u00e9 d\u2019\u00e9trangler une autre passag\u00e8re, mais l\u2019arriv\u00e9e d\u2019agents <a href=\"https:\/\/actu.fr\/tag\/ratp\" target=\"_blank\" rel=\"noopener\">RATP<\/a> lui a fait cesser ses agissements. L\u2019individu a quitt\u00e9 les lieux.\u00a0<\/p>\n<p class=\" wall-content\">Un appel g\u00e9n\u00e9ral a \u00e9t\u00e9 lanc\u00e9, lequel a abouti \u00e0 son interpellation \u00e0 l\u2019ext\u00e9rieur de la station, par des agents du SDPRT et <a href=\"https:\/\/actu.fr\/ile-de-france\/paris_75056\/paris-a-la-decouverte-de-la-base-secrete-ou-s-entrainent-les-agents-de-securite-de-la-ratp_61074750.html\" target=\"_blank\" rel=\"noopener\">GPSR<\/a>, nous pr\u00e9cise-t-on.<\/p>\n<p class=\" wall-content\">Les <a href=\"https:\/\/actu.fr\/tag\/brigade-de-sapeurs-pompiers-de-paris\" target=\"_blank\" rel=\"noopener\">sapeurs-pompiers<\/a> ont prodigu\u00e9 les premiers soins aux victimes, qui ont \u00e9t\u00e9 hospitalis\u00e9es pour des examens. Selon le JDD, la premi\u00e8re femme \u00e9tait enceinte de deux mois, et la seconde a perdu connaissance. Leurs jours ne seraient pas en danger. Le suspect, lui, a \u00e9t\u00e9 plac\u00e9 en garde \u00e0 vue.<\/p>\n<p class=\" wall-content\">Suivez toute l\u2019actualit\u00e9 de vos villes et m\u00e9dias favoris en vous inscrivant \u00e0 <a href=\"https:\/\/moncompte.actu.fr\" title=\"D\u00e9couvez Mon Actu\" rel=\"nofollow noopener\" data-trk=\"{&quot;cta&quot;:{&quot;action&quot;:&quot;https:\\\/\\\/moncompte.actu.fr&quot;,&quot;category&quot;:&quot;mon compte&quot;,&quot;from&quot;:&quot;article footer&quot;,&quot;name&quot;:&quot;Mon actu&quot;,&quot;type&quot;:&quot;cta&quot;}}\" target=\"_blank\">Mon Actu<\/a>.<\/p>\n","protected":false},"excerpt":{"rendered":"Par Julie Bossart Publi\u00e9 le 18 mai 2025 \u00e0 13h32 Les attaques ont \u00e9t\u00e9 perp\u00e9tr\u00e9es t\u00f4t, samedi 17&hellip;\n","protected":false},"author":2,"featured_media":109246,"comment_status":"","ping_status":"","sticky":false,"template":"","format":"standard","meta":{"footnotes":""},"categories":[1888],"tags":[1111,1928,11,1927,1777,674,118,1011,27,4047,12,1926,626,1925,1931,625,25],"class_list":{"0":"post-109245","1":"post","2":"type-post","3":"status-publish","4":"format-standard","5":"has-post-thumbnail","7":"category-paris","8":"tag-actu","9":"tag-actu-paris","10":"tag-actualites","11":"tag-actualites-paris","12":"tag-eu","13":"tag-europe","14":"tag-faits-divers","15":"tag-fr","16":"tag-france","17":"tag-metro","18":"tag-news","19":"tag-news-paris","20":"tag-paris","21":"tag-paris-news","22":"tag-prefecture-de-police-de-paris","23":"tag-ratp","24":"tag-republique-francaise"},"share_on_mastodon":{"url":"https:\/\/pubeurope.com\/@fr\/114528654701220710","error":""},"_links":{"self":[{"href":"https:\/\/www.europesays.com\/fr\/wp-json\/wp\/v2\/posts\/109245","targetHints":{"allow":["GET"]}}],"collection":[{"href":"https:\/\/www.europesays.com\/fr\/wp-json\/wp\/v2\/posts"}],"about":[{"href":"https:\/\/www.europesays.com\/fr\/wp-json\/wp\/v2\/types\/post"}],"author":[{"embeddable":true,"href":"https:\/\/www.europesays.com\/fr\/wp-json\/wp\/v2\/users\/2"}],"replies":[{"embeddable":true,"href":"https:\/\/www.europesays.com\/fr\/wp-json\/wp\/v2\/comments?post=109245"}],"version-history":[{"count":0,"href":"https:\/\/www.europesays.com\/fr\/wp-json\/wp\/v2\/posts\/109245\/revisions"}],"wp:featuredmedia":[{"embeddable":true,"href":"https:\/\/www.europesays.com\/fr\/wp-json\/wp\/v2\/media\/109246"}],"wp:attachment":[{"href":"https:\/\/www.europesays.com\/fr\/wp-json\/wp\/v2\/media?parent=109245"}],"wp:term":[{"taxonomy":"category","embeddable":true,"href":"https:\/\/www.europesays.com\/fr\/wp-json\/wp\/v2\/categories?post=109245"},{"taxonomy":"post_tag","embeddable":true,"href":"https:\/\/www.europesays.com\/fr\/wp-json\/wp\/v2\/tags?post=109245"}],"curies":[{"name":"wp","href":"https:\/\/api.w.org\/{rel}","templated":true}]}}