{"id":1092516,"date":"2026-07-28T08:59:16","date_gmt":"2026-07-28T08:59:16","guid":{"rendered":"https:\/\/www.europesays.com\/fr\/1092516\/"},"modified":"2026-07-28T08:59:16","modified_gmt":"2026-07-28T08:59:16","slug":"incendies-en-gironde-aucun-tgv-ne-circulera-ce-mardi-au-sud-de-bordeaux-excepte-vers-agen-et-toulouse","status":"publish","type":"post","link":"https:\/\/www.europesays.com\/fr\/1092516\/","title":{"rendered":"Incendies en Gironde : aucun TGV ne circulera ce mardi au sud de Bordeaux, except\u00e9 vers Agen et Toulouse"},"content":{"rendered":"<p>La restriction de circulation des trains <a href=\"https:\/\/www.capital.fr\/economie-politique\/incendies-en-gironde-la-sncf-suspend-le-trafic-au-sud-de-bordeaux-jusqua-nouvel-ordre-1528760\" rel=\"nofollow noopener\" target=\"_blank\">mise en place le 25 juillet<\/a> par la SNCF se poursuit. Si <a href=\"https:\/\/www.capital.fr\/economie-politique\/incendies-en-gironde-le-chomage-partiel-active-pour-les-plus-de-13-000-entreprises-evacuees-1528797\" rel=\"nofollow noopener\" target=\"_blank\">l\u2019incendie en Gironde<\/a>, qui a <strong>d\u00e9truit plus de 42 000 hectares<\/strong>, est actuellement \u00abstabilis\u00e9\u00bb, il est loin d\u2019\u00eatre fix\u00e9 et ce mardi 28 juillet, la pr\u00e9fecture de Gironde a ordonn\u00e9 l&rsquo;\u00e9vacuation pr\u00e9ventive de tous les campings de Lacanau. Raison pour laquelle la <strong>circulation des trains est encore fortement perturb\u00e9e<\/strong>. Comme l\u2019a appris <a href=\"https:\/\/www.franceinfo.fr\/economie\/transports\/sncf\/aucun-tgv-ne-circulera-mardi-au-sud-de-bordeaux-hormis-ceux-qui-desservent-agen-et-toulouse-en-raison-des-incendies_8124509.html\" rel=\"nofollow noopener\" target=\"_blank\">Franceinfo<\/a>, aucun TGV ne circulera au sud de Bordeaux sauf ceux qui desservent Agen et Toulouse.<\/p>\n<p>Cela signifie que tous les TGV au d\u00e9part de Paris auront pour terminus Bordeaux, <strong>hormis donc ceux qui se rendent \u00e0 Toulouse<\/strong>, pr\u00e9cise SNCF Voyageurs. Pas de train en direction d\u2019Arcachon, ni d\u2019Hendaye, de Tarbes ou de Dax. M\u00eame d\u00e9cision prise dans l\u2019autre sens de circulation. Sans oublier le train de nuit Intercit\u00e9s Paris-Tarbes qui ne circulera pas. La ville des Hautes-Pyr\u00e9n\u00e9es n\u2019est toutefois pas laiss\u00e9e \u00e0 l\u2019abandon puisque deux allers-retours quotidiens pour Tarbes via Toulouse sont pr\u00e9vus au d\u00e9part de Paris.<\/p>\n<p>Le report ou l\u2019annulation des billets prolong\u00e9s jusqu\u2019au 31 juillet<\/p>\n<p>Cette mesure avait d\u00e9j\u00e0 \u00e9t\u00e9 prise dimanche soir \u00abcompte tenu de la situation exceptionnelle provoqu\u00e9e par les incendies\u00bb. Dans le m\u00eame temps, SNCF Voyageurs annonce qu\u2019il n\u2019y aura toujours <strong>pas de TER<\/strong> dans le triangle compris <strong>entre Arcachon, Bordeaux et Morcenx<\/strong> (nord de Dax). La soci\u00e9t\u00e9 ferroviaire pr\u00e9conise par ailleurs \u00e0 tous les voyageurs de \u00abreporter les d\u00e9placements en train pr\u00e9vus jusqu&rsquo;au vendredi 31 juillet inclus \u00e0 destination des zones concern\u00e9es\u00bb.<\/p>\n<p>Pour inciter les usagers \u00e0 reporter leur voyage, la SNCF a justement <a href=\"https:\/\/www.capital.fr\/economie-politique\/la-circulation-des-trains-toujours-suspendue-au-sud-de-bordeaux-lannulation-et-lechange-de-billet-sans-frais-prolonges-1528780\" rel=\"nofollow noopener\" target=\"_blank\">annonc\u00e9 le prolongement<\/a> <strong>jusqu\u2019au vendredi 31 juillet<\/strong>, du report ou de l\u2019annulation des <a href=\"https:\/\/www.capital.fr\/conso\/remboursement-billet-train-1394815\" rel=\"nofollow noopener\" target=\"_blank\">billets de train<\/a> \u00e0 destination de la r\u00e9gion. Le ministre des Transports, Philippe Tabarot, avait confirm\u00e9 la mesure le 26 juillet dernier. \u00abTous les clients concern\u00e9s par une suppression ont \u00e9t\u00e9 contact\u00e9s ou vont l&rsquo;\u00eatre\u00bb, a ajout\u00e9 la SNCF lundi soir.<\/p>\n<p>\u00abA la demande de la pr\u00e9fecture de la Gironde et compte tenu de la situation exceptionnelle provoqu\u00e9e par les incendies, le gestionnaire du r\u00e9seau ferr\u00e9 est contraint d&rsquo;interrompre la totalit\u00e9 des trains au sud de Bordeaux\u00bb, indique la SNCF sur son site. Avant de poursuivre : \u00abCompte tenu de la situation exceptionnelle provoqu\u00e9e par les incendies en Gironde et dans les Landes, le gouvernement demande la prolongation de la limitation des flux entrants de voyageurs afin de ne pas g\u00eaner les interventions des secours.\u00bb<\/p>\n","protected":false},"excerpt":{"rendered":"La restriction de circulation des trains mise en place le 25 juillet par la SNCF se poursuit. Si&hellip;\n","protected":false},"author":2,"featured_media":1092517,"comment_status":"","ping_status":"","sticky":false,"template":"","format":"standard","meta":{"footnotes":"","_share_on_mastodon":"0"},"categories":[2816],"tags":[1111,11,16106,1777,674,1011,27,1310,12,2680,138,25,2215,2312,926],"class_list":["post-1092516","post","type-post","status-publish","format-standard","has-post-thumbnail","category-toulouse","tag-actu","tag-actualites","tag-billets","tag-eu","tag-europe","tag-fr","tag-france","tag-incendie","tag-news","tag-occitanie","tag-remboursement","tag-republique-francaise","tag-sncf","tag-toulouse","tag-train"],"share_on_mastodon":{"url":"https:\/\/pubeurope.com\/@fr\/116996785005700100","error":""},"_links":{"self":[{"href":"https:\/\/www.europesays.com\/fr\/wp-json\/wp\/v2\/posts\/1092516","targetHints":{"allow":["GET"]}}],"collection":[{"href":"https:\/\/www.europesays.com\/fr\/wp-json\/wp\/v2\/posts"}],"about":[{"href":"https:\/\/www.europesays.com\/fr\/wp-json\/wp\/v2\/types\/post"}],"author":[{"embeddable":true,"href":"https:\/\/www.europesays.com\/fr\/wp-json\/wp\/v2\/users\/2"}],"replies":[{"embeddable":true,"href":"https:\/\/www.europesays.com\/fr\/wp-json\/wp\/v2\/comments?post=1092516"}],"version-history":[{"count":0,"href":"https:\/\/www.europesays.com\/fr\/wp-json\/wp\/v2\/posts\/1092516\/revisions"}],"wp:featuredmedia":[{"embeddable":true,"href":"https:\/\/www.europesays.com\/fr\/wp-json\/wp\/v2\/media\/1092517"}],"wp:attachment":[{"href":"https:\/\/www.europesays.com\/fr\/wp-json\/wp\/v2\/media?parent=1092516"}],"wp:term":[{"taxonomy":"category","embeddable":true,"href":"https:\/\/www.europesays.com\/fr\/wp-json\/wp\/v2\/categories?post=1092516"},{"taxonomy":"post_tag","embeddable":true,"href":"https:\/\/www.europesays.com\/fr\/wp-json\/wp\/v2\/tags?post=1092516"}],"curies":[{"name":"wp","href":"https:\/\/api.w.org\/{rel}","templated":true}]}}