{"id":1092667,"date":"2026-07-28T10:44:20","date_gmt":"2026-07-28T10:44:20","guid":{"rendered":"https:\/\/www.europesays.com\/fr\/1092667\/"},"modified":"2026-07-28T10:44:20","modified_gmt":"2026-07-28T10:44:20","slug":"zinedine-zidane-nouveau-selectionneur-des-bleus-federation-francaise-de-football-fff","status":"publish","type":"post","link":"https:\/\/www.europesays.com\/fr\/1092667\/","title":{"rendered":"Zin\u00e9dine Zidane, nouveau s\u00e9lectionneur des Bleus | F\u00e9d\u00e9ration Fran\u00e7aise de Football (FFF)"},"content":{"rendered":"<p>    <img data-twic-src=\"https:\/\/www.europesays.com\/fr\/wp-content\/uploads\/2026\/07\/0f92add04b1271161ee3f79014545052.jpg\" data-credit=\"photo @BOBY\" title=\"photo @BOBY\" alt=\"Philippe Diallo et Zin\u00e9dine Zidane\" class=\"block\"\/>   <\/p>\n<p style=\"font-weight: bold\">\u00c0 l&rsquo;issue d\u2019un Comit\u00e9 ex\u00e9cutif r\u00e9uni mardi matin, la F\u00e9d\u00e9ration Fran\u00e7aise de Football et son Pr\u00e9sident, Philippe Diallo, ont le plaisir d\u2019annoncer la nomination de Zin\u00e9dine Zidane au poste de s\u00e9lectionneur de l&rsquo;\u00c9quipe de France masculine pour les quatre prochaines ann\u00e9es, jusqu&rsquo;\u00e0 la Coupe du monde 2030.<\/p>\n<p>Zin\u00e9dine Zidane devient le 18e s\u00e9lectionneur de l&rsquo;histoire des Bleus depuis Henri Gu\u00e9rin en 1964, et prend ainsi la succession de Didier Deschamps. Le nouveau s\u00e9lectionneur prendra officiellement ses fonctions le 1er ao\u00fbt prochain et dirigera l\u2019\u00c9quipe de France d\u00e8s la campagne de la Ligue des Nations de l&rsquo;UEFA 2026-2027. Il enchainera avec les qualifications \u00e0 l\u2019Euro 2028, la Ligue des Nations 2028-2029 et les qualifications de la Coupe du monde 2030. Zin\u00e9dine Zidane annoncera la composition de son staff d\u00e9but septembre.<\/p>\n<p><strong>Zin\u00e9dine Zidane, s\u00e9lectionneur de l\u2019\u00c9quipe de France<\/strong><br \/>\u00ab Je l\u2019ai souvent dit : il n\u2019y a rien de plus grand que l\u2019\u00c9quipe de France. C\u2019est donc une joie et \u00e9videmment une grande fiert\u00e9 de devenir le s\u00e9lectionneur de cette \u00c9quipe de France. C\u2019est aussi une responsabilit\u00e9. Je veux remercier ici le Pr\u00e9sident Philippe Diallo, le Comit\u00e9 ex\u00e9cutif et la F\u00e9d\u00e9ration Fran\u00e7aise de Football pour leur confiance et saluer les quatorze ann\u00e9es de Didier et de son staff. J\u2019ai aussi aujourd\u2019hui une pens\u00e9e particuli\u00e8re pour tous mes \u00e9ducateurs. Inutile de dire que j\u2019ai beaucoup d\u2019ambition pour l\u2019\u00c9quipe de France ! \u00bb<\/p>\n<p><strong>Philippe Diallo, Pr\u00e9sident de la F\u00e9d\u00e9ration Fran\u00e7aise de Football<\/strong><br \/>\u00ab La nomination de Zin\u00e9dine Zidane \u00e0 la t\u00eate de l&rsquo;\u00c9quipe de France est une immense fiert\u00e9 pour la F\u00e9d\u00e9ration Fran\u00e7aise de Football. Elle marque la rencontre entre une l\u00e9gende de l&rsquo;histoire des Bleus, devenue l&rsquo;un des entra\u00eeneurs les plus titr\u00e9s et respect\u00e9s de sa g\u00e9n\u00e9ration, et une s\u00e9lection au potentiel rare, anim\u00e9e par les plus hautes ambitions. Le parcours exceptionnel de Zin\u00e9dine Zidane est fait de talent, de travail, d\u2019humilit\u00e9 et d\u2019excellence. Des valeurs que partage l\u2019\u00c9quipe de France et que nous voulons porter, ensemble, avec ambition, ces quatre prochaines ann\u00e9es. \u00bb<\/p>\n<p>   Les prochains rendez-vous des Bleus\u00a0 \u00a0 \u00a0 \u00a0 <\/p>\n<p class=\"light\">D\u00e8s le mois de septembre, Zin\u00e9dine Zidane dirigera son premier rassemblement \u00e0 la t\u00eate de l&rsquo;\u00c9quipe de France, dans le cadre de la Ligue des Nations UEFA 2026-27 (Groupe A1 &#8211; <strong>France<\/strong>, Italie, Belgique, Turquie).<\/p>\n<ul>\n<li class=\"light\">25 septembre 2026 : Turquie &#8211; <strong>France<\/strong><\/li>\n<li class=\"light\">28 septembre 2026 : Belgique &#8211; <strong>France<\/strong><\/li>\n<li class=\"light\">2 octobre 2026 : <strong>France<\/strong> &#8211; Italie (Stade de France, Saint-Denis)<\/li>\n<li class=\"light\">5 octobre 2026 : <strong>France<\/strong> &#8211; Belgique (Stade de France, Saint-Denis)<\/li>\n<li class=\"light\">12 novembre 2026 : Italie &#8211; <strong>France<\/strong><\/li>\n<li class=\"light\">15 novembre 2026 :<strong> France<\/strong> &#8211; Turquie (Bordeaux)<\/li>\n<li class=\"light\">Quarts de finale LDN : 25-30 mars 2027 (si qualifi\u00e9s)<\/li>\n<\/ul>\n<p>Par ailleurs, le tirage au sort des qualifications \u00e0 l&rsquo;Euro 2028 aura lieu le 6 d\u00e9cembre 2026 \u00e0 Belfast ; les matches aller-retour se disputeront entre mars et novembre 2027.<\/p>\n","protected":false},"excerpt":{"rendered":"\u00c0 l&rsquo;issue d\u2019un Comit\u00e9 ex\u00e9cutif r\u00e9uni mardi matin, la F\u00e9d\u00e9ration Fran\u00e7aise de Football et son Pr\u00e9sident, Philippe Diallo,&hellip;\n","protected":false},"author":2,"featured_media":1092668,"comment_status":"","ping_status":"","sticky":false,"template":"","format":"standard","meta":{"footnotes":"","_share_on_mastodon":"0"},"categories":[2],"tags":[11,85,1011,27,12,25],"class_list":["post-1092667","post","type-post","status-publish","format-standard","has-post-thumbnail","category-actualites","tag-actualites","tag-fff","tag-fr","tag-france","tag-news","tag-republique-francaise"],"share_on_mastodon":{"url":"https:\/\/pubeurope.com\/@fr\/116997198112920128","error":""},"_links":{"self":[{"href":"https:\/\/www.europesays.com\/fr\/wp-json\/wp\/v2\/posts\/1092667","targetHints":{"allow":["GET"]}}],"collection":[{"href":"https:\/\/www.europesays.com\/fr\/wp-json\/wp\/v2\/posts"}],"about":[{"href":"https:\/\/www.europesays.com\/fr\/wp-json\/wp\/v2\/types\/post"}],"author":[{"embeddable":true,"href":"https:\/\/www.europesays.com\/fr\/wp-json\/wp\/v2\/users\/2"}],"replies":[{"embeddable":true,"href":"https:\/\/www.europesays.com\/fr\/wp-json\/wp\/v2\/comments?post=1092667"}],"version-history":[{"count":0,"href":"https:\/\/www.europesays.com\/fr\/wp-json\/wp\/v2\/posts\/1092667\/revisions"}],"wp:featuredmedia":[{"embeddable":true,"href":"https:\/\/www.europesays.com\/fr\/wp-json\/wp\/v2\/media\/1092668"}],"wp:attachment":[{"href":"https:\/\/www.europesays.com\/fr\/wp-json\/wp\/v2\/media?parent=1092667"}],"wp:term":[{"taxonomy":"category","embeddable":true,"href":"https:\/\/www.europesays.com\/fr\/wp-json\/wp\/v2\/categories?post=1092667"},{"taxonomy":"post_tag","embeddable":true,"href":"https:\/\/www.europesays.com\/fr\/wp-json\/wp\/v2\/tags?post=1092667"}],"curies":[{"name":"wp","href":"https:\/\/api.w.org\/{rel}","templated":true}]}}