{"id":109283,"date":"2025-05-18T12:04:08","date_gmt":"2025-05-18T12:04:08","guid":{"rendered":"https:\/\/www.europesays.com\/fr\/109283\/"},"modified":"2025-05-18T12:04:08","modified_gmt":"2025-05-18T12:04:08","slug":"raphael-quenard-est-debile-michel-hazanavicius-se-lache-en-direct-dans-c-a-vous","status":"publish","type":"post","link":"https:\/\/www.europesays.com\/fr\/109283\/","title":{"rendered":"Rapha\u00ebl Quenard est d\u00e9bile\u00a0\u00bb, Michel Hazanavicius se l\u00e2che en direct dans \u00ab\u00a0C \u00e0 Vous"},"content":{"rendered":"<p>      R\u00e9sum\u00e9<\/p>\n<p>Michel Hazanavicius a d\u00e9clar\u00e9 en direct : \u00ab On croit que Rapha\u00ebl Quenard est d\u00e9bile \u00bb, provoquant un moment culte sur le plateau de C \u00e0 vous.<\/p>\n<p>        Sommaire<\/p>\n<p>Sur le plateau de C \u00e0 Vous, <strong><a href=\"https:\/\/www.public.fr\/cesar-2025-jean-pascal-zadi-a-eu-interdiction-detre-tactile-avec-julia-roberts-enorme-revelation-deux-semaines-apres-la-ceremonie\" target=\"_blank\" rel=\"noopener\">Jean-Pascal Zadi<\/a><\/strong>, <strong>Michel Hazanavicius<\/strong> et <strong>Rapha\u00ebl Quenard <\/strong>sont venus pr\u00e9senter le <strong>film I love Peru<\/strong>, r\u00e9alis\u00e9 par ce dernier avec Hugo David. Bien s\u00fbr, Michel Hazanavicius a gliss\u00e9 un mot sur celui qui fait sensation ces derni\u00e8res ann\u00e9es : <strong>Rapha\u00ebl Quenard<\/strong>.<\/p>\n<p>Et le r\u00e9alisateur a surpris tout le monde avec une <strong>d\u00e9claration plut\u00f4t surprenante <\/strong>sur Rapha\u00ebl Quenard. En plein direct, il ne trouve pas ses mots pour mettre en lumi\u00e8re l&rsquo;acteur et utilise m\u00eame des <strong>termes tr\u00e8s piquants.<\/strong> Il ne faudrait pas les prendre hors contexte !<\/p>\n<p>La d\u00e9claration piquante et dr\u00f4le \u00e0 Rapha\u00ebl Quenard<\/p>\n<p>De but en blanc, Michel Hazanavicius balance : \u00ab\u00a0On croit que Rapha\u00ebl Quenard est d\u00e9bile, mais c\u2019est un <strong>gros m\u00e9lange d\u2019absurdit\u00e9<\/strong>. Il est tr\u00e8s original, c\u2019est <strong>rafra\u00eechissant<\/strong>. Il est tr\u00e8s <strong>\u00e9rudit<\/strong>, bizarrement, il conna\u00eet plein de trucs !\u00a0\u00bb.<\/p>\n<p>Autour de la table, tout le monde \u00e9clate de rire, y compris <strong><a href=\"https:\/\/www.public.fr\/cest-lhomme-de-ma-vie-ramzy-bedia-sa-belle-declaration-en-pleine-interview-pour-eric-judor\" target=\"_blank\" rel=\"noopener\">Ramzy B\u00e9dia<\/a><\/strong>, \u00e9galement invit\u00e9. <strong>Jean-Pascal Zadi<\/strong> relance avec une punchline qui claque : \u00ab\u00a0On attend le moment o\u00f9 tu vas dire, il n&rsquo;est pas d\u00e9bile\u00a0\u00bb. M\u00eame <strong>Anne-\u00c9lisabeth Lemoine<\/strong> s\u2019en amuse et rench\u00e9rit \u00ab\u00a0\u00e7a ne vient pas\u00a0\u00bb. L&rsquo;hilarit\u00e9 reprend de plus belle sur le plateau et Michel Hazanavicius r\u00e9torque, toujours sur le ton de la plaisanterie : \u00ab\u00a0j\u2019esquive \u00e7a\u00a0\u00bb.<\/p>\n<p>\u00ab\u00a0Quand il fait des phrases, <strong>on ne sait jamais o\u00f9 \u00e7a va, compl\u00e8tement d\u00e9s\u00e9quilibr\u00e9<\/strong>, le mec dit n\u2019importe quoi, mais \u00e0 la fin, il trouve le <strong>mot \u00e9tonnant qui donne du sens <\/strong>\u00e0 tout et le film est un peu comme \u00e7a\u00a0\u00bb, ajoute le r\u00e9alisateur. Certes, il a une mani\u00e8re plut\u00f4t \u00e9tonnante de mettre en lumi\u00e8re l&rsquo;acteur, mais il faut bien avouer qu\u2019il n\u2019a pas tout \u00e0 fait tort, et c\u2019est aussi pour \u00e7a que<strong> le public adore Rapha\u00ebl Quenard.<\/strong><\/p>\n<blockquote class=\"twitter-tweet\">\n<p>\u2728 \u00ab\u00a0On croit que Rapha\u00ebl Quenard est d\u00e9bile, mais c\u2019est un gros m\u00e9lange d\u2019absurdit\u00e9. Il est tr\u00e8s original, c\u2019est rafra\u00eechissant. Il est tr\u00e8s \u00e9rudit, bizarrement, il conna\u00eet plein de trucs !\u00a0\u00bb<\/p>\n<p>Rapha\u00ebl Quenard par Michel Hazanavicius dans <a href=\"https:\/\/twitter.com\/hashtag\/C%C3%A0Vous?src=hash&amp;ref_src=twsrc%5Etfw\" target=\"_blank\" rel=\"noopener\">#C\u00e0Vous<\/a> <a href=\"https:\/\/t.co\/lh8uD72iBn\">pic.twitter.com\/lh8uD72iBn<\/a><\/p>\n<p>\u2014 C \u00e0 vous (@cavousf5) <a href=\"https:\/\/twitter.com\/cavousf5\/status\/1923817631523438685?ref_src=twsrc%5Etfw\" target=\"_blank\" rel=\"noopener\">May 17, 2025<\/a><\/p><\/blockquote>\n<p>L&rsquo;ovni du cin\u00e9ma fran\u00e7ais<\/p>\n<p>Brut, sinc\u00e8re, d\u00e9routant, il est aussi inclassable qu\u2019attachant. Et c&rsquo;est son petit grain de folie qui fait que <strong>le succ\u00e8s est au rendez-vous<\/strong>. En effet, Rapha\u00ebl Quenard en a parcouru du chemin depuis ses d\u00e9buts dans <strong>Chien de la casse<\/strong> de Jean-Baptiste Durand et <strong>Yannick <\/strong>de Quentin Dupieux, qui l\u2019ont r\u00e9v\u00e9l\u00e9 au grand public en 2023.<\/p>\n<p>Aujourd\u2019hui, Rapha\u00ebl Quenard est une <strong>figure incontournable du cin\u00e9ma fran\u00e7ais<\/strong>, mais pas que ! Il vient tout juste de publier son premier roman, <strong>Clamser \u00e0 Tataouine<\/strong>, qui fait d\u00e9j\u00e0 beaucoup parler. Avec plusieurs films r\u00e9ussis \u00e0 son actif, un nouveau projet \u00e0 Cannes et un roman en librairie, Rapha\u00ebl Quenard montre que <strong>sa carri\u00e8re ne fait que commencer.<\/strong><\/p>\n<p>      Mentionn\u00e9s dans cet article<\/p>\n<p>\u00c0 lire aussi<\/p>\n<p><script async src=\"https:\/\/platform.twitter.com\/widgets.js\" charset=\"utf-8\"><\/script><\/p>\n","protected":false},"excerpt":{"rendered":"R\u00e9sum\u00e9 Michel Hazanavicius a d\u00e9clar\u00e9 en direct : \u00ab On croit que Rapha\u00ebl Quenard est d\u00e9bile \u00bb, provoquant&hellip;\n","protected":false},"author":2,"featured_media":109284,"comment_status":"","ping_status":"","sticky":false,"template":"","format":"standard","meta":{"footnotes":""},"categories":[1359],"tags":[5631,5632,58,59,5634,1011,27,22745,22746,973,22261],"class_list":{"0":"post-109283","1":"post","2":"type-post","3":"status-publish","4":"format-standard","5":"has-post-thumbnail","7":"category-people","8":"tag-anne-elisabeth-lemoine","9":"tag-c-a-vous","10":"tag-divertissement","11":"tag-entertainment","12":"tag-festival-de-cannes","13":"tag-fr","14":"tag-france","15":"tag-jean-pascal-zadi","16":"tag-michel-hazanavicius","17":"tag-people","18":"tag-raphael-quenard"},"share_on_mastodon":{"url":"https:\/\/pubeurope.com\/@fr\/114528745145222489","error":""},"_links":{"self":[{"href":"https:\/\/www.europesays.com\/fr\/wp-json\/wp\/v2\/posts\/109283","targetHints":{"allow":["GET"]}}],"collection":[{"href":"https:\/\/www.europesays.com\/fr\/wp-json\/wp\/v2\/posts"}],"about":[{"href":"https:\/\/www.europesays.com\/fr\/wp-json\/wp\/v2\/types\/post"}],"author":[{"embeddable":true,"href":"https:\/\/www.europesays.com\/fr\/wp-json\/wp\/v2\/users\/2"}],"replies":[{"embeddable":true,"href":"https:\/\/www.europesays.com\/fr\/wp-json\/wp\/v2\/comments?post=109283"}],"version-history":[{"count":0,"href":"https:\/\/www.europesays.com\/fr\/wp-json\/wp\/v2\/posts\/109283\/revisions"}],"wp:featuredmedia":[{"embeddable":true,"href":"https:\/\/www.europesays.com\/fr\/wp-json\/wp\/v2\/media\/109284"}],"wp:attachment":[{"href":"https:\/\/www.europesays.com\/fr\/wp-json\/wp\/v2\/media?parent=109283"}],"wp:term":[{"taxonomy":"category","embeddable":true,"href":"https:\/\/www.europesays.com\/fr\/wp-json\/wp\/v2\/categories?post=109283"},{"taxonomy":"post_tag","embeddable":true,"href":"https:\/\/www.europesays.com\/fr\/wp-json\/wp\/v2\/tags?post=109283"}],"curies":[{"name":"wp","href":"https:\/\/api.w.org\/{rel}","templated":true}]}}