{"id":109289,"date":"2025-05-18T12:07:18","date_gmt":"2025-05-18T12:07:18","guid":{"rendered":"https:\/\/www.europesays.com\/fr\/109289\/"},"modified":"2025-05-18T12:07:18","modified_gmt":"2025-05-18T12:07:18","slug":"comment-sest-passee-la-nuit-de-noces-de-marina-et-david-dans-le-prochain-episode-de-maries-au-premier-regard-2025","status":"publish","type":"post","link":"https:\/\/www.europesays.com\/fr\/109289\/","title":{"rendered":"Comment s&rsquo;est pass\u00e9e la nuit de noces de Marina et David dans le prochain \u00e9pisode de Mari\u00e9s au premier regard 2025 ?"},"content":{"rendered":"<p>Un nouvel \u00e9pisode de Mari\u00e9s au premier regard sera diffus\u00e9 lundi 19 mai sur M6. Mais si vous souhaitez le voir d\u00e8s maintenant, rendez-vous sur M6+ ! Vous retrouverez David et Marina pour leur nuit de noces. Attention, spoilers !<\/p>\n<p>Lundi 19\u00a0mai, vous d\u00e9couvrirez sur M6, ou d\u00e8s maintenant sur M6+, la nuit de noces de Marina et David dans <a href=\"https:\/\/www.programme-tv.net\/news\/tele-realite\/371158-maries-au-premier-regard-2025-date-de-diffusion-deux-expertes-nouveautes-les-premieres-infos-sur-la-saison-9\/\" data-api-deeplink=\"teleloisirs:\/\/news\/371158\" target=\"_blank\" rel=\"noopener\">Mari\u00e9s au premier regard<\/a>. Un mariage qui n&rsquo;\u00e9tait pas garanti, <a href=\"https:\/\/www.programme-tv.net\/news\/tele-realite\/377436-j-ai-chiale-pendant-une-heure-marina-maries-au-premier-regard-devoile-les-coulisses-de-son-voyage-complique-pour-gibraltar\/\" data-api-deeplink=\"teleloisirs:\/\/news\/377436\" target=\"_blank\" rel=\"noopener\">puisque la jeune femme avait de v\u00e9ritables doutes sur le physique de son futur conjoint<\/a>. Mais <b>le jour J, la jeune m\u00e8re de famille a fait face \u00e0 un homme qu&rsquo;elle trouvait plut\u00f4t bel homme et dont le comportement \u00e9tait rassurant. <\/b>David, lui de son c\u00f4t\u00e9 a eu un coup de c\u0153ur. Mais<a href=\"https:\/\/www.programme-tv.net\/news\/tele-realite\/376953-ma-mere-ma-abandonne-david-le-futur-mari-de-marina-maries-au-premier-regard-2025-revient-sur-son-passe-douloureux\/\" data-api-deeplink=\"teleloisirs:\/\/news\/376953\" target=\"_blank\" rel=\"noopener\"> \u00e0 la suite de son abandon \u00e0 la naissance, une peur reste ancr\u00e9e en lui<\/a>. Il craint de ne pas plaire \u00e0 Marina et qu&rsquo;elle d\u00e9cide de partir \u00e0 cause de cela. La nuit de noces qu&rsquo;ils s&rsquo;appr\u00eatent \u00e0 passer va leur permettre de mieux se d\u00e9couvrir, et qui sait, peut-\u00eatre m\u00eame de se rapprocher.<b> Attention, la suite de cet article contient des spoilers\u00a0!<\/b><\/p>\n<p>\u00ab\u00a0J&rsquo;ai envie de dormir avec elle\u00a0\u00bb\u00a0: David (Mari\u00e9s au premier regard 9) veut se rapprocher de Marina<\/p>\n<p>Apr\u00e8s le mariage, <a href=\"https:\/\/www.programme-tv.net\/news\/tele-realite\/378030-marina-maries-au-premier-regard-2025-cash-sur-le-physique-de-david-dans-le-prochain-episode-deja-disponible-le-premier-truc-que-j-ai-vu-c-est-son-crane\/\" data-api-deeplink=\"teleloisirs:\/\/news\/378030\" target=\"_blank\" rel=\"noopener\">Marina et David se retrouvent enfin pour partager leur nuit de noces<\/a>. Le p\u00e8re de famille est un peu stress\u00e9, il aimerait se rapprocher de Marina, mais ne veut pas la brusquer. \u00ab\u00a0Pour cette nuit de noces, ce dont j&rsquo;ai envie, c&rsquo;est de d\u00e9velopper ce c\u00f4t\u00e9 un peu tendre qu&rsquo;on a pu avoir. Pour moi, c&rsquo;est ce qui est important en fait. <b>J&rsquo;ai envie de dormir avec elle<\/b>. Ce que j&rsquo;attends maintenant, c&rsquo;est son autorisation, son consentement\u00a0\u00bb, dit-il. Le jeune mari\u00e9 est sous le charme de la m\u00e8re de famille. \u00ab\u00a0J&rsquo;ai envie que \u00e7a fonctionne r\u00e9ellement\u00a0\u00bb, explique-t-il. \u00c9tant tous les deux \u00e9puis\u00e9s, ils d\u00e9cident d&rsquo;aller se coucher. David aide donc son \u00e9pouse \u00e0 retirer sa robe. Un moment qui se transforme en \u00e9preuve pour lui, \u00e0 cause des nombreux boutons du corset\u00a0! Mais cela leur permet de bien rire ensemble.<\/p>\n<p>                        \u00ab\u00a0J&rsquo;\u00e9tais un peu plus mal \u00e0 l&rsquo;aise par rapport \u00e0 cette d\u00e9cision\u00a0\u00bb\u00a0: David (MAPR 2025) ne sait pas comment amener ce sujet sur la table avec Marina<\/p>\n<p>La question que se posait le plus David en arrivant dans la chambre \u00e0 coucher \u00e9tait celle du lieu o\u00f9 il allait passer la nuit. Mais en sortant de la salle de bains, Marina met les pieds dans le plat\u00a0: \u00ab\u00a0Tu veux dormir de quel c\u00f4t\u00e9\u00a0?\u00a0\u00bb, lui demande-t-elle. <a href=\"https:\/\/www.programme-tv.net\/news\/tele-realite\/377893-david-maries-au-premier-regard-2025-explique-a-marina-comment-ses-filles-ont-reagi-a-l-annonce-de-son-mariage-dans-le-prochain-episode-deja-disponible\/\" data-api-deeplink=\"teleloisirs:\/\/news\/377893\" target=\"_blank\" rel=\"noopener\">Une attention qui touche le jeune homme<\/a>. \u00ab\u00a0Moi, \u00e7a me fait du bien parce que j&rsquo;\u00e9tais un peu plus mal \u00e0 l&rsquo;aise par rapport \u00e0 cette d\u00e9cision\u00a0\u00bb, explique-t-il. Le lendemain matin, les deux tourtereaux semblent combl\u00e9s de leur d\u00e9cision de la veille. La situation n&rsquo;est pas habituelle, et David le ressent bien\u00a0: \u00ab\u00a0<b>C&rsquo;est un peu particulier, parce qu&rsquo;on se r\u00e9veille dans un lieu qu&rsquo;on ne connaissait pas, avec quelqu&rsquo;un qu&rsquo;on ne connaissait pas et avec une bague qu&rsquo;on ne connaissait pas non pl<\/b>us. C&rsquo;est tr\u00e8s sp\u00e9cial, tr\u00e8s bizarre\u00a0\u00bb. Mais le jeune couple est sur son petit nuage. Ce qui ne risque pas de s&rsquo;arr\u00eater puisque leur voyage de noces arrive \u00e0 grands pas\u00a0!<\/p>\n","protected":false},"excerpt":{"rendered":"Un nouvel \u00e9pisode de Mari\u00e9s au premier regard sera diffus\u00e9 lundi 19 mai sur M6. Mais si vous&hellip;\n","protected":false},"author":2,"featured_media":109290,"comment_status":"","ping_status":"","sticky":false,"template":"","format":"standard","meta":{"footnotes":""},"categories":[1356],"tags":[5635,244,16730,58,59,1011,27,494,16729,5214,252,1364],"class_list":{"0":"post-109289","1":"post","2":"type-post","3":"status-publish","4":"format-standard","5":"has-post-thumbnail","7":"category-television","8":"tag-6play","9":"tag-commentaire","10":"tag-david-mariu00e9s-au-premier-regard-9","11":"tag-divertissement","12":"tag-entertainment","13":"tag-fr","14":"tag-france","15":"tag-m6","16":"tag-marina-mariu00e9s-au-premier-regard-9","17":"tag-mariu00e9s-au-premier-regard","18":"tag-television","19":"tag-tv"},"share_on_mastodon":{"url":"https:\/\/pubeurope.com\/@fr\/114528756921081238","error":""},"_links":{"self":[{"href":"https:\/\/www.europesays.com\/fr\/wp-json\/wp\/v2\/posts\/109289","targetHints":{"allow":["GET"]}}],"collection":[{"href":"https:\/\/www.europesays.com\/fr\/wp-json\/wp\/v2\/posts"}],"about":[{"href":"https:\/\/www.europesays.com\/fr\/wp-json\/wp\/v2\/types\/post"}],"author":[{"embeddable":true,"href":"https:\/\/www.europesays.com\/fr\/wp-json\/wp\/v2\/users\/2"}],"replies":[{"embeddable":true,"href":"https:\/\/www.europesays.com\/fr\/wp-json\/wp\/v2\/comments?post=109289"}],"version-history":[{"count":0,"href":"https:\/\/www.europesays.com\/fr\/wp-json\/wp\/v2\/posts\/109289\/revisions"}],"wp:featuredmedia":[{"embeddable":true,"href":"https:\/\/www.europesays.com\/fr\/wp-json\/wp\/v2\/media\/109290"}],"wp:attachment":[{"href":"https:\/\/www.europesays.com\/fr\/wp-json\/wp\/v2\/media?parent=109289"}],"wp:term":[{"taxonomy":"category","embeddable":true,"href":"https:\/\/www.europesays.com\/fr\/wp-json\/wp\/v2\/categories?post=109289"},{"taxonomy":"post_tag","embeddable":true,"href":"https:\/\/www.europesays.com\/fr\/wp-json\/wp\/v2\/tags?post=109289"}],"curies":[{"name":"wp","href":"https:\/\/api.w.org\/{rel}","templated":true}]}}