{"id":109291,"date":"2025-05-18T12:08:11","date_gmt":"2025-05-18T12:08:11","guid":{"rendered":"https:\/\/www.europesays.com\/fr\/109291\/"},"modified":"2025-05-18T12:08:11","modified_gmt":"2025-05-18T12:08:11","slug":"sean-penn-dresse-avec-humour-le-bilan-de-son-mariage-avec-madonna","status":"publish","type":"post","link":"https:\/\/www.europesays.com\/fr\/109291\/","title":{"rendered":"Sean Penn dresse avec humour le bilan de son mariage avec Madonna"},"content":{"rendered":"<p>Sean Penn n\u2019a pas perdu son sens de l\u2019humour au moment d\u2019\u00e9voquer r\u00e9cemment son mariage avec <a href=\"https:\/\/www.20minutes.fr\/arts-stars\/people\/4153212-20250513-madonna-devrait-enfin-raconter-ecran-taylor-swift-celebre-fete-meres-belle-famille\" rel=\"nofollow noopener\" target=\"_blank\" class=\"color-ultramarine c-link\">Madonna<\/a>. Interrog\u00e9 dans le podcast de Louis Theroux au sujet des propos de son ex-femme qui, dans son documentaire Madonna\u00a0: Truth Or Dare de\u00a01991, le qualifiait \u00ab\u00a0d\u2019amour de sa vie\u00a0\u00bb, <a href=\"https:\/\/www.20minutes.fr\/arts-stars\/people\/4151913-20250505-sean-penn-pense-donald-trump-pourrait-tenter-detruire-monde\" rel=\"nofollow noopener\" target=\"_blank\" class=\"color-ultramarine c-link\">l\u2019acteur<\/a> a su prendre les choses avec philosophie.<\/p>\n<p>\u00ab\u00a0Elle a \u00e9t\u00e9 tr\u00e8s gentille de dire \u00e7a\u00a0\u00bb, a-t-il <a href=\"https:\/\/open.spotify.com\/episode\/2kyFkS5R2yynjfBcT1IttL\" rel=\"nofollow noopener\" target=\"_blank\" class=\"color-ultramarine c-link\">confi\u00e9<\/a> avant d\u2019ajouter avec une pointe d\u2019ironie\u00a0: \u00ab\u00a0Nous n\u2019avons pas mis longtemps \u00e0 comprendre que nous avions confondu un bon premier rendez-vous avec un mariage r\u00e9ussi [\u2026] mais il y avait beaucoup d\u2019alcool impliqu\u00e9 et elle m\u2019accusait &#8211; \u00e0 juste titre \u2013 de cela\u00a0\u00bb.<\/p>\n<p>Une belle amiti\u00e9<\/p>\n<p>Sean Penn, qui fut mari\u00e9 \u00e0 la <a href=\"https:\/\/www.20minutes.fr\/arts-stars\/people\/4098520-20240629-sean-penn-aborde-accusations-violence-encontre-envers-madonna-1987\" rel=\"nofollow noopener\" target=\"_blank\" class=\"color-ultramarine c-link\">reine de la pop<\/a> de\u00a01985 \u00e0\u00a01989, garde n\u00e9anmoins de bons souvenirs de cette p\u00e9riode. \u00ab\u00a0Nous sommes redevenus amis assez rapidement apr\u00e8s notre divorce, peut-\u00eatre au bout d\u2019un an, a-t-il expliqu\u00e9 \u00e0 Louis Theroux. J\u2019ai beaucoup de bons souvenirs de cette \u00e9poque. Ce n\u2019\u00e9tait pas que de la prison\u00a0!\u00a0\u00bb Une fa\u00e7on pour l\u2019acteur de d\u00e9dramatiser cette union tumultueuse qui avait r\u00e9guli\u00e8rement fait la Une des tablo\u00efds.<\/p>\n<p>Sean Penn a ensuite \u00e9t\u00e9 mari\u00e9 \u00e0 l\u2019actrice Robin Wright, avec qui il partage une fille, Dylan Frances, n\u00e9e en\u00a01991, et un gar\u00e7on, Hopper Jack, n\u00e9 en\u00a01993. L\u2019acteur s\u2019est remari\u00e9 avec la com\u00e9dienne Leila George en\u00a02020. Mais ces noces ont \u00e9t\u00e9 de courte dur\u00e9e, puisque le couple a divorc\u00e9 l\u2019ann\u00e9e suivante.<\/p>\n","protected":false},"excerpt":{"rendered":"Sean Penn n\u2019a pas perdu son sens de l\u2019humour au moment d\u2019\u00e9voquer r\u00e9cemment son mariage avec Madonna. Interrog\u00e9&hellip;\n","protected":false},"author":2,"featured_media":109292,"comment_status":"","ping_status":"","sticky":false,"template":"","format":"standard","meta":{"footnotes":""},"categories":[1355],"tags":[650,58,59,1011,27,6239,1361,873,973,15939,133],"class_list":{"0":"post-109291","1":"post","2":"type-post","3":"status-publish","4":"format-standard","5":"has-post-thumbnail","7":"category-musique","8":"tag-cinema","9":"tag-divertissement","10":"tag-entertainment","11":"tag-fr","12":"tag-france","13":"tag-madonna","14":"tag-music","15":"tag-musique","16":"tag-people","17":"tag-sean-penn","18":"tag-video"},"share_on_mastodon":{"url":"https:\/\/pubeurope.com\/@fr\/114528760813811071","error":""},"_links":{"self":[{"href":"https:\/\/www.europesays.com\/fr\/wp-json\/wp\/v2\/posts\/109291","targetHints":{"allow":["GET"]}}],"collection":[{"href":"https:\/\/www.europesays.com\/fr\/wp-json\/wp\/v2\/posts"}],"about":[{"href":"https:\/\/www.europesays.com\/fr\/wp-json\/wp\/v2\/types\/post"}],"author":[{"embeddable":true,"href":"https:\/\/www.europesays.com\/fr\/wp-json\/wp\/v2\/users\/2"}],"replies":[{"embeddable":true,"href":"https:\/\/www.europesays.com\/fr\/wp-json\/wp\/v2\/comments?post=109291"}],"version-history":[{"count":0,"href":"https:\/\/www.europesays.com\/fr\/wp-json\/wp\/v2\/posts\/109291\/revisions"}],"wp:featuredmedia":[{"embeddable":true,"href":"https:\/\/www.europesays.com\/fr\/wp-json\/wp\/v2\/media\/109292"}],"wp:attachment":[{"href":"https:\/\/www.europesays.com\/fr\/wp-json\/wp\/v2\/media?parent=109291"}],"wp:term":[{"taxonomy":"category","embeddable":true,"href":"https:\/\/www.europesays.com\/fr\/wp-json\/wp\/v2\/categories?post=109291"},{"taxonomy":"post_tag","embeddable":true,"href":"https:\/\/www.europesays.com\/fr\/wp-json\/wp\/v2\/tags?post=109291"}],"curies":[{"name":"wp","href":"https:\/\/api.w.org\/{rel}","templated":true}]}}