{"id":109295,"date":"2025-05-18T12:10:08","date_gmt":"2025-05-18T12:10:08","guid":{"rendered":"https:\/\/www.europesays.com\/fr\/109295\/"},"modified":"2025-05-18T12:10:08","modified_gmt":"2025-05-18T12:10:08","slug":"pourquoi-les-femmes-entendent-plus-fort-que-les-hommes","status":"publish","type":"post","link":"https:\/\/www.europesays.com\/fr\/109295\/","title":{"rendered":"Pourquoi les femmes entendent plus fort que les hommes"},"content":{"rendered":"<p>La sensibilit\u00e9 auditive varie en fonction du sexe, mais aussi de l\u2019environnement\u00a0: les populations vivant en for\u00eat entendent mieux que celles en altitude, et les ruraux mieux que les citadins, d\u00e9taille une vaste \u00e9tude internationale men\u00e9e par une chercheuse fran\u00e7aise.<\/p>\n<p class=\"fig-paragraph\">Un couple, dans une voiture, sur la route du soleil. Gris\u00e9 par le d\u00e9but des vacances, l\u2019homme\u00a0<a href=\"https:\/\/sante.lefigaro.fr\/mieux-etre\/environnement\/bruit\/quest-ce-que-bruit\" target=\"_blank\" data-fig-type=\"Keyword\" rel=\"noopener\" data-gtm-custom-categorie=\"navigation\" data-gtm-custom-action=\"crossclick\" data-gtm-custom-label=\"Contextuel\" data-gtm-event=\"customEventSPE\" data-fig-domain=\"SANTE\">monte le son<\/a>\u00a0de l\u2019autoradio pour profiter du tube du moment. Sa compagne se bouche les oreilles\u00a0: \u00ab\u00a0Mais c\u2019est beaucoup trop fort\u00a0!\u00a0\u00bb Cette sc\u00e8ne de m\u00e9nage aurait-elle des explications scientifiques\u00a0? Une vaste \u00e9tude internationale men\u00e9e par Patricia Balaresque, du centre de recherche sur la biodiversit\u00e9 et l\u2019environnement au CNRS de Toulouse, montre que les femmes ont une\u00a0<a href=\"https:\/\/sante.lefigaro.fr\/article\/l-ouie-un-sens-precieux-trop-souvent-neglige#:~:text=Syst%C3%A8me%20auditif%20en%20danger%20au,syst%C3%A8me%20auditif%20est%20en%20danger.\" target=\"_blank\" data-fig-type=\"Article\" rel=\"noopener\" data-gtm-custom-categorie=\"navigation\" data-gtm-custom-action=\"crossclick\" data-gtm-custom-label=\"Contextuel\" data-gtm-event=\"customEventSPE\" data-fig-domain=\"SANTE\">sensibilit\u00e9 auditive<\/a>\u00a0plus importante. Le sexe serait ainsi le premier facteur influen\u00e7ant la sensibilit\u00e9 auditive, suivi de l\u2019environnement,\u00a0<a href=\"https:\/\/sante.lefigaro.fr\/actualite\/2012\/03\/13\/17783-perte-laudition-avec-lage-est-elle-banale\" data-fig-type=\"Article\" data-gtm-custom-categorie=\"navigation\" data-gtm-custom-action=\"crossclick\" data-gtm-custom-label=\"Contextuel\" data-gtm-event=\"customEventSPE\" data-fig-domain=\"SANTE\" target=\"_blank\" rel=\"noopener\">devant l\u2019\u00e2ge<\/a>, d\u00e9montre cette \u00e9tude men\u00e9e de 2018 \u00e0 2025 dans cinq pays diff\u00e9rents. Alors que l\u2019OMS estime qu\u2019en 2050, une personne sur quatre aura\u00a0<a href=\"http:\/\/www.lefigaro.fr\/sciences\/une-personne-sur-4-fera-face-a-des-problemes-d-audition-en-2050-selon-l-oms-20210302\" data-fig-type=\"NewsFlash\" data-gtm-custom-categorie=\"navigation\" data-gtm-custom-action=\"crossclick\" data-gtm-custom-label=\"Contextuel\" data-gtm-event=\"customEventSPE\" data-fig-domain=\"LEFIGARO\" target=\"_blank\" rel=\"noopener\">des probl\u00e8mes d\u2019audition<\/a>, soit une multiplication de 1,5 du nombre de personnes concern\u00e9es, ces r\u00e9sultats apportent de nouvelles pistes pour comprendre le ph\u00e9nom\u00e8ne.<\/p>\n<p class=\"fig-paragraph\">Pour parvenir \u00e0 ces r\u00e9sultats\u00a0<a href=\"https:\/\/www.nature.com\/articles\/s41598-025-92763-6\" target=\"_blank\" rel=\"nofollow noopener\" data-gtm-custom-categorie=\"navigation\" data-gtm-custom-action=\"crossclick\" data-gtm-custom-label=\"Contextuel\" data-gtm-event=\"customEventSPE\">publi\u00e9s dans la revue Nature<\/a><\/p>\n<p class=\"fig-premium-paywall__infos\">\n        Cet article est r\u00e9serv\u00e9 aux abonn\u00e9s.        Il vous reste 88% \u00e0 d\u00e9couvrir.\n    <\/p>\n<p>                <img  data- alt=\"Le Figaro\" class=\"fig-img--complete fig-img\"\/><\/p>\n<p class=\"fig-premium-paywall__title\">Vente Flash<\/p>\n<p class=\"fig-premium-paywall__subtitle\">4,99\u20ac par mois pendant 12 mois. Sans engagement.<\/p>\n<p class=\"fig-premium-paywall__connect\">\n                D\u00e9j\u00e0 abonn\u00e9\u00a0?                <a class=\"fig-premium-paywall__connect-link\" href=\"https:\/\/connect.lefigaro.fr\/login?client=sante_web&amp;type=main&amp;redirect_uri=https%3A%2F%2Fsante.lefigaro.fr%2Fmedecine%2Fpourquoi-les-femmes-entendent-plus-fort-que-les-hommes-20250518\" data-js-gtm=\"{&quot;customCategorie&quot;: &quot;conversion&quot;, &quot;customAction&quot;: &quot;before_Landing_Connexion_paywall_auto&quot;, &quot;customLabel&quot;: &quot;c2FudGUubGVmaWdhcm8uZnJfXzFmMDMyNmYyLTA0NmEtNjgyNi04NDczLWM1NjAzYjA5YTE3Zl9fQXJ0aWNsZQ==_Pourquoi les femmes entendent plus fort que les hommes_57&quot;, &quot;customIDSPE&quot;: &quot;c2FudGUubGVmaWdhcm8uZnJfXzFmMDMyNmYyLTA0NmEtNjgyNi04NDczLWM1NjAzYjA5YTE3Zl9fQXJ0aWNsZQ==&quot;, &quot;event&quot;: &quot;customEventSPE&quot;}\" target=\"_blank\" rel=\"noopener\"><br \/>\n                    Connectez-vous<br \/>\n                <\/a>\n            <\/p>\n","protected":false},"excerpt":{"rendered":"La sensibilit\u00e9 auditive varie en fonction du sexe, mais aussi de l\u2019environnement\u00a0: les populations vivant en for\u00eat entendent&hellip;\n","protected":false},"author":2,"featured_media":109296,"comment_status":"","ping_status":"","sticky":false,"template":"","format":"standard","meta":{"footnotes":""},"categories":[10],"tags":[237,846,18944,101,232,231,234,228,1011,27,22747,72,239,230,238,226,224,225,233,229,236,235,71,227],"class_list":{"0":"post-109295","1":"post","2":"type-post","3":"status-publish","4":"format-standard","5":"has-post-thumbnail","7":"category-sante","8":"tag-actualite-sur-les-maladies","9":"tag-adn","10":"tag-audition","11":"tag-cancer","12":"tag-cardiologie","13":"tag-cerveau","14":"tag-diabete","15":"tag-diagnostic","16":"tag-fr","17":"tag-france","18":"tag-genetique","19":"tag-health","20":"tag-info-sur-les-maladies","21":"tag-infographie","22":"tag-information-sur-les-maladies","23":"tag-maladie","24":"tag-medecine","25":"tag-medicament","26":"tag-obesite","27":"tag-pathologie","28":"tag-pediatrie","29":"tag-psychiatrie","30":"tag-sante","31":"tag-traitement"},"share_on_mastodon":{"url":"https:\/\/pubeurope.com\/@fr\/114528768757418784","error":""},"_links":{"self":[{"href":"https:\/\/www.europesays.com\/fr\/wp-json\/wp\/v2\/posts\/109295","targetHints":{"allow":["GET"]}}],"collection":[{"href":"https:\/\/www.europesays.com\/fr\/wp-json\/wp\/v2\/posts"}],"about":[{"href":"https:\/\/www.europesays.com\/fr\/wp-json\/wp\/v2\/types\/post"}],"author":[{"embeddable":true,"href":"https:\/\/www.europesays.com\/fr\/wp-json\/wp\/v2\/users\/2"}],"replies":[{"embeddable":true,"href":"https:\/\/www.europesays.com\/fr\/wp-json\/wp\/v2\/comments?post=109295"}],"version-history":[{"count":0,"href":"https:\/\/www.europesays.com\/fr\/wp-json\/wp\/v2\/posts\/109295\/revisions"}],"wp:featuredmedia":[{"embeddable":true,"href":"https:\/\/www.europesays.com\/fr\/wp-json\/wp\/v2\/media\/109296"}],"wp:attachment":[{"href":"https:\/\/www.europesays.com\/fr\/wp-json\/wp\/v2\/media?parent=109295"}],"wp:term":[{"taxonomy":"category","embeddable":true,"href":"https:\/\/www.europesays.com\/fr\/wp-json\/wp\/v2\/categories?post=109295"},{"taxonomy":"post_tag","embeddable":true,"href":"https:\/\/www.europesays.com\/fr\/wp-json\/wp\/v2\/tags?post=109295"}],"curies":[{"name":"wp","href":"https:\/\/api.w.org\/{rel}","templated":true}]}}