{"id":109299,"date":"2025-05-18T12:12:10","date_gmt":"2025-05-18T12:12:10","guid":{"rendered":"https:\/\/www.europesays.com\/fr\/109299\/"},"modified":"2025-05-18T12:12:10","modified_gmt":"2025-05-18T12:12:10","slug":"le-festival-de-cranes-de-michael-youn-et-kev-adams-on-dirait-vincent-lagaf-et-jack-nicholson-jeunes","status":"publish","type":"post","link":"https:\/\/www.europesays.com\/fr\/109299\/","title":{"rendered":"Le Festival de cr\u00e2nes de Michael Youn et Kev Adams\u00a0: \u00ab\u00a0On dirait Vincent Lagaf et Jack Nicholson jeunes\u2026\u00a0\u00bb"},"content":{"rendered":"<p class=\"ap-StoryElement ap-StoryElement--mb ap-StoryText\">Plus tard, le duo a post\u00e9 sur Instagram une photo en compagnie de Quentin Tarantino. Agr\u00e9ment\u00e9e de cette l\u00e9gende de Michael Youn : \u00ab\u00a0Le jour o\u00f9 tu croises ton idole, tu as cette gueule-l\u00e0\u2026\u00a0\u00bb<\/p>\n<p><img loading=\"lazy\" decoding=\"async\" class=\"w-full lazyload lazyload--opacity object-contain\" style=\"aspect-ratio:75 \/ 100;opacity:1\" alt=\"Kev Adams et Michael Youn sur le tapis rouge, en compagnie de Quentin Tarantino.\" width=\"768\" height=\"1028\" fetchpriority=\"auto\" src=\"https:\/\/www.europesays.com\/fr\/wp-content\/uploads\/2025\/04\/1743819792_235_S5VKD3X55FFF3BW6V4SEHXNP7I.png\"  data- data-optimumx=\"1\"\/>Kev Adams et Michael Youn sur le tapis rouge, en compagnie de Quentin Tarantino. \u00a9Instagram\/Michael Youn<\/p>\n<p class=\"ap-StoryElement ap-StoryElement--mb ap-StoryText\">Pour l&rsquo;humour, il n&rsquo;y a rien \u00e0 redire. Pour le glamour, c&rsquo;est autre chose. Mais quelle pub pour le film de Camille Delamarre, avec aussi Chantal Ladesou et Rayane Bensetti, attendu en salle le 16 juillet. Dont voici le synopsis officiel : \u00ab\u00a0Zacharie, tout juste trentenaire, file le parfait amour avec Romy. Du jour au lendemain, cette derni\u00e8re le quitte lorsqu&rsquo;elle comprend ce que le futur lui r\u00e9serve : une calvitie pr\u00e9coce. Dans six mois, il sera chauve comme un genou. Pour l&rsquo;\u00e9pauler, Il contacte son oncle Joseph qui conna\u00eet bien le sujet. Au fil de rencontres improbables, de traitements chocs et de strat\u00e9gies bancales, il va devoir se battre contre son destin.\u00a0\u00bb<\/p>\n","protected":false},"excerpt":{"rendered":"Plus tard, le duo a post\u00e9 sur Instagram une photo en compagnie de Quentin Tarantino. Agr\u00e9ment\u00e9e de cette&hellip;\n","protected":false},"author":2,"featured_media":109300,"comment_status":"","ping_status":"","sticky":false,"template":"","format":"standard","meta":{"footnotes":""},"categories":[8],"tags":[650,58,59,5634,1011,27,6787,1313],"class_list":{"0":"post-109299","1":"post","2":"type-post","3":"status-publish","4":"format-standard","5":"has-post-thumbnail","7":"category-divertissement","8":"tag-cinema","9":"tag-divertissement","10":"tag-entertainment","11":"tag-festival-de-cannes","12":"tag-fr","13":"tag-france","14":"tag-kev-adams","15":"tag-michael-youn"},"share_on_mastodon":{"url":"https:\/\/pubeurope.com\/@fr\/114528776779517238","error":""},"_links":{"self":[{"href":"https:\/\/www.europesays.com\/fr\/wp-json\/wp\/v2\/posts\/109299","targetHints":{"allow":["GET"]}}],"collection":[{"href":"https:\/\/www.europesays.com\/fr\/wp-json\/wp\/v2\/posts"}],"about":[{"href":"https:\/\/www.europesays.com\/fr\/wp-json\/wp\/v2\/types\/post"}],"author":[{"embeddable":true,"href":"https:\/\/www.europesays.com\/fr\/wp-json\/wp\/v2\/users\/2"}],"replies":[{"embeddable":true,"href":"https:\/\/www.europesays.com\/fr\/wp-json\/wp\/v2\/comments?post=109299"}],"version-history":[{"count":0,"href":"https:\/\/www.europesays.com\/fr\/wp-json\/wp\/v2\/posts\/109299\/revisions"}],"wp:featuredmedia":[{"embeddable":true,"href":"https:\/\/www.europesays.com\/fr\/wp-json\/wp\/v2\/media\/109300"}],"wp:attachment":[{"href":"https:\/\/www.europesays.com\/fr\/wp-json\/wp\/v2\/media?parent=109299"}],"wp:term":[{"taxonomy":"category","embeddable":true,"href":"https:\/\/www.europesays.com\/fr\/wp-json\/wp\/v2\/categories?post=109299"},{"taxonomy":"post_tag","embeddable":true,"href":"https:\/\/www.europesays.com\/fr\/wp-json\/wp\/v2\/tags?post=109299"}],"curies":[{"name":"wp","href":"https:\/\/api.w.org\/{rel}","templated":true}]}}