{"id":109305,"date":"2025-05-18T12:15:08","date_gmt":"2025-05-18T12:15:08","guid":{"rendered":"https:\/\/www.europesays.com\/fr\/109305\/"},"modified":"2025-05-18T12:15:08","modified_gmt":"2025-05-18T12:15:08","slug":"netanyahou-se-dit-ouvert-a-un-accord-incluant-la-fin-de-loffensive-a-gaza","status":"publish","type":"post","link":"https:\/\/www.europesays.com\/fr\/109305\/","title":{"rendered":"Netanyahou se dit ouvert \u00e0 un accord incluant la fin de l&rsquo;offensive \u00e0 Gaza"},"content":{"rendered":"<p>Des raids isra\u00e9liens meurtriers ont eu lieu ce week-end. Trente-trois personnes ont \u00e9t\u00e9 tu\u00e9es dans la nuit de samedi \u00e0 dimanche.<\/p>\n<p class=\"fig-paragraph\">Le premier ministre isra\u00e9lien Benjamin Netanyahou s&rsquo;est dit dimanche ouvert \u00e0 un accord incluant\u00a0<a href=\"http:\/\/www.lefigaro.fr\/international\/l-armee-israelienne-intensifie-ses-operations-dans-la-bande-de-gaza-20250516\" data-fig-type=\"Article\" data-gtm-custom-categorie=\"navigation\" data-gtm-custom-action=\"crossclick\" data-gtm-custom-label=\"Contextuel\" data-gtm-event=\"customEventSPE\" data-fig-domain=\"LEFIGARO\" target=\"_blank\" rel=\"noopener\">la fin de l&rsquo;offensive de son arm\u00e9e dans la bande de Gaza<\/a>, o\u00f9 des dizaines de Palestiniens, la plupart des enfants, ont \u00e9t\u00e9 tu\u00e9s dans de\u00a0<a href=\"http:\/\/www.lefigaro.fr\/international\/a-gaza-tous-les-hopitaux-publics-seraient-hors-service-dans-le-nord-de-l-enclave-20250518\" data-fig-type=\"NewsFlash\" data-gtm-custom-categorie=\"navigation\" data-gtm-custom-action=\"crossclick\" data-gtm-custom-label=\"Contextuel\" data-gtm-event=\"customEventSPE\" data-fig-domain=\"LEFIGARO\" target=\"_blank\" rel=\"noopener\">nouvelles frappes<\/a>.<\/p>\n<p class=\"fig-paragraph\">Mais Netanyahou a aussi affirm\u00e9 que l&rsquo;accord devrait inclure l&rsquo;\u00abexil\u00bb du\u00a0<a href=\"http:\/\/www.lefigaro.fr\/international\/israel-qu-est-ce-que-le-hamas-l-organisation-a-l-origine-du-11-septembre-israelien-20231009\" data-fig-type=\"Article\" data-gtm-custom-categorie=\"navigation\" data-gtm-custom-action=\"crossclick\" data-gtm-custom-label=\"Contextuel\" data-gtm-event=\"customEventSPE\" data-fig-domain=\"LEFIGARO\" target=\"_blank\" rel=\"noopener\">mouvement islamiste Hamas<\/a>\u00a0et le \u00abd\u00e9sarmement\u00bb du territoire palestinien assi\u00e9g\u00e9 et d\u00e9vast\u00e9 par plus de 19 mois de guerre, selon un communiqu\u00e9 de son bureau.<\/p>\n<p class=\"fig-paragraph\">Ces d\u00e9clarations sont intervenues au lendemain de l&rsquo;annonce de l&rsquo;arm\u00e9e qu&rsquo;elle intensifiait sa campagne a\u00e9rienne et terrestre \u00e0 Gaza dans le but d&rsquo;obtenir la lib\u00e9ration des otages isra\u00e9liens retenus par le Hamas et de d\u00e9faire ce mouvement. L&rsquo;intensification des op\u00e9rations a soulev\u00e9 des critiques \u00e0 l&rsquo;international.<\/p>\n<p>Reprise \u00absans condition pr\u00e9alable\u00bb des n\u00e9gociations<\/p>\n<p class=\"fig-paragraph\">\u00abL&rsquo;\u00e9quipe de n\u00e9gociation \u00e0 Doha s&rsquo;efforce d&rsquo;\u00e9puiser toutes les possibilit\u00e9s d&rsquo;accord\u00bb, a indiqu\u00e9 le bureau de Benyamin Netanyahou, \u00abque ce soit dans le cadre du plan (propos\u00e9 par l&rsquo;\u00e9missaire am\u00e9ricain Steve) Witkoff ou dans le cadre d&rsquo;une fin des combats qui inclurait la lib\u00e9ration de tous les otages, l&rsquo;exil des terroristes du Hamas et le d\u00e9sarmement de Gaza\u00bb.<\/p>\n<p class=\"fig-paragraph\">Son gouvernement avait pourtant approuv\u00e9 d\u00e9but mai un plan pour \u00abla conqu\u00eate\u00bb de Gaza et un d\u00e9placement de sa population, semblant alors \u00e9carter toute n\u00e9gociation.<\/p>\n<p class=\"fig-paragraph\">Le jour de l&rsquo;intensification des op\u00e9rations isra\u00e9liennes samedi, le Hamas, qui a pris le pouvoir \u00e0 Gaza en 2007, a annonc\u00e9 la reprise \u00absans condition pr\u00e9alable\u00bb des n\u00e9gociations indirectes avec Isra\u00ebl au Qatar, pays m\u00e9diateur.<\/p>\n<p>Toute aide humanitaire vitale est bloqu\u00e9e<\/p>\n<p class=\"fig-paragraph\">Isra\u00ebl a repris le 18 mars ses bombardements \u00e0 Gaza, apr\u00e8s le blocage des n\u00e9gociations pour prolonger une tr\u00eave qui a dur\u00e9 deux mois. En outre, depuis le 2 mars, il bloque l&rsquo;entr\u00e9e de toute aide humanitaire vitale pour les 2,4 millions d&rsquo;habitants du territoire.<\/p>\n<p class=\"fig-paragraph\">Dimanche, les bombardements isra\u00e9liens ont encore tu\u00e9, le porte-parole de la D\u00e9fense civile, Mahmoud Bassal, faisant \u00e9tat de\u00a0<a href=\"http:\/\/www.lefigaro.fr\/international\/gaza-33-morts-dans-des-frappes-israeliennes-selon-la-defense-civile-20250518\" data-fig-type=\"NewsFlash\" data-gtm-custom-categorie=\"navigation\" data-gtm-custom-action=\"crossclick\" data-gtm-custom-label=\"Contextuel\" data-gtm-event=\"customEventSPE\" data-fig-domain=\"LEFIGARO\" target=\"_blank\" rel=\"noopener\">\u00ab33 martyrs dont plus de la moiti\u00e9 sont des enfants\u00bb.\u00a0<\/a>Vingt-deux Palestiniens ont p\u00e9ri dans des frappes \u00absur des tentes de d\u00e9plac\u00e9s \u00e0 Al-Mawassi\u00bb (sud), sept dans un raid contre leur maison \u00e0 Jabalia (nord) et quatre \u00e0 Al-Zawayda (centre) et Khan Youn\u00e8s (sud), selon lui.<\/p>\n<p class=\"fig-paragraph\">\u00c0 l&rsquo;h\u00f4pital Nasser de Khan Youn\u00e8s, des corps couverts de draps blancs sur lesquels sont inscrits les noms des morts sont align\u00e9s \u00e0 m\u00eame le sol, selon des images de l&rsquo;AFP. \u00c0 c\u00f4t\u00e9, des proches pleurent.<\/p>\n<p class=\"fig-paragraph\">Sur le lieu des frappes \u00e0 Al-Mawassi, des Palestiniens tentent de r\u00e9cup\u00e9rer ce qui reste de leurs effets apr\u00e8s la destruction de leurs tentes. \u00abJ&rsquo;ai entendu le bruit des explosions, puis les vitres et les pierres sont tomb\u00e9es sur moi. Il n&rsquo;y avait que poussi\u00e8re\u00bb, raconte Saleh Hamida apr\u00e8s la frappe qui a d\u00e9truit une habitation voisine \u00e0 al-Zawayda.<\/p>\n<p>H\u00f4pitaux hors service<\/p>\n<p class=\"fig-paragraph\">Le minist\u00e8re de la Sant\u00e9 du Hamas a indiqu\u00e9 que \u00abl&rsquo;occupation isra\u00e9lienne a intensifi\u00e9 son si\u00e8ge, avec des tirs nourris autour de l&rsquo;h\u00f4pital indon\u00e9sien (\u00e0 Beit Lahia), emp\u00eachant l&rsquo;arriv\u00e9e des patients, du personnel m\u00e9dical et des fournitures m\u00e9dicales, ce qui a contraint l&rsquo;h\u00f4pital \u00e0 fermer\u00bb. \u00abTous les h\u00f4pitaux publics du gouvernorat de Gaza, dans le nord, sont d\u00e9sormais hors service\u00bb, a-t-il dit.<\/p>\n<p class=\"fig-paragraph\">Apr\u00e8s l&rsquo;expansion de l&rsquo;offensive isra\u00e9lienne, les appels se sont multipli\u00e9s pour cesser la guerre. Il faut \u00abarr\u00eater le massacre \u00e0 Gaza\u00bb, a dit le premier ministre espagnol Pedro Sanchez. \u00ab\u00c7a suffit\u00bb, a lanc\u00e9 le chef de la diplomatie italienne Antonio Tajani. \u00abTout un peuple est soumis \u00e0 une force militaire \u00e9crasante et disproportionn\u00e9e\u00bb, a d\u00e9clar\u00e9 le pr\u00e9sident du Conseil europ\u00e9en Antonio Costa.<\/p>\n<p>Manifestation \u00e0 Tel Aviv contre Netanyahou<\/p>\n<p class=\"fig-paragraph\">Et \u00e0 Tel-Aviv, une foule d&rsquo;Isra\u00e9liens a de nouveau protest\u00e9 samedi soir contre Netanyahou. \u00ab589 jours d&rsquo;enfer depuis le massacre du 7 octobre. Et au lieu de ramener tous les otages \u00e0 la maison (&#8230;), Netanyahou nous entra\u00eene dans une guerre politique inutile qui m\u00e8nera \u00e0 la mort des otages et des soldats\u00bb, a d\u00e9clar\u00e9 l&rsquo;un des manifestants, Zahiro Shahar Mor, neveu d&rsquo;un otage tu\u00e9, Avraham Munder.<\/p>\n<p class=\"fig-paragraph\">L&rsquo;attaque du 7-Octobre a entra\u00een\u00e9 la mort de 1.218 personnes c\u00f4t\u00e9 isra\u00e9lien, en majorit\u00e9 des civils, selon un d\u00e9compte de l&rsquo;AFP bas\u00e9 sur des donn\u00e9es officielles. Sur les 251 personnes alors enlev\u00e9es, 57 restent retenues \u00e0 Gaza, dont 34 d\u00e9clar\u00e9es mortes par l&rsquo;arm\u00e9e.<\/p>\n<p class=\"fig-paragraph\">Les repr\u00e9sailles isra\u00e9liennes ont fait au moins 53.339 morts \u00e0 Gaza, en majorit\u00e9 des civils, selon les derni\u00e8res donn\u00e9es du minist\u00e8re de la Sant\u00e9 du Hamas, jug\u00e9es fiables par l&rsquo;ONU.<\/p>\n","protected":false},"excerpt":{"rendered":"Des raids isra\u00e9liens meurtriers ont eu lieu ce week-end. Trente-trois personnes ont \u00e9t\u00e9 tu\u00e9es dans la nuit de&hellip;\n","protected":false},"author":2,"featured_media":109306,"comment_status":"","ping_status":"","sticky":false,"template":"","format":"standard","meta":{"footnotes":""},"categories":[5],"tags":[1111,47,11,1109,1112,118,1108,107,1106,1107,1011,27,1110,1114,14,12,1113,316,28],"class_list":{"0":"post-109305","1":"post","2":"type-post","3":"status-publish","4":"format-standard","5":"has-post-thumbnail","7":"category-international","8":"tag-actu","9":"tag-actualite","10":"tag-actualites","11":"tag-breves","12":"tag-depeches","13":"tag-faits-divers","14":"tag-fil","15":"tag-fil-info","16":"tag-flash","17":"tag-flash-actu","18":"tag-fr","19":"tag-france","20":"tag-informations","21":"tag-infos","22":"tag-international","23":"tag-news","24":"tag-nouvelles","25":"tag-politique","26":"tag-world"},"share_on_mastodon":{"url":"https:\/\/pubeurope.com\/@fr\/114528788364917993","error":""},"_links":{"self":[{"href":"https:\/\/www.europesays.com\/fr\/wp-json\/wp\/v2\/posts\/109305","targetHints":{"allow":["GET"]}}],"collection":[{"href":"https:\/\/www.europesays.com\/fr\/wp-json\/wp\/v2\/posts"}],"about":[{"href":"https:\/\/www.europesays.com\/fr\/wp-json\/wp\/v2\/types\/post"}],"author":[{"embeddable":true,"href":"https:\/\/www.europesays.com\/fr\/wp-json\/wp\/v2\/users\/2"}],"replies":[{"embeddable":true,"href":"https:\/\/www.europesays.com\/fr\/wp-json\/wp\/v2\/comments?post=109305"}],"version-history":[{"count":0,"href":"https:\/\/www.europesays.com\/fr\/wp-json\/wp\/v2\/posts\/109305\/revisions"}],"wp:featuredmedia":[{"embeddable":true,"href":"https:\/\/www.europesays.com\/fr\/wp-json\/wp\/v2\/media\/109306"}],"wp:attachment":[{"href":"https:\/\/www.europesays.com\/fr\/wp-json\/wp\/v2\/media?parent=109305"}],"wp:term":[{"taxonomy":"category","embeddable":true,"href":"https:\/\/www.europesays.com\/fr\/wp-json\/wp\/v2\/categories?post=109305"},{"taxonomy":"post_tag","embeddable":true,"href":"https:\/\/www.europesays.com\/fr\/wp-json\/wp\/v2\/tags?post=109305"}],"curies":[{"name":"wp","href":"https:\/\/api.w.org\/{rel}","templated":true}]}}