{"id":109309,"date":"2025-05-18T12:17:09","date_gmt":"2025-05-18T12:17:09","guid":{"rendered":"https:\/\/www.europesays.com\/fr\/109309\/"},"modified":"2025-05-18T12:17:09","modified_gmt":"2025-05-18T12:17:09","slug":"il-ne-parle-pas-ne-marche-pas-teheiura-candidat-emblematique-de-koh-lanta-evoque-pour-la-premiere-fois-la-maladie-rare-de-son-fils","status":"publish","type":"post","link":"https:\/\/www.europesays.com\/fr\/109309\/","title":{"rendered":"\u00ab\u00a0Il ne parle pas, ne marche pas\u00a0\u00bb\u00a0: Teheiura, candidat embl\u00e9matique de Koh-Lanta, \u00e9voque pour la premi\u00e8re fois la maladie rare de son fils"},"content":{"rendered":"<p class=\"paragraph text_align_left\">\u00ab Il a 5 ans, et c\u2019est un petit gar\u00e7on tr\u00e8s sp\u00e9cial \u00bb. D\u2019un naturel tr\u00e8s discret, <a href=\"https:\/\/www.leparisien.fr\/culture-loisirs\/tv\/tricherie-a-koh-lanta-jai-eu-un-grand-moment-de-faiblesse-confesse-teheiura-09-11-2021-HSTHRTT7W5AYBMRYYVVEPBPGIY.php\" target=\"_self\" rel=\"nofollow noopener\">Teheiura <\/a>ne parle que tr\u00e8s rarement de sa vie priv\u00e9e. Pourtant, l\u2019ancien candidat de <a href=\"https:\/\/www.leparisien.fr\/culture-loisirs\/tv\/tricheries-a-koh-lanta-comment-sen-sortent-claude-laurent-et-teheiura-22-02-2022-LE73JBDBOFCPNHF3NHZRTIP35M.php\" target=\"_self\" rel=\"nofollow noopener\">Koh-Lanta<\/a>, a d\u00e9cid\u00e9 de prendre la parole samedi 17 mai \u00ab parce qu\u2019il est temps \u00bb et \u00ab parce qu\u2019aujourd\u2019hui (\u2026) c\u2019est l\u2019anniversaire de mon fils \u00bb, \u00e9crit-il dans un long message publi\u00e9 sur Instagram. Il y r\u00e9v\u00e8le que son enfant est atteint du syndrome GNB1, une mutation g\u00e9n\u00e9tique rare qui se manifeste par des troubles du neurod\u00e9veloppement.<\/p>\n<p class=\"paragraph text_align_left\">\u00ab Quelques mois apr\u00e8s sa naissance, nous avons commenc\u00e9 \u00e0 remarquer que Vaitoanui ne franchissait pas certaines \u00e9tapes du d\u00e9veloppement, \u00e9crit le p\u00e8re de famille. Petit \u00e0 petit, l\u2019\u00e9cart avec les autres enfants s\u2019est creus\u00e9. \u00bb<\/p>\n<p>\u00ab Vous n\u2019\u00eates pas seuls \u00bb<\/p>\n<p class=\"paragraph text_align_left\">Son petit gar\u00e7on pr\u00e9sente \u00ab un trouble du neurod\u00e9veloppement avec des difficult\u00e9s motrices, langagi\u00e8res, sensorielles, d\u00e9taille Teheiura, qui pr\u00e9cise qu\u2019\u00e0 5 ans, \u00ab il ne parle pas, ne marche pas encore seul \u00bb. Vaitoanui est malgr\u00e9 tout en bonne sant\u00e9 et avance chaque jour \u00ab avec une force incroyable \u00bb.<\/p>\n<p class=\"paragraph text_align_left\">L\u2019aventurier embl\u00e9matique de Koh-Lanta, qui a aussi particip\u00e9 \u00e0 <a href=\"https:\/\/www.leparisien.fr\/culture-loisirs\/tv\/claude-de-koh-lanta-a-fort-boyard-j-avais-envie-de-faire-toutes-les-epreuves-11-07-2020-8351253.php\" target=\"_self\" rel=\"nofollow noopener\">Fort Boyard<\/a>, g\u00e8re toute la partie motricit\u00e9. Sa femme, C\u00e9line, qui est professeure des \u00e9coles, s\u2019occupe de toute la partie apprentissage et des d\u00e9marches administratives.<\/p>\n<p class=\"paragraph text_align_left\">C\u2019est aussi elle qui a cr\u00e9\u00e9 une association, L\u2019Envol des Possibles, qui ambitionne \u00bb d\u2019ouvrir une \u00e9cole sp\u00e9cialis\u00e9e \u00e0 B\u00e9ziers en 2026 ou 2027 \u00bb pour permettre aux enfants d\u2019apprendre \u00e0 leur rythme. \u00ab \u00c0 tous les parents concern\u00e9s : vous n\u2019\u00eates pas seuls \u00bb, conclut Teheiura, en recommandant de \u00ab garder espoir \u00bb.<\/p>\n","protected":false},"excerpt":{"rendered":"\u00ab Il a 5 ans, et c\u2019est un petit gar\u00e7on tr\u00e8s sp\u00e9cial \u00bb. D\u2019un naturel tr\u00e8s discret, Teheiura&hellip;\n","protected":false},"author":2,"featured_media":109310,"comment_status":"","ping_status":"","sticky":false,"template":"","format":"standard","meta":{"footnotes":""},"categories":[2],"tags":[11,872,1011,27,12,104,2205],"class_list":{"0":"post-109309","1":"post","2":"type-post","3":"status-publish","4":"format-standard","5":"has-post-thumbnail","7":"category-actualites","8":"tag-actualites","9":"tag-culture-et-loisirs","10":"tag-fr","11":"tag-france","12":"tag-news","13":"tag-societe","14":"tag-television-medias"},"share_on_mastodon":{"url":"https:\/\/pubeurope.com\/@fr\/114528796266990320","error":""},"_links":{"self":[{"href":"https:\/\/www.europesays.com\/fr\/wp-json\/wp\/v2\/posts\/109309","targetHints":{"allow":["GET"]}}],"collection":[{"href":"https:\/\/www.europesays.com\/fr\/wp-json\/wp\/v2\/posts"}],"about":[{"href":"https:\/\/www.europesays.com\/fr\/wp-json\/wp\/v2\/types\/post"}],"author":[{"embeddable":true,"href":"https:\/\/www.europesays.com\/fr\/wp-json\/wp\/v2\/users\/2"}],"replies":[{"embeddable":true,"href":"https:\/\/www.europesays.com\/fr\/wp-json\/wp\/v2\/comments?post=109309"}],"version-history":[{"count":0,"href":"https:\/\/www.europesays.com\/fr\/wp-json\/wp\/v2\/posts\/109309\/revisions"}],"wp:featuredmedia":[{"embeddable":true,"href":"https:\/\/www.europesays.com\/fr\/wp-json\/wp\/v2\/media\/109310"}],"wp:attachment":[{"href":"https:\/\/www.europesays.com\/fr\/wp-json\/wp\/v2\/media?parent=109309"}],"wp:term":[{"taxonomy":"category","embeddable":true,"href":"https:\/\/www.europesays.com\/fr\/wp-json\/wp\/v2\/categories?post=109309"},{"taxonomy":"post_tag","embeddable":true,"href":"https:\/\/www.europesays.com\/fr\/wp-json\/wp\/v2\/tags?post=109309"}],"curies":[{"name":"wp","href":"https:\/\/api.w.org\/{rel}","templated":true}]}}