{"id":109325,"date":"2025-05-18T12:28:09","date_gmt":"2025-05-18T12:28:09","guid":{"rendered":"https:\/\/www.europesays.com\/fr\/109325\/"},"modified":"2025-05-18T12:28:09","modified_gmt":"2025-05-18T12:28:09","slug":"graines-de-jardin-les-17-et-18-mai-2025-au-jardin-des-plantes-de-rouen-76-labellise-jardin-botanique-de-france","status":"publish","type":"post","link":"https:\/\/www.europesays.com\/fr\/109325\/","title":{"rendered":"Graines de Jardin les 17 et 18 mai 2025 au Jardin des plantes de Rouen (76), labellis\u00e9 Jardin Botanique de France"},"content":{"rendered":"<p><img loading=\"lazy\" decoding=\"async\" class=\"aligncenter size-full wp-image-74175\" src=\"https:\/\/www.europesays.com\/fr\/wp-content\/uploads\/2025\/05\/Graines-de-jardin_Jardin-des-plantes_Rouen_mai_2025.png\" alt=\"Graines de Jardin les 17 et 18 mai 2025 au Jardin des plantes de Rouen (76), labellis\u00e9 Jardin Botanique de France\" width=\"419\" height=\"595\"\/><\/p>\n<p><strong>La grande f\u00eate gratuite d\u00e9di\u00e9e au jardinage, organis\u00e9e par la M\u00e9tropole Rouen Normandie et la Ville de Rouen, est de retour le week-end des 17 et 18 mai 2025 pour sa 16\u00e8me\u00e9dition\u00a0! <\/strong><\/p>\n<p class=\"p1\">Le Festival Graines de jardin est une f\u00eate des plantes organis\u00e9e par la M\u00e9tropole Rouen Normandie et la Ville de Rouen. Depuis la premi\u00e8re \u00e9dition, en 2009, l\u2019\u00e9v\u00e9nement a su rencontrer son public. Chaque ann\u00e9e, plus de 40 000 visiteurs sont accueillis dans les all\u00e9es du festival. Ce qui en fait sans doute la premi\u00e8re f\u00eate enti\u00e8rement gratuite consacr\u00e9e au jardinage en Normandie !<\/p>\n<p class=\"p1\">Une th\u00e9matique est d\u00e9clin\u00e9e, chaque ann\u00e9e, dans ses multiples facettes (l\u2019eau, l\u2019impressionnisme, les 5 sens, l\u2019Asie des jardins, les senteurs, les explorateurs, les animaux du jardin, \u2026). <strong>Pour cette nouvelle \u00e9dition qui se tiendra les 17 et 18 mai 2025 ce sont les \u00ab couleurs au jardin \u00bb qui seront mises \u00e0 l\u2019honneur.<\/strong><\/p>\n<p class=\"p2\">Cette f\u00eate des plantes se d\u00e9roule \u2013 au mois de mai \u2013 dans un cadre historique et paysager remarquable, le jardin des plantes de Rouen. Ce jardin, avec ses collections botaniques et horticoles, sa collection nationale de fuchsias, son verger conservatoire, son patrimoine arbor\u00e9, ses serres florales et tropicales, son orangerie, constitue un \u00e9tablissement de grande renomm\u00e9e, \u00e0 vocations scientifique, p\u00e9dagogique, artistique. Il a su garder aupr\u00e8s du grand public ses attraits de parc d\u2019agr\u00e9ment.<\/p>\n<p>Au programme de cet \u00e9v\u00e9nement gratuit et ouvert \u00e0 tous : plus de 100 exposants et associations, 10 stands conseils, des spectacles d\u2019art de rue, des animations, des ateliers, un vide-jardin qui regroupe chaque ann\u00e9e 50 particuliers ! <b>Retrouvez le programme complet du weekend d\u2019animations sur <\/b><a href=\"http:\/\/www.graines-de-jardin.fr\/\" target=\"_blank\" rel=\"noopener\"><b>http:\/\/www.graines-de-jardin.fr\/ <\/b><\/a><b>et le programme de la manifestation sur <\/b><strong>\u00a0<a href=\"https:\/\/www.graines-de-jardin.fr\/sites\/default\/files\/2025\/Programme-GDJ-2025.pdf\" target=\"_blank\" rel=\"noopener\">https:\/\/www.graines-de-jardin.fr\/sites\/default\/files\/2025\/Programme-GDJ-2025.pdf<\/a><\/strong><\/p>\n<p class=\"p1\"><b>Pour Nicolas Mayer-Rossignol, Pr\u00e9sident de la M\u00e9tropole Rouen Normandie, Maire de <\/b><b>Rouen, Charlotte Goujon, Vice-Pr\u00e9sidente de la M\u00e9tropole Rouen Normandie en charge de <\/b><b>la transition \u00e9cologique et Jean-Michel B\u00e9r\u00e9govoy, Adjoint au Maire en charge notamment <\/b><b>de la Ville r\u00e9siliente et de la transition \u00e9nerg\u00e9tique : <\/b>\u00ab Tr\u00e8s attendu et appr\u00e9ci\u00e9 des habitants et d\u2019un public toujours plus large, l\u2019\u00e9v\u00e9nement Graines de Jardin c\u00e9l\u00e8bre sa 16\u00e8me \u00e9dition ! V\u00e9ritable laboratoire des richesses de notre biodiversit\u00e9, ce festival est un exemple de la nature en ville que nous d\u00e9fendons. Tout un symbole pour notre m\u00e9tropole puisque nous avons remport\u00e9 le prix de Capitale fran\u00e7aise de la biodiversit\u00e9 en 2023 ! Nous sommes fiers de proposer chaque ann\u00e9e sur notre territoire le premier festival gratuit d\u00e9di\u00e9 au jardinage en France ! \u00bb<\/p>\n<p>Informations pratiques<\/p>\n<p class=\"p1\">Festival Graines de jardin<br \/>Jardin des Plantes de Rouen,\u00a0114 ter, avenue des Martyrs de la R\u00e9sistance,\u00a076100 Rouen<br \/>Horaires d\u2019ouverture : 10h \u00e0 19h<br \/>Entr\u00e9e gratuite<\/p>\n<p class=\"p1\"><b>Transports<\/b><\/p>\n<ul>\n<li class=\"p1\">En bus : Ligne F1 \u2013 Arr\u00eat Jardin des plantes ou arr\u00eat Dufay<\/li>\n<li class=\"p1\">En m\u00e9tro : Ligne direction Technop\u00f4le Saint-Etienne-du-Rouvray \u2013 Arr\u00eat Europe<\/li>\n<\/ul>\n<p class=\"p1\">Pour rappel, les transports en commun sont gratuits le samedi.<br \/>Tous les horaires sur <a href=\"https:\/\/www.myastuce.fr\/fr\" target=\"_blank\" rel=\"noopener\"><b>www.reseau-astuce.fr<\/b><\/a><\/p>\n<ul>\n<li class=\"p1\">\u00c0 v\u00e9lo : Lov\u00e9lo \u2013 Station Dufay<br \/>Parkings v\u00e9los install\u00e9s pour le festival : avenue des Martyrs-de-la-R\u00e9sistance, place des Martyrs-de-la-R\u00e9sistance et rue Dufay,<\/li>\n<li class=\"p1\">Places de stationnement PMR : place des Martyrs-de-la-R\u00e9sistance et rue Dufay.<\/li>\n<\/ul>\n","protected":false},"excerpt":{"rendered":"La grande f\u00eate gratuite d\u00e9di\u00e9e au jardinage, organis\u00e9e par la M\u00e9tropole Rouen Normandie et la Ville de Rouen,&hellip;\n","protected":false},"author":2,"featured_media":109326,"comment_status":"","ping_status":"","sticky":false,"template":"","format":"standard","meta":{"footnotes":""},"categories":[9587],"tags":[22748,1111,11,1777,674,2087,849,1011,27,22749,12703,12,5161,25,9590,5163],"class_list":{"0":"post-109325","1":"post","2":"type-post","3":"status-publish","4":"format-standard","5":"has-post-thumbnail","7":"category-rouen","8":"tag-22748","9":"tag-actu","10":"tag-actualites","11":"tag-eu","12":"tag-europe","13":"tag-evenement","14":"tag-festival","15":"tag-fr","16":"tag-france","17":"tag-graines-de-jardin","18":"tag-jardin-des-plantes","19":"tag-news","20":"tag-normandie","21":"tag-republique-francaise","22":"tag-rouen","23":"tag-seine-maritime"},"share_on_mastodon":{"url":"https:\/\/pubeurope.com\/@fr\/114528839887650702","error":""},"_links":{"self":[{"href":"https:\/\/www.europesays.com\/fr\/wp-json\/wp\/v2\/posts\/109325","targetHints":{"allow":["GET"]}}],"collection":[{"href":"https:\/\/www.europesays.com\/fr\/wp-json\/wp\/v2\/posts"}],"about":[{"href":"https:\/\/www.europesays.com\/fr\/wp-json\/wp\/v2\/types\/post"}],"author":[{"embeddable":true,"href":"https:\/\/www.europesays.com\/fr\/wp-json\/wp\/v2\/users\/2"}],"replies":[{"embeddable":true,"href":"https:\/\/www.europesays.com\/fr\/wp-json\/wp\/v2\/comments?post=109325"}],"version-history":[{"count":0,"href":"https:\/\/www.europesays.com\/fr\/wp-json\/wp\/v2\/posts\/109325\/revisions"}],"wp:featuredmedia":[{"embeddable":true,"href":"https:\/\/www.europesays.com\/fr\/wp-json\/wp\/v2\/media\/109326"}],"wp:attachment":[{"href":"https:\/\/www.europesays.com\/fr\/wp-json\/wp\/v2\/media?parent=109325"}],"wp:term":[{"taxonomy":"category","embeddable":true,"href":"https:\/\/www.europesays.com\/fr\/wp-json\/wp\/v2\/categories?post=109325"},{"taxonomy":"post_tag","embeddable":true,"href":"https:\/\/www.europesays.com\/fr\/wp-json\/wp\/v2\/tags?post=109325"}],"curies":[{"name":"wp","href":"https:\/\/api.w.org\/{rel}","templated":true}]}}