{"id":109341,"date":"2025-05-18T12:38:02","date_gmt":"2025-05-18T12:38:02","guid":{"rendered":"https:\/\/www.europesays.com\/fr\/109341\/"},"modified":"2025-05-18T12:38:02","modified_gmt":"2025-05-18T12:38:02","slug":"panne-electrique-a-coueron-le-trafic-sncf-tres-perturbe-entre-nantes-saint-nazaire-et-redon-2","status":"publish","type":"post","link":"https:\/\/www.europesays.com\/fr\/109341\/","title":{"rendered":"Panne \u00e9lectrique \u00e0 Cou\u00ebron\u00a0: le trafic SNCF tr\u00e8s perturb\u00e9 entre Nantes Saint-Nazaire et Redon"},"content":{"rendered":"<p>Le courant de passe plus sur le r\u00e9seau ferroviaire \u00e0 Cou\u00ebron, vendredi 16\u00a0mai. Alors que les d\u00e9parts en week-end approchent, la SNCF doit faire face \u00e0 un d\u00e9faut d\u2019alimentation \u00e9lectrique entre Nantes et Savenay.<\/p>\n<p>\n                Nous avons bloqu\u00e9 l\u2019affichage de ce contenu pour respecter vos choix en mati\u00e8re de cookies.<br \/>En cliquant sur \u00abConsulter\u00bb, vous acceptez le d\u00e9p\u00f4t de cookies par des services de r\u00e9seaux sociaux tels que Twitter.<br \/>\n                Consulter\n            <\/p>\n<blockquote class=\"twitter-tweet\" wp_automatic_readability=\"7.9919571045576\">\n<p lang=\"fr\" dir=\"ltr\">?? Le trafic est tr\u00e8s fortement perturb\u00e9 sur les lignes <a href=\"https:\/\/twitter.com\/hashtag\/Nantes?src=hash&amp;ref_src=twsrc%5Etfw\" target=\"_blank\" rel=\"noopener\">#Nantes<\/a>??<a href=\"https:\/\/twitter.com\/hashtag\/Savenay?src=hash&amp;ref_src=twsrc%5Etfw\" target=\"_blank\" rel=\"noopener\">#Savenay<\/a>, <a href=\"https:\/\/twitter.com\/hashtag\/Nantes?src=hash&amp;ref_src=twsrc%5Etfw\" target=\"_blank\" rel=\"noopener\">#Nantes<\/a>??<a href=\"https:\/\/twitter.com\/hashtag\/Redon?src=hash&amp;ref_src=twsrc%5Etfw\" target=\"_blank\" rel=\"noopener\">#Redon<\/a>, <a href=\"https:\/\/twitter.com\/hashtag\/Nantes?src=hash&amp;ref_src=twsrc%5Etfw\" target=\"_blank\" rel=\"noopener\">#Nantes<\/a>??<a href=\"https:\/\/twitter.com\/hashtag\/StNazaire?src=hash&amp;ref_src=twsrc%5Etfw\" target=\"_blank\" rel=\"noopener\">#StNazaire<\/a>??<a href=\"https:\/\/twitter.com\/hashtag\/LeCroisic?src=hash&amp;ref_src=twsrc%5Etfw\" target=\"_blank\" rel=\"noopener\">#LeCroisic<\/a>.<\/p>\n<p>?????? Un d\u00e9faut d&rsquo;alimentation \u00e9lectrique \u00e0 <a href=\"https:\/\/twitter.com\/hashtag\/Cou%C3%ABron?src=hash&amp;ref_src=twsrc%5Etfw\" target=\"_blank\" rel=\"noopener\">#Cou\u00ebron<\/a> requiert la pr\u00e9sence de nos \u00e9quipes sur place pour effectuer des v\u00e9rifications. La reprise fluide du\u2026 <a href=\"https:\/\/t.co\/tJMqBTkMYO\">pic.twitter.com\/tJMqBTkMYO<\/a><\/p>\n<p>\u2014 TER Pays de la Loire (@TERPays2LaLoire) <a href=\"https:\/\/twitter.com\/TERPays2LaLoire\/status\/1923336415749792009?ref_src=twsrc%5Etfw\" target=\"_blank\" rel=\"noopener\">May 16, 2025<\/a><\/p><\/blockquote>\n<p>Les lignes entre la pr\u00e9fecture et Redon, Savenay, Saint-Nazaire et Le Croisic sont touch\u00e9es par la d\u00e9faillance. Sur son compte X.com, TER Pays de la Loire indique que <strong>\u00ab\u00a0des retards et suppressions sont \u00e0 pr\u00e9voir\u00a0\u00bb<\/strong> <strong\/> et invite les voyageurs \u00e0 <strong>\u00ab\u00a0v\u00e9rifier vos horaires avant de vous rendre en gare\u00a0\u00bb.<\/strong><\/p>\n<p>L\u2019heure de reprise du trafic est, pour le moment estim\u00e9e \u00e0 15\u00a0h.<\/p>\n<p>\u00a0<\/p>\n<p>\t\t<script async src=\"https:\/\/platform.twitter.com\/widgets.js\" charset=\"utf-8\"><\/script><\/p>\n","protected":false},"excerpt":{"rendered":"Le courant de passe plus sur le r\u00e9seau ferroviaire \u00e0 Cou\u00ebron, vendredi 16\u00a0mai. Alors que les d\u00e9parts en&hellip;\n","protected":false},"author":2,"featured_media":105326,"comment_status":"","ping_status":"","sticky":false,"template":"","format":"standard","meta":{"footnotes":""},"categories":[2818],"tags":[1111,11,22217,8722,1777,674,1011,27,766,12,10899,2636,9777,3086,25,3272,2215,1097,933],"class_list":{"0":"post-109341","1":"post","2":"type-post","3":"status-publish","4":"format-standard","5":"has-post-thumbnail","7":"category-nantes","8":"tag-actu","9":"tag-actualites","10":"tag-coueron","11":"tag-electrique","12":"tag-eu","13":"tag-europe","14":"tag-fr","15":"tag-france","16":"tag-nantes","17":"tag-news","18":"tag-panne","19":"tag-pays-de-la-loire","20":"tag-perturbe","21":"tag-redon","22":"tag-republique-francaise","23":"tag-saint-nazaire","24":"tag-sncf","25":"tag-trafic","26":"tag-tres"},"share_on_mastodon":{"url":"https:\/\/pubeurope.com\/@fr\/114528879012974773","error":""},"_links":{"self":[{"href":"https:\/\/www.europesays.com\/fr\/wp-json\/wp\/v2\/posts\/109341","targetHints":{"allow":["GET"]}}],"collection":[{"href":"https:\/\/www.europesays.com\/fr\/wp-json\/wp\/v2\/posts"}],"about":[{"href":"https:\/\/www.europesays.com\/fr\/wp-json\/wp\/v2\/types\/post"}],"author":[{"embeddable":true,"href":"https:\/\/www.europesays.com\/fr\/wp-json\/wp\/v2\/users\/2"}],"replies":[{"embeddable":true,"href":"https:\/\/www.europesays.com\/fr\/wp-json\/wp\/v2\/comments?post=109341"}],"version-history":[{"count":0,"href":"https:\/\/www.europesays.com\/fr\/wp-json\/wp\/v2\/posts\/109341\/revisions"}],"wp:featuredmedia":[{"embeddable":true,"href":"https:\/\/www.europesays.com\/fr\/wp-json\/wp\/v2\/media\/105326"}],"wp:attachment":[{"href":"https:\/\/www.europesays.com\/fr\/wp-json\/wp\/v2\/media?parent=109341"}],"wp:term":[{"taxonomy":"category","embeddable":true,"href":"https:\/\/www.europesays.com\/fr\/wp-json\/wp\/v2\/categories?post=109341"},{"taxonomy":"post_tag","embeddable":true,"href":"https:\/\/www.europesays.com\/fr\/wp-json\/wp\/v2\/tags?post=109341"}],"curies":[{"name":"wp","href":"https:\/\/api.w.org\/{rel}","templated":true}]}}