{"id":1093446,"date":"2026-07-28T19:21:41","date_gmt":"2026-07-28T19:21:41","guid":{"rendered":"https:\/\/www.europesays.com\/fr\/1093446\/"},"modified":"2026-07-28T19:21:41","modified_gmt":"2026-07-28T19:21:41","slug":"transferts-marseille-veut-renforcer-deux-postes-en-priorite","status":"publish","type":"post","link":"https:\/\/www.europesays.com\/fr\/1093446\/","title":{"rendered":"Transferts : Marseille veut renforcer deux postes en priorit\u00e9"},"content":{"rendered":"<p style=\"text-align: justify;\"><strong>TRANSFERTS LIGUE 1 \u2013 En conf\u00e9rence de presse, Bruno Genesio a confi\u00e9 que l\u2019Olympique de Marseille voulait se renforcer \u00e0 deux postes en priorit\u00e9.<\/strong><\/p>\n<p style=\"text-align: justify;\">L\u2019<strong>Olympique de Marseille<\/strong> n\u2019a pour le moment pas recrut\u00e9 depuis l\u2019ouverture du mercato estival. Les <strong>Olympiens<\/strong> ont r\u00e9ussi \u00e0 se s\u00e9parer de trois joueurs pour le moment, <a href=\"https:\/\/dicodusport.fr\/blog\/mason-greenwood-a-quitte-marseille-ce-que-lom-va-recuperer-sur-le-transfert\/\" rel=\"nofollow noopener\" target=\"_blank\">dont Mason Greenwood<\/a>. L\u2019ailier anglais a sign\u00e9 au Fenerbah\u00e7e contre 39 millions d\u2019euros. <strong>Hamed Traor\u00e9<\/strong> et <strong>Pierre-Emerick<\/strong> <strong>Aubameyang<\/strong> ont aussi quitt\u00e9 le club.<\/p>\n<p><a href=\"https:\/\/dicodusport.fr\/blog\/mercato-om-2026-2027-le-tableau-complet-des-transferts-arrivees-et-departs\/\" class=\"vlp-link\" title=\"Mercato OM 2026-2027 : Le tableau complet des transferts, arriv\u00e9es et d\u00e9parts\" rel=\"nofollow noopener\" target=\"_blank\"><img loading=\"lazy\" decoding=\"async\" style=\"max-width: 792px;\" width=\"792\" height=\"445\" class=\"attachment-800x445 size-800x445 perfmatters-lazy\" alt=\"Mercato OM 2026-2027 Le tableau complet des transferts, arriv\u00e9es et d\u00e9parts\" src=\"https:\/\/www.europesays.com\/fr\/wp-content\/uploads\/2026\/07\/Mercato-OM-2026-2027-Le-tableau-complet-des-transferts-arrivees-et-departs.png\"  data-\/><\/p>\n<p>Mercato OM 2026-2027 : Le tableau complet des transferts, arriv\u00e9es et d\u00e9parts<\/p>\n<p>TRANSFERTS OM &#8211; Retrouvez tous les mouvements de l&rsquo;Olympique de Marseille pour l&rsquo;intersaison 2026 en Ligue 1. Arriv\u00e9es, d\u00e9parts, pr\u00eats, transferts d\u00e9finitifs, ne ratez rien du mercato estival.\u00a0<\/p>\n<p>Lire l&rsquo;article<\/p>\n<p>dicodusport.fr<\/p>\n<p>Marseille veut renforcer son c\u00f4t\u00e9 droit<\/p>\n<p style=\"text-align: justify;\">Les Phoc\u00e9ens doivent encore d\u00e9graisser avant de pouvoir acheter, mais le nouvel entra\u00eeneur, <strong>Bruno<\/strong> <strong>Genesio<\/strong>, a d\u00e9j\u00e0 identifi\u00e9 les priorit\u00e9s de recrutement. L\u2019OM est logiquement en qu\u00eate d\u2019un ailier droit pour remplacer <strong>Mason<\/strong> <strong>Greenwood<\/strong>. Si <strong>Timothy<\/strong> <strong>Weah<\/strong> peut \u00e9voluer \u00e0 ce poste, l\u2019ancien coach de l\u2019Olympique Lyonnais aimerait un sp\u00e9cialiste du poste pour remplacer l\u2019Anglais.<\/p>\n<p style=\"text-align: justify;\">Les <strong>Olympiens<\/strong> disposeront d\u2019un budget limit\u00e9 pour leur recrutement et restent donc \u00e0 l\u2019aff\u00fbt des bonnes affaires. En plus d\u2019un ailier droit, Bruno Genesio aimerait aussi un lat\u00e9ral droit. Le nouvel homme fort du sportif \u00e0 Marseille souhaiterait donc \u00e9toffer l\u2019ensemble de son couloir droit. L\u2019<strong>OM<\/strong> a encore un mois pour trouver des renforts avant la cl\u00f4ture du mercato.<\/p>\n","protected":false},"excerpt":{"rendered":"TRANSFERTS LIGUE 1 \u2013 En conf\u00e9rence de presse, Bruno Genesio a confi\u00e9 que l\u2019Olympique de Marseille voulait se&hellip;\n","protected":false},"author":2,"featured_media":1093447,"comment_status":"","ping_status":"","sticky":false,"template":"","format":"standard","meta":{"footnotes":"","_share_on_mastodon":"0"},"categories":[2814],"tags":[1111,11,2113,1777,674,1011,27,884,12,149,882,25,112495,48444,33137],"class_list":["post-1093446","post","type-post","status-publish","format-standard","has-post-thumbnail","category-marseille","tag-actu","tag-actualites","tag-breve","tag-eu","tag-europe","tag-fr","tag-france","tag-marseille","tag-news","tag-om","tag-provence-alpes-cote-dazur","tag-republique-francaise","tag-transferts-ligue-1","tag-transferts-om","tag-transferts-football"],"share_on_mastodon":{"url":"https:\/\/pubeurope.com\/@fr\/116999232697027680","error":""},"_links":{"self":[{"href":"https:\/\/www.europesays.com\/fr\/wp-json\/wp\/v2\/posts\/1093446","targetHints":{"allow":["GET"]}}],"collection":[{"href":"https:\/\/www.europesays.com\/fr\/wp-json\/wp\/v2\/posts"}],"about":[{"href":"https:\/\/www.europesays.com\/fr\/wp-json\/wp\/v2\/types\/post"}],"author":[{"embeddable":true,"href":"https:\/\/www.europesays.com\/fr\/wp-json\/wp\/v2\/users\/2"}],"replies":[{"embeddable":true,"href":"https:\/\/www.europesays.com\/fr\/wp-json\/wp\/v2\/comments?post=1093446"}],"version-history":[{"count":0,"href":"https:\/\/www.europesays.com\/fr\/wp-json\/wp\/v2\/posts\/1093446\/revisions"}],"wp:featuredmedia":[{"embeddable":true,"href":"https:\/\/www.europesays.com\/fr\/wp-json\/wp\/v2\/media\/1093447"}],"wp:attachment":[{"href":"https:\/\/www.europesays.com\/fr\/wp-json\/wp\/v2\/media?parent=1093446"}],"wp:term":[{"taxonomy":"category","embeddable":true,"href":"https:\/\/www.europesays.com\/fr\/wp-json\/wp\/v2\/categories?post=1093446"},{"taxonomy":"post_tag","embeddable":true,"href":"https:\/\/www.europesays.com\/fr\/wp-json\/wp\/v2\/tags?post=1093446"}],"curies":[{"name":"wp","href":"https:\/\/api.w.org\/{rel}","templated":true}]}}