{"id":1093471,"date":"2026-07-28T19:41:16","date_gmt":"2026-07-28T19:41:16","guid":{"rendered":"https:\/\/www.europesays.com\/fr\/1093471\/"},"modified":"2026-07-28T19:41:16","modified_gmt":"2026-07-28T19:41:16","slug":"pompiers-des-renforts-venus-de-toute-leurope","status":"publish","type":"post","link":"https:\/\/www.europesays.com\/fr\/1093471\/","title":{"rendered":"Pompiers : des renforts venus de toute l&rsquo;Europe"},"content":{"rendered":"<p class=\"jsx-a2e2feb2a010d590 Time\">Publi\u00e9 le 28 juillet 2026 \u00e0 19h57<\/p>\n<p class=\"jsx-434962304 jsx-2164199691 ExpandableText__Text\">En Gironde, face au risque d&#8217;embrasement, les pompiers fran\u00e7ais peuvent compter sur l&rsquo;appui de leurs confr\u00e8res europ\u00e9ens. Au-del\u00e0 des moyens a\u00e9riens envoy\u00e9s par les Portugais, Su\u00e9dois ou encore Croates, sur le terrain, des hommes venus de Suisse se battent \u00e0 leurs c\u00f4t\u00e9s. Malgr\u00e9 quelques diff\u00e9rences, une tenue jaune, des tuyaux verts, le m\u00e9tier reste le m\u00eame : lutter ensemble contre les flammes. Cette ann\u00e9e, comme en 2022, ces renforts sont essentiels et la collaboration entre Europ\u00e9ens est mieux rod\u00e9e.<\/p>\n<p>Lire plusReplier<\/p>\n","protected":false},"excerpt":{"rendered":"Publi\u00e9 le 28 juillet 2026 \u00e0 19h57 En Gironde, face au risque d&#8217;embrasement, les pompiers fran\u00e7ais peuvent compter&hellip;\n","protected":false},"author":2,"featured_media":1093472,"comment_status":"","ping_status":"","sticky":false,"template":"","format":"standard","meta":{"footnotes":"","_share_on_mastodon":"0"},"categories":[1586],"tags":[11,1777,674,1011,27,22817,2952,12,4775,2543,25,133,7166],"class_list":["post-1093471","post","type-post","status-publish","format-standard","has-post-thumbnail","category-europe","tag-actualites","tag-eu","tag-europe","tag-fr","tag-france","tag-initiatives-positives-et-vie-en-communaute","tag-le-20h","tag-news","tag-pompier","tag-relations-internationales","tag-republique-francaise","tag-video","tag-video-initiatives-positives"],"share_on_mastodon":{"url":"https:\/\/pubeurope.com\/@fr\/116999309818169465","error":""},"_links":{"self":[{"href":"https:\/\/www.europesays.com\/fr\/wp-json\/wp\/v2\/posts\/1093471","targetHints":{"allow":["GET"]}}],"collection":[{"href":"https:\/\/www.europesays.com\/fr\/wp-json\/wp\/v2\/posts"}],"about":[{"href":"https:\/\/www.europesays.com\/fr\/wp-json\/wp\/v2\/types\/post"}],"author":[{"embeddable":true,"href":"https:\/\/www.europesays.com\/fr\/wp-json\/wp\/v2\/users\/2"}],"replies":[{"embeddable":true,"href":"https:\/\/www.europesays.com\/fr\/wp-json\/wp\/v2\/comments?post=1093471"}],"version-history":[{"count":0,"href":"https:\/\/www.europesays.com\/fr\/wp-json\/wp\/v2\/posts\/1093471\/revisions"}],"wp:featuredmedia":[{"embeddable":true,"href":"https:\/\/www.europesays.com\/fr\/wp-json\/wp\/v2\/media\/1093472"}],"wp:attachment":[{"href":"https:\/\/www.europesays.com\/fr\/wp-json\/wp\/v2\/media?parent=1093471"}],"wp:term":[{"taxonomy":"category","embeddable":true,"href":"https:\/\/www.europesays.com\/fr\/wp-json\/wp\/v2\/categories?post=1093471"},{"taxonomy":"post_tag","embeddable":true,"href":"https:\/\/www.europesays.com\/fr\/wp-json\/wp\/v2\/tags?post=1093471"}],"curies":[{"name":"wp","href":"https:\/\/api.w.org\/{rel}","templated":true}]}}